{"id":3226,"date":"2013-01-14T00:32:04","date_gmt":"2013-01-14T03:32:04","guid":{"rendered":"http:\/\/www.curva1.com.ar\/?p=3226"},"modified":"2013-01-14T20:12:48","modified_gmt":"2013-01-14T23:12:48","slug":"la-lluvia-suspendio-la-fecha-inicial-del-speedway-el-santo","status":"publish","type":"post","link":"https:\/\/curva1.com.ar\/?p=3226","title":{"rendered":"La lluvia suspendi\u00f3 la fecha inicial del Speedway El Santo"},"content":{"rendered":"<p><img loading=\"lazy\" decoding=\"async\" class=\"aligncenter size-full wp-image-3227\" alt=\"IMG_5rr635\" src=\"http:\/\/www.curva1.com.ar\/wp-content\/uploads\/2013\/01\/IMG_5rr635.jpg\" width=\"600\" height=\"337\" srcset=\"https:\/\/curva1.com.ar\/wp-content\/uploads\/2013\/01\/IMG_5rr635.jpg 600w, https:\/\/curva1.com.ar\/wp-content\/uploads\/2013\/01\/IMG_5rr635-300x169.jpg 300w\" sizes=\"auto, (max-width: 600px) 100vw, 600px\" \/><\/p>\n<p>Pareciera ser un cl\u00e1sico. La lluvia nuevamente fue protagonista en el inicio del Speedway de Rodeo del Medio.<\/p>\n<p>El a\u00f1o pasado no se pudo ni comenzar el espect\u00e1culo, mientras que en esta ocasi\u00f3n la primera cita se suspendi\u00f3 cuando restaban por disputarse todas las finales.<\/p>\n<p>Dar\u00edo Dur\u00e1n hab\u00eda triunfado en la categor\u00eda 850 de autos, mientras que William S\u00e1nchez y Flavio Mart\u00ednez se quedaron con las dos series de los Speedweros.<\/p>\n<p>A pesar de la lluvia, el &#8220;ohhhhh&#8221; de la gente se hizo notar dos veces, con los vuelcos de Ariel Mart\u00ednez en la primera serie de Speedweros y el de Gabriel Bombini en la segunda bater\u00eda.<\/p>\n<p>Ya se hab\u00edan desarrollado las series de Ciclomotores, 110 cc, motos speedweras y S\u00fapercross.<\/p>\n<figure id=\"attachment_3230\" aria-describedby=\"caption-attachment-3230\" style=\"width: 600px\" class=\"wp-caption aligncenter\"><img loading=\"lazy\" decoding=\"async\" class=\"size-full wp-image-3230\" alt=\"ARIEL MARTINEZ\" src=\"http:\/\/www.curva1.com.ar\/wp-content\/uploads\/2013\/01\/IMG_560sss6.jpg\" width=\"600\" height=\"337\" srcset=\"https:\/\/curva1.com.ar\/wp-content\/uploads\/2013\/01\/IMG_560sss6.jpg 600w, https:\/\/curva1.com.ar\/wp-content\/uploads\/2013\/01\/IMG_560sss6-300x169.jpg 300w\" sizes=\"auto, (max-width: 600px) 100vw, 600px\" \/><figcaption id=\"caption-attachment-3230\" class=\"wp-caption-text\">VUELCO DE ARIEL MARTINEZ<\/figcaption><\/figure>\n<figure id=\"attachment_3231\" aria-describedby=\"caption-attachment-3231\" style=\"width: 600px\" class=\"wp-caption aligncenter\"><img loading=\"lazy\" decoding=\"async\" class=\"size-full wp-image-3231\" alt=\"GABRIEL BOMBINI\" src=\"http:\/\/www.curva1.com.ar\/wp-content\/uploads\/2013\/01\/IMG_56fa51.jpg\" width=\"600\" height=\"337\" srcset=\"https:\/\/curva1.com.ar\/wp-content\/uploads\/2013\/01\/IMG_56fa51.jpg 600w, https:\/\/curva1.com.ar\/wp-content\/uploads\/2013\/01\/IMG_56fa51-300x169.jpg 300w\" sizes=\"auto, (max-width: 600px) 100vw, 600px\" \/><figcaption id=\"caption-attachment-3231\" class=\"wp-caption-text\">GABRIEL BOMBINI Y SU AUTO VOLCADO<\/figcaption><\/figure>\n<p>&nbsp;<\/p>\n<p>&nbsp;<\/p>\n","protected":false},"excerpt":{"rendered":"<p>Pareciera ser un cl\u00e1sico. La lluvia nuevamente fue protagonista en el inicio del Speedway de<\/p>\n","protected":false},"author":1,"featured_media":3230,"comment_status":"open","ping_status":"closed","sticky":false,"template":"","format":"standard","meta":{"footnotes":""},"categories":[5],"tags":[],"class_list":["post-3226","post","type-post","status-publish","format-standard","has-post-thumbnail","hentry","category-speedway"],"featured_image_urls":{"full":["https:\/\/curva1.com.ar\/wp-content\/uploads\/2013\/01\/IMG_560sss6.jpg",600,337,false],"thumbnail":["https:\/\/curva1.com.ar\/wp-content\/uploads\/2013\/01\/IMG_560sss6-300x169.jpg",300,169,true],"medium":["https:\/\/curva1.com.ar\/wp-content\/uploads\/2013\/01\/IMG_560sss6.jpg",600,337,false],"medium_large":["https:\/\/curva1.com.ar\/wp-content\/uploads\/2013\/01\/IMG_560sss6.jpg",600,337,false],"large":["https:\/\/curva1.com.ar\/wp-content\/uploads\/2013\/01\/IMG_560sss6.jpg",600,337,false],"1536x1536":["https:\/\/curva1.com.ar\/wp-content\/uploads\/2013\/01\/IMG_560sss6.jpg",600,337,false],"2048x2048":["https:\/\/curva1.com.ar\/wp-content\/uploads\/2013\/01\/IMG_560sss6.jpg",600,337,false],"chromenews-featured":["https:\/\/curva1.com.ar\/wp-content\/uploads\/2013\/01\/IMG_560sss6.jpg",600,337,false],"chromenews-large":["https:\/\/curva1.com.ar\/wp-content\/uploads\/2013\/01\/IMG_560sss6.jpg",600,337,false],"chromenews-medium":["https:\/\/curva1.com.ar\/wp-content\/uploads\/2013\/01\/IMG_560sss6.jpg",590,331,false]},"author_info":{"display_name":"Jos\u00e9 Bravo","author_link":"https:\/\/curva1.com.ar\/?author=1"},"category_info":"<a href=\"https:\/\/curva1.com.ar\/?cat=5\" rel=\"category\">Speedway<\/a>","tag_info":"Speedway","comment_count":"0","_links":{"self":[{"href":"https:\/\/curva1.com.ar\/index.php?rest_route=\/wp\/v2\/posts\/3226","targetHints":{"allow":["GET"]}}],"collection":[{"href":"https:\/\/curva1.com.ar\/index.php?rest_route=\/wp\/v2\/posts"}],"about":[{"href":"https:\/\/curva1.com.ar\/index.php?rest_route=\/wp\/v2\/types\/post"}],"author":[{"embeddable":true,"href":"https:\/\/curva1.com.ar\/index.php?rest_route=\/wp\/v2\/users\/1"}],"replies":[{"embeddable":true,"href":"https:\/\/curva1.com.ar\/index.php?rest_route=%2Fwp%2Fv2%2Fcomments&post=3226"}],"version-history":[{"count":6,"href":"https:\/\/curva1.com.ar\/index.php?rest_route=\/wp\/v2\/posts\/3226\/revisions"}],"predecessor-version":[{"id":3233,"href":"https:\/\/curva1.com.ar\/index.php?rest_route=\/wp\/v2\/posts\/3226\/revisions\/3233"}],"wp:featuredmedia":[{"embeddable":true,"href":"https:\/\/curva1.com.ar\/index.php?rest_route=\/wp\/v2\/media\/3230"}],"wp:attachment":[{"href":"https:\/\/curva1.com.ar\/index.php?rest_route=%2Fwp%2Fv2%2Fmedia&parent=3226"}],"wp:term":[{"taxonomy":"category","embeddable":true,"href":"https:\/\/curva1.com.ar\/index.php?rest_route=%2Fwp%2Fv2%2Fcategories&post=3226"},{"taxonomy":"post_tag","embeddable":true,"href":"https:\/\/curva1.com.ar\/index.php?rest_route=%2Fwp%2Fv2%2Ftags&post=3226"}],"curies":[{"name":"wp","href":"https:\/\/api.w.org\/{rel}","templated":true}]}}