{"id":32438,"date":"2020-09-05T13:34:53","date_gmt":"2020-09-05T16:34:53","guid":{"rendered":"http:\/\/curva1.com.ar\/?p=32438"},"modified":"2020-09-05T13:34:53","modified_gmt":"2020-09-05T16:34:53","slug":"primera-prueba-de-moreno-en-el-tc-tradicional-ex-bonaerense","status":"publish","type":"post","link":"https:\/\/curva1.com.ar\/?p=32438","title":{"rendered":"Primera prueba de Moreno en el TC Tradicional ex bonaerense"},"content":{"rendered":"<p><img loading=\"lazy\" decoding=\"async\" class=\"aligncenter size-full wp-image-32439\" src=\"http:\/\/curva1.com.ar\/wp-content\/uploads\/2020\/09\/118616062_3269850259746793_1965703586213951804_n.jpg\" alt=\"\" width=\"960\" height=\"540\" srcset=\"https:\/\/curva1.com.ar\/wp-content\/uploads\/2020\/09\/118616062_3269850259746793_1965703586213951804_n.jpg 960w, https:\/\/curva1.com.ar\/wp-content\/uploads\/2020\/09\/118616062_3269850259746793_1965703586213951804_n-300x169.jpg 300w, https:\/\/curva1.com.ar\/wp-content\/uploads\/2020\/09\/118616062_3269850259746793_1965703586213951804_n-768x432.jpg 768w, https:\/\/curva1.com.ar\/wp-content\/uploads\/2020\/09\/118616062_3269850259746793_1965703586213951804_n-700x394.jpg 700w\" sizes=\"auto, (max-width: 960px) 100vw, 960px\" \/><\/p>\n<p>Ricardo Moreno prob\u00f3 en el asfalto de San Mart\u00edn el auto que adquiri\u00f3 en Buenos Aires y que usar\u00e1 en el TC Tradicional.<\/p>\n<p>El piloto qued\u00f3 sorprendido por la potencia y andar del auto y lo compar\u00f3 con su Ford de TC Cuyano. Esto dijo en la entrevista:<\/p>\n<p style=\"text-align: center;\"><iframe loading=\"lazy\" src=\"https:\/\/www.youtube.com\/embed\/dWWExKXw3aA\" width=\"560\" height=\"315\" frameborder=\"0\" allowfullscreen=\"allowfullscreen\"><\/iframe><\/p>\n","protected":false},"excerpt":{"rendered":"<p>Ricardo Moreno prob\u00f3 en el asfalto de San Mart\u00edn el auto que adquiri\u00f3 en Buenos<\/p>\n","protected":false},"author":1,"featured_media":32439,"comment_status":"closed","ping_status":"closed","sticky":false,"template":"","format":"video","meta":{"footnotes":""},"categories":[3],"tags":[],"class_list":["post-32438","post","type-post","status-publish","format-video","has-post-thumbnail","hentry","category-tradicionales","post_format-post-format-video"],"featured_image_urls":{"full":["https:\/\/curva1.com.ar\/wp-content\/uploads\/2020\/09\/118616062_3269850259746793_1965703586213951804_n.jpg",960,540,false],"thumbnail":["https:\/\/curva1.com.ar\/wp-content\/uploads\/2020\/09\/118616062_3269850259746793_1965703586213951804_n-300x169.jpg",300,169,true],"medium":["https:\/\/curva1.com.ar\/wp-content\/uploads\/2020\/09\/118616062_3269850259746793_1965703586213951804_n.jpg",960,540,false],"medium_large":["https:\/\/curva1.com.ar\/wp-content\/uploads\/2020\/09\/118616062_3269850259746793_1965703586213951804_n-768x432.jpg",640,360,true],"large":["https:\/\/curva1.com.ar\/wp-content\/uploads\/2020\/09\/118616062_3269850259746793_1965703586213951804_n.jpg",640,360,false],"1536x1536":["https:\/\/curva1.com.ar\/wp-content\/uploads\/2020\/09\/118616062_3269850259746793_1965703586213951804_n.jpg",960,540,false],"2048x2048":["https:\/\/curva1.com.ar\/wp-content\/uploads\/2020\/09\/118616062_3269850259746793_1965703586213951804_n.jpg",960,540,false],"chromenews-featured":["https:\/\/curva1.com.ar\/wp-content\/uploads\/2020\/09\/118616062_3269850259746793_1965703586213951804_n.jpg",960,540,false],"chromenews-large":["https:\/\/curva1.com.ar\/wp-content\/uploads\/2020\/09\/118616062_3269850259746793_1965703586213951804_n.jpg",825,464,false],"chromenews-medium":["https:\/\/curva1.com.ar\/wp-content\/uploads\/2020\/09\/118616062_3269850259746793_1965703586213951804_n.jpg",590,332,false]},"author_info":{"display_name":"Jos\u00e9 Bravo","author_link":"https:\/\/curva1.com.ar\/?author=1"},"category_info":"<a href=\"https:\/\/curva1.com.ar\/?cat=3\" rel=\"category\">Tradicionales<\/a>","tag_info":"Tradicionales","comment_count":"0","yoast_head":"<!-- This site is optimized with the Yoast SEO Premium plugin v14.7 - https:\/\/yoast.com\/wordpress\/plugins\/seo\/ -->\n<title>Primera prueba de Moreno en el TC Tradicional ex bonaerense - Curva 1<\/title>\n<meta name=\"robots\" content=\"index, follow\" \/>\n<meta name=\"googlebot\" content=\"index, follow, max-snippet:-1, max-image-preview:large, max-video-preview:-1\" \/>\n<meta name=\"bingbot\" content=\"index, follow, max-snippet:-1, max-image-preview:large, max-video-preview:-1\" \/>\n<link rel=\"canonical\" href=\"https:\/\/curva1.com.ar\/?p=32438\" \/>\n<meta property=\"og:locale\" content=\"en_US\" \/>\n<meta property=\"og:type\" content=\"article\" \/>\n<meta property=\"og:title\" content=\"Primera prueba de Moreno en el TC Tradicional ex bonaerense - Curva 1\" \/>\n<meta property=\"og:description\" content=\"Ricardo Moreno prob\u00f3 en el asfalto de San Mart\u00edn el auto que adquiri\u00f3 en Buenos\" \/>\n<meta property=\"og:url\" content=\"https:\/\/curva1.com.ar\/?p=32438\" \/>\n<meta property=\"og:site_name\" content=\"Curva 1\" \/>\n<meta property=\"article:publisher\" content=\"https:\/\/www.facebook.com\/revistacurva1\/\" \/>\n<meta property=\"article:published_time\" content=\"2020-09-05T16:34:53+00:00\" \/>\n<meta property=\"og:image\" content=\"https:\/\/curva1.com.ar\/wp-content\/uploads\/2020\/09\/118616062_3269850259746793_1965703586213951804_n.jpg\" \/>\n\t<meta property=\"og:image:width\" content=\"960\" \/>\n\t<meta property=\"og:image:height\" content=\"540\" \/>\n<meta property=\"fb:app_id\" content=\"1593067817533208\" \/>\n<meta name=\"twitter:card\" content=\"summary_large_image\" \/>\n<meta name=\"twitter:creator\" content=\"@curva1mendoza\" \/>\n<meta name=\"twitter:site\" content=\"@curva1mendoza\" \/>\n<script type=\"application\/ld+json\" class=\"yoast-schema-graph\">{\"@context\":\"https:\/\/schema.org\",\"@graph\":[{\"@type\":\"WebSite\",\"@id\":\"https:\/\/curva1.com.ar\/#website\",\"url\":\"https:\/\/curva1.com.ar\/\",\"name\":\"Curva 1\",\"description\":\"Automovilismo de Mendoza\",\"potentialAction\":[{\"@type\":\"SearchAction\",\"target\":\"https:\/\/curva1.com.ar\/?s={search_term_string}\",\"query-input\":\"required name=search_term_string\"}],\"inLanguage\":\"en-US\"},{\"@type\":\"ImageObject\",\"@id\":\"https:\/\/curva1.com.ar\/?p=32438#primaryimage\",\"inLanguage\":\"en-US\",\"url\":\"https:\/\/curva1.com.ar\/wp-content\/uploads\/2020\/09\/118616062_3269850259746793_1965703586213951804_n.jpg\",\"width\":960,\"height\":540},{\"@type\":\"WebPage\",\"@id\":\"https:\/\/curva1.com.ar\/?p=32438#webpage\",\"url\":\"https:\/\/curva1.com.ar\/?p=32438\",\"name\":\"Primera prueba de Moreno en el TC Tradicional ex bonaerense - Curva 1\",\"isPartOf\":{\"@id\":\"https:\/\/curva1.com.ar\/#website\"},\"primaryImageOfPage\":{\"@id\":\"https:\/\/curva1.com.ar\/?p=32438#primaryimage\"},\"datePublished\":\"2020-09-05T16:34:53+00:00\",\"dateModified\":\"2020-09-05T16:34:53+00:00\",\"author\":{\"@id\":\"https:\/\/curva1.com.ar\/#\/schema\/person\/f5fd12984d70df7314fbd9ab42f31033\"},\"inLanguage\":\"en-US\",\"potentialAction\":[{\"@type\":\"ReadAction\",\"target\":[\"https:\/\/curva1.com.ar\/?p=32438\"]}]},{\"@type\":[\"Person\"],\"@id\":\"https:\/\/curva1.com.ar\/#\/schema\/person\/f5fd12984d70df7314fbd9ab42f31033\",\"name\":\"Jos\\u00e9 Bravo\",\"image\":{\"@type\":\"ImageObject\",\"@id\":\"https:\/\/curva1.com.ar\/#personlogo\",\"inLanguage\":\"en-US\",\"url\":\"https:\/\/secure.gravatar.com\/avatar\/3ae0b1fdc6ddeb723a6e6c23609ed39de1d40a94b8112fd2c0c2032e2dabf28b?s=96&d=identicon&r=g\",\"caption\":\"Jos\\u00e9 Bravo\"}}]}<\/script>\n<!-- \/ Yoast SEO Premium plugin. -->","_links":{"self":[{"href":"https:\/\/curva1.com.ar\/index.php?rest_route=\/wp\/v2\/posts\/32438","targetHints":{"allow":["GET"]}}],"collection":[{"href":"https:\/\/curva1.com.ar\/index.php?rest_route=\/wp\/v2\/posts"}],"about":[{"href":"https:\/\/curva1.com.ar\/index.php?rest_route=\/wp\/v2\/types\/post"}],"author":[{"embeddable":true,"href":"https:\/\/curva1.com.ar\/index.php?rest_route=\/wp\/v2\/users\/1"}],"replies":[{"embeddable":true,"href":"https:\/\/curva1.com.ar\/index.php?rest_route=%2Fwp%2Fv2%2Fcomments&post=32438"}],"version-history":[{"count":2,"href":"https:\/\/curva1.com.ar\/index.php?rest_route=\/wp\/v2\/posts\/32438\/revisions"}],"predecessor-version":[{"id":32441,"href":"https:\/\/curva1.com.ar\/index.php?rest_route=\/wp\/v2\/posts\/32438\/revisions\/32441"}],"wp:featuredmedia":[{"embeddable":true,"href":"https:\/\/curva1.com.ar\/index.php?rest_route=\/wp\/v2\/media\/32439"}],"wp:attachment":[{"href":"https:\/\/curva1.com.ar\/index.php?rest_route=%2Fwp%2Fv2%2Fmedia&parent=32438"}],"wp:term":[{"taxonomy":"category","embeddable":true,"href":"https:\/\/curva1.com.ar\/index.php?rest_route=%2Fwp%2Fv2%2Fcategories&post=32438"},{"taxonomy":"post_tag","embeddable":true,"href":"https:\/\/curva1.com.ar\/index.php?rest_route=%2Fwp%2Fv2%2Ftags&post=32438"}],"curies":[{"name":"wp","href":"https:\/\/api.w.org\/{rel}","templated":true}]}}