{"id":3290,"date":"2013-01-17T18:17:30","date_gmt":"2013-01-17T21:17:30","guid":{"rendered":"http:\/\/www.curva1.com.ar\/?p=3290"},"modified":"2013-01-19T18:58:06","modified_gmt":"2013-01-19T21:58:06","slug":"reunion-para-avanzar-en-la-creacion-de-la-promocional-1-4","status":"publish","type":"post","link":"https:\/\/curva1.com.ar\/?p=3290","title":{"rendered":"Reuni\u00f3n para avanzar en la creaci\u00f3n de la Promocional 1.4"},"content":{"rendered":"<p><img loading=\"lazy\" decoding=\"async\" class=\"aligncenter size-full wp-image-3291\" alt=\"GEDSC DIGITAL CAMERA\" src=\"http:\/\/www.curva1.com.ar\/wp-content\/uploads\/2013\/01\/GEDCff0180.jpg\" width=\"600\" height=\"338\" srcset=\"https:\/\/curva1.com.ar\/wp-content\/uploads\/2013\/01\/GEDCff0180.jpg 600w, https:\/\/curva1.com.ar\/wp-content\/uploads\/2013\/01\/GEDCff0180-300x169.jpg 300w, https:\/\/curva1.com.ar\/wp-content\/uploads\/2013\/01\/GEDCff0180-598x337.jpg 598w\" sizes=\"auto, (max-width: 600px) 100vw, 600px\" \/><\/p>\n<p>La Federaci\u00f3n Mendocina de automovilismo Deportivo, comunica a pilotos, concurrentes, propietarios y preparadores en general que han formulado diversas preguntas en nuestra federacion, que demuestran el interes despertado por el lanzamiento de la nueva categoria Turismo Promocional 1.4, las autoridades a cargo del proyecto han dispuesto lo siguiente:<\/p>\n<p>1 \u2013 CONVOCAR A TODOS LOS PILOTOS Y CONCURRENTES, A UNA REUNION<br \/>\na realizarse el pr\u00f3ximo d\u00eda Lunes 21-01-2013 , a las 20 Hs. en la sede de Federaci\u00f3n, Luzuriaga 676 Ciudad de Mendoza.-<\/p>\n<p>2 \u2013 Es importante aclarar, que el objetivo de dicha reuni\u00f3n es informar a nuestros licenciados de todo lo actuado en referencia a esta Categor\u00eda, as\u00ed como responder a todas las inquietudes de nuestros licenciados.-<\/p>\n<p>3 \u2013 Asimismo se comunica, que se invita a aquellos que quieran aportar inquietudes acerca de Los lineamientos publicados en el Reglamento T\u00e9cnico el pasado 23 de Noviembre, que no duden en presentarlos, a fin de poder evaluarlos junto a la Comisi\u00f3n T\u00e9cnica, ya que es intenci\u00f3n de esta Federaci\u00f3n sumar ideas y esfuerzos, a fin de lograr tener una verdadera Categor\u00eda Promocional, que constituya un primer pelda\u00f1o accesible, para todos los pilotos que desean comenzar a participar en el ZONAL CUYANO, y para que puedan reaparecer todos aquellos que debieron dejar de hacerlo por motivos presupuestarios.-<\/p>\n","protected":false},"excerpt":{"rendered":"<p>La Federaci\u00f3n Mendocina de automovilismo Deportivo, comunica a pilotos, concurrentes, propietarios y preparadores en general<\/p>\n","protected":false},"author":1,"featured_media":3291,"comment_status":"open","ping_status":"closed","sticky":false,"template":"","format":"standard","meta":{"footnotes":""},"categories":[1],"tags":[],"class_list":["post-3290","post","type-post","status-publish","format-standard","has-post-thumbnail","hentry","category-zonal-cuyano"],"featured_image_urls":{"full":["https:\/\/curva1.com.ar\/wp-content\/uploads\/2013\/01\/GEDCff0180.jpg",600,338,false],"thumbnail":["https:\/\/curva1.com.ar\/wp-content\/uploads\/2013\/01\/GEDCff0180-300x169.jpg",300,169,true],"medium":["https:\/\/curva1.com.ar\/wp-content\/uploads\/2013\/01\/GEDCff0180-598x337.jpg",598,337,true],"medium_large":["https:\/\/curva1.com.ar\/wp-content\/uploads\/2013\/01\/GEDCff0180.jpg",600,338,false],"large":["https:\/\/curva1.com.ar\/wp-content\/uploads\/2013\/01\/GEDCff0180.jpg",600,338,false],"1536x1536":["https:\/\/curva1.com.ar\/wp-content\/uploads\/2013\/01\/GEDCff0180.jpg",600,338,false],"2048x2048":["https:\/\/curva1.com.ar\/wp-content\/uploads\/2013\/01\/GEDCff0180.jpg",600,338,false],"chromenews-featured":["https:\/\/curva1.com.ar\/wp-content\/uploads\/2013\/01\/GEDCff0180.jpg",600,338,false],"chromenews-large":["https:\/\/curva1.com.ar\/wp-content\/uploads\/2013\/01\/GEDCff0180.jpg",600,338,false],"chromenews-medium":["https:\/\/curva1.com.ar\/wp-content\/uploads\/2013\/01\/GEDCff0180.jpg",590,332,false]},"author_info":{"display_name":"Jos\u00e9 Bravo","author_link":"https:\/\/curva1.com.ar\/?author=1"},"category_info":"<a href=\"https:\/\/curva1.com.ar\/?cat=1\" rel=\"category\">Zonal Cuyano<\/a>","tag_info":"Zonal Cuyano","comment_count":"0","_links":{"self":[{"href":"https:\/\/curva1.com.ar\/index.php?rest_route=\/wp\/v2\/posts\/3290","targetHints":{"allow":["GET"]}}],"collection":[{"href":"https:\/\/curva1.com.ar\/index.php?rest_route=\/wp\/v2\/posts"}],"about":[{"href":"https:\/\/curva1.com.ar\/index.php?rest_route=\/wp\/v2\/types\/post"}],"author":[{"embeddable":true,"href":"https:\/\/curva1.com.ar\/index.php?rest_route=\/wp\/v2\/users\/1"}],"replies":[{"embeddable":true,"href":"https:\/\/curva1.com.ar\/index.php?rest_route=%2Fwp%2Fv2%2Fcomments&post=3290"}],"version-history":[{"count":2,"href":"https:\/\/curva1.com.ar\/index.php?rest_route=\/wp\/v2\/posts\/3290\/revisions"}],"predecessor-version":[{"id":3313,"href":"https:\/\/curva1.com.ar\/index.php?rest_route=\/wp\/v2\/posts\/3290\/revisions\/3313"}],"wp:featuredmedia":[{"embeddable":true,"href":"https:\/\/curva1.com.ar\/index.php?rest_route=\/wp\/v2\/media\/3291"}],"wp:attachment":[{"href":"https:\/\/curva1.com.ar\/index.php?rest_route=%2Fwp%2Fv2%2Fmedia&parent=3290"}],"wp:term":[{"taxonomy":"category","embeddable":true,"href":"https:\/\/curva1.com.ar\/index.php?rest_route=%2Fwp%2Fv2%2Fcategories&post=3290"},{"taxonomy":"post_tag","embeddable":true,"href":"https:\/\/curva1.com.ar\/index.php?rest_route=%2Fwp%2Fv2%2Ftags&post=3290"}],"curies":[{"name":"wp","href":"https:\/\/api.w.org\/{rel}","templated":true}]}}