{"id":3314,"date":"2013-01-19T19:01:10","date_gmt":"2013-01-19T22:01:10","guid":{"rendered":"http:\/\/www.curva1.com.ar\/?p=3314"},"modified":"2013-01-30T01:52:45","modified_gmt":"2013-01-30T04:52:45","slug":"peterhansel-gano-su-11o-titulo-dentro-del-mitico-rally-dakar","status":"publish","type":"post","link":"https:\/\/curva1.com.ar\/?p=3314","title":{"rendered":"Peterhansel gan\u00f3 su 11\u00ba t\u00edtulo dentro del m\u00edtico rally Dakar"},"content":{"rendered":"<p><img loading=\"lazy\" decoding=\"async\" class=\"aligncenter size-full wp-image-3315\" alt=\"gal-507g434\" src=\"http:\/\/www.curva1.com.ar\/wp-content\/uploads\/2013\/01\/gal-507g434.jpg\" width=\"600\" height=\"338\" srcset=\"https:\/\/curva1.com.ar\/wp-content\/uploads\/2013\/01\/gal-507g434.jpg 600w, https:\/\/curva1.com.ar\/wp-content\/uploads\/2013\/01\/gal-507g434-300x169.jpg 300w, https:\/\/curva1.com.ar\/wp-content\/uploads\/2013\/01\/gal-507g434-598x337.jpg 598w\" sizes=\"auto, (max-width: 600px) 100vw, 600px\" \/><\/p>\n<p>Logr\u00f3 su t\u00edtulo n\u00famero 11 en el rally m\u00e1s famoso del mundo. Domin\u00f3 la competencia de principio a fin. Orly Terranova termin\u00f3 quinto.<\/p>\n<p>El franc\u00e9s Stephane Peterhansel (Mini) se consagr\u00f3 campe\u00f3n este s\u00e1bado en autos del Rally Dakar-2013, que en su 34a edici\u00f3n se disput\u00f3 en Per\u00fa, Argentina y Chile, tras la especial de 126 km de la decimocuarta y \u00faltima etapa entre La Serena y Santiago, que gan\u00f3 el espa\u00f1ol Joan &#8216;Nani&#8217; Roma (Mini).<\/p>\n<p>Peterhansel, que ten\u00eda una c\u00f3moda ventaja en la general (alrededor de 45 minutos) sobre su principal rival, el sudafricano Giniel De Villiers (Toyota), termin\u00f3 en la d\u00e9cima plaza de la especial a 3 minutos 43 segundos de Roma.<\/p>\n<p>El galo se hizo al t\u00edtulo con un tiempo total de 38 horas 32 minutos 39 segundos, superando en el podio a De Villiers, por 42:22, y al ruso y compa\u00f1ero en Mini, Leonid Novistkiy, a 1h28:22.<\/p>\n<p>&#8216;Peter&#8217;, que era el principal favorito al t\u00edtulo de la presente edici\u00f3n que larg\u00f3 el 5 de enero de Lima, sum\u00f3 a su historial la und\u00e9cima corona en el Dakar -seis en motos y cinco autos-, la segunda que consigue en Sudam\u00e9rica, donde se disputa desde el 2009.<\/p>\n<p>Estas son las clasificaciones de la decimocuarta etapa y general del Rally Dakar 2013<br \/>\n<strong><br \/>\nGENERAL<br \/>\n<\/strong><br \/>\n1-Stephane Peterhansel Francia Mini 38h 32m 39s<\/p>\n<p>2-Giniel De Villiers Sud\u00e1frica Toyota a 42m 22s<\/p>\n<p>3-Leonid Noviskiy Rusia Mini a 1h 28m 22s<\/p>\n<p>4-Joan Roma Espa\u00f1a Mini a 1h 36m 43s<\/p>\n<p>5-Orlando Terranova Argentina BMW a 1h 49m 10s<\/p>\n<p>Los Andes.<\/p>\n","protected":false},"excerpt":{"rendered":"<p>Logr\u00f3 su t\u00edtulo n\u00famero 11 en el rally m\u00e1s famoso del mundo. Domin\u00f3 la competencia<\/p>\n","protected":false},"author":1,"featured_media":3315,"comment_status":"open","ping_status":"closed","sticky":false,"template":"","format":"standard","meta":{"footnotes":""},"categories":[1],"tags":[],"class_list":["post-3314","post","type-post","status-publish","format-standard","has-post-thumbnail","hentry","category-zonal-cuyano"],"featured_image_urls":{"full":["https:\/\/curva1.com.ar\/wp-content\/uploads\/2013\/01\/gal-507g434.jpg",600,338,false],"thumbnail":["https:\/\/curva1.com.ar\/wp-content\/uploads\/2013\/01\/gal-507g434-300x169.jpg",300,169,true],"medium":["https:\/\/curva1.com.ar\/wp-content\/uploads\/2013\/01\/gal-507g434-598x337.jpg",598,337,true],"medium_large":["https:\/\/curva1.com.ar\/wp-content\/uploads\/2013\/01\/gal-507g434.jpg",600,338,false],"large":["https:\/\/curva1.com.ar\/wp-content\/uploads\/2013\/01\/gal-507g434.jpg",600,338,false],"1536x1536":["https:\/\/curva1.com.ar\/wp-content\/uploads\/2013\/01\/gal-507g434.jpg",600,338,false],"2048x2048":["https:\/\/curva1.com.ar\/wp-content\/uploads\/2013\/01\/gal-507g434.jpg",600,338,false],"chromenews-featured":["https:\/\/curva1.com.ar\/wp-content\/uploads\/2013\/01\/gal-507g434.jpg",600,338,false],"chromenews-large":["https:\/\/curva1.com.ar\/wp-content\/uploads\/2013\/01\/gal-507g434.jpg",600,338,false],"chromenews-medium":["https:\/\/curva1.com.ar\/wp-content\/uploads\/2013\/01\/gal-507g434.jpg",590,332,false]},"author_info":{"display_name":"Jos\u00e9 Bravo","author_link":"https:\/\/curva1.com.ar\/?author=1"},"category_info":"<a href=\"https:\/\/curva1.com.ar\/?cat=1\" rel=\"category\">Zonal Cuyano<\/a>","tag_info":"Zonal Cuyano","comment_count":"0","_links":{"self":[{"href":"https:\/\/curva1.com.ar\/index.php?rest_route=\/wp\/v2\/posts\/3314","targetHints":{"allow":["GET"]}}],"collection":[{"href":"https:\/\/curva1.com.ar\/index.php?rest_route=\/wp\/v2\/posts"}],"about":[{"href":"https:\/\/curva1.com.ar\/index.php?rest_route=\/wp\/v2\/types\/post"}],"author":[{"embeddable":true,"href":"https:\/\/curva1.com.ar\/index.php?rest_route=\/wp\/v2\/users\/1"}],"replies":[{"embeddable":true,"href":"https:\/\/curva1.com.ar\/index.php?rest_route=%2Fwp%2Fv2%2Fcomments&post=3314"}],"version-history":[{"count":3,"href":"https:\/\/curva1.com.ar\/index.php?rest_route=\/wp\/v2\/posts\/3314\/revisions"}],"predecessor-version":[{"id":3560,"href":"https:\/\/curva1.com.ar\/index.php?rest_route=\/wp\/v2\/posts\/3314\/revisions\/3560"}],"wp:featuredmedia":[{"embeddable":true,"href":"https:\/\/curva1.com.ar\/index.php?rest_route=\/wp\/v2\/media\/3315"}],"wp:attachment":[{"href":"https:\/\/curva1.com.ar\/index.php?rest_route=%2Fwp%2Fv2%2Fmedia&parent=3314"}],"wp:term":[{"taxonomy":"category","embeddable":true,"href":"https:\/\/curva1.com.ar\/index.php?rest_route=%2Fwp%2Fv2%2Fcategories&post=3314"},{"taxonomy":"post_tag","embeddable":true,"href":"https:\/\/curva1.com.ar\/index.php?rest_route=%2Fwp%2Fv2%2Ftags&post=3314"}],"curies":[{"name":"wp","href":"https:\/\/api.w.org\/{rel}","templated":true}]}}