{"id":3321,"date":"2013-01-19T19:07:49","date_gmt":"2013-01-19T22:07:49","guid":{"rendered":"http:\/\/www.curva1.com.ar\/?p=3321"},"modified":"2013-01-30T01:52:28","modified_gmt":"2013-01-30T04:52:28","slug":"gran-cierre-de-los-pilotos-mendocinos-en-el-dakar-2013","status":"publish","type":"post","link":"https:\/\/curva1.com.ar\/?p=3321","title":{"rendered":"Gran cierre de los pilotos mendocinos en el Dakar 2013"},"content":{"rendered":"<p><img loading=\"lazy\" decoding=\"async\" class=\"aligncenter size-full wp-image-3322\" alt=\"Terranova.jpg_203309ss8437\" src=\"http:\/\/www.curva1.com.ar\/wp-content\/uploads\/2013\/01\/Terranova.jpg_203309ss8437.jpg\" width=\"600\" height=\"337\" srcset=\"https:\/\/curva1.com.ar\/wp-content\/uploads\/2013\/01\/Terranova.jpg_203309ss8437.jpg 600w, https:\/\/curva1.com.ar\/wp-content\/uploads\/2013\/01\/Terranova.jpg_203309ss8437-300x169.jpg 300w\" sizes=\"auto, (max-width: 600px) 100vw, 600px\" \/><\/p>\n<p>Orlando Terranova y Lucio Alvarez fueron segundo y tercero respectivamente en la \u00faltima etapa y ambos se culminaron entre los 10 mejores entre los autos. Orly igual\u00f3 el hist\u00f3rico quinto lugar de Alvarez (se ubic\u00f3 10\u00ba) en el 2012.<\/p>\n<p>El mendocino Orlando Terranova concluy\u00f3 en la quinta colocaci\u00f3n en el Rally Dakar 2013, que transit\u00f3 la \u00faltima etapa por caminos chilenos y termin\u00f3 muy cerca de Santiago de Chile.<\/p>\n<p>Al comando de un BMW, el mendocino culmin\u00f3 segundo en esta \u00faltima etapa que se disput\u00f3 entre las ciudades de La Serena y Santiago y const\u00f3 de una especial de 346 kil\u00f3metros, con 121 de carrera pura.<\/p>\n<p>Terranova, que cumpli\u00f3 su mejor performance en este tipo de traves\u00edas, lleg\u00f3 a 13 segundos del ganador de la etapa, el espa\u00f1ol Nani Roma (Mini), que complet\u00f3 el recorrido en 1h. 44m. 10s; aunque vale recalcar que Terranova estuvo por varios momentos liderando la especial.<\/p>\n<p>La tercera colocaci\u00f3n en la etapa correspondi\u00f3 a otro mendocino, ya que Lucio Alvarez (Toyota Hilux) se clasific\u00f3 a 31&#8243; de Roma, completando una gran etapa logrando el segundo objetivo planteado que era meterse entre los 10 mejores de la clasificaci\u00f3n general.<\/p>\n<p><a href=\"http:\/\/www.dakar.com\/dakar\/2013\/es\/etapa-14\/clasificacines\/general-coches.html#ancre\" target=\"_blank\">Mir\u00e1 como terminaron los seis mendocinos en el Dakar 2013<\/a><\/p>\n<p>Ovaci\u00f3n.<\/p>\n","protected":false},"excerpt":{"rendered":"<p>Orlando Terranova y Lucio Alvarez fueron segundo y tercero respectivamente en la \u00faltima etapa y<\/p>\n","protected":false},"author":1,"featured_media":3322,"comment_status":"open","ping_status":"closed","sticky":false,"template":"","format":"standard","meta":{"footnotes":""},"categories":[1],"tags":[],"class_list":["post-3321","post","type-post","status-publish","format-standard","has-post-thumbnail","hentry","category-zonal-cuyano"],"featured_image_urls":{"full":["https:\/\/curva1.com.ar\/wp-content\/uploads\/2013\/01\/Terranova.jpg_203309ss8437.jpg",600,337,false],"thumbnail":["https:\/\/curva1.com.ar\/wp-content\/uploads\/2013\/01\/Terranova.jpg_203309ss8437-300x169.jpg",300,169,true],"medium":["https:\/\/curva1.com.ar\/wp-content\/uploads\/2013\/01\/Terranova.jpg_203309ss8437.jpg",600,337,false],"medium_large":["https:\/\/curva1.com.ar\/wp-content\/uploads\/2013\/01\/Terranova.jpg_203309ss8437.jpg",600,337,false],"large":["https:\/\/curva1.com.ar\/wp-content\/uploads\/2013\/01\/Terranova.jpg_203309ss8437.jpg",600,337,false],"1536x1536":["https:\/\/curva1.com.ar\/wp-content\/uploads\/2013\/01\/Terranova.jpg_203309ss8437.jpg",600,337,false],"2048x2048":["https:\/\/curva1.com.ar\/wp-content\/uploads\/2013\/01\/Terranova.jpg_203309ss8437.jpg",600,337,false],"chromenews-featured":["https:\/\/curva1.com.ar\/wp-content\/uploads\/2013\/01\/Terranova.jpg_203309ss8437.jpg",600,337,false],"chromenews-large":["https:\/\/curva1.com.ar\/wp-content\/uploads\/2013\/01\/Terranova.jpg_203309ss8437.jpg",600,337,false],"chromenews-medium":["https:\/\/curva1.com.ar\/wp-content\/uploads\/2013\/01\/Terranova.jpg_203309ss8437.jpg",590,331,false]},"author_info":{"display_name":"Jos\u00e9 Bravo","author_link":"https:\/\/curva1.com.ar\/?author=1"},"category_info":"<a href=\"https:\/\/curva1.com.ar\/?cat=1\" rel=\"category\">Zonal Cuyano<\/a>","tag_info":"Zonal Cuyano","comment_count":"0","_links":{"self":[{"href":"https:\/\/curva1.com.ar\/index.php?rest_route=\/wp\/v2\/posts\/3321","targetHints":{"allow":["GET"]}}],"collection":[{"href":"https:\/\/curva1.com.ar\/index.php?rest_route=\/wp\/v2\/posts"}],"about":[{"href":"https:\/\/curva1.com.ar\/index.php?rest_route=\/wp\/v2\/types\/post"}],"author":[{"embeddable":true,"href":"https:\/\/curva1.com.ar\/index.php?rest_route=\/wp\/v2\/users\/1"}],"replies":[{"embeddable":true,"href":"https:\/\/curva1.com.ar\/index.php?rest_route=%2Fwp%2Fv2%2Fcomments&post=3321"}],"version-history":[{"count":3,"href":"https:\/\/curva1.com.ar\/index.php?rest_route=\/wp\/v2\/posts\/3321\/revisions"}],"predecessor-version":[{"id":3324,"href":"https:\/\/curva1.com.ar\/index.php?rest_route=\/wp\/v2\/posts\/3321\/revisions\/3324"}],"wp:featuredmedia":[{"embeddable":true,"href":"https:\/\/curva1.com.ar\/index.php?rest_route=\/wp\/v2\/media\/3322"}],"wp:attachment":[{"href":"https:\/\/curva1.com.ar\/index.php?rest_route=%2Fwp%2Fv2%2Fmedia&parent=3321"}],"wp:term":[{"taxonomy":"category","embeddable":true,"href":"https:\/\/curva1.com.ar\/index.php?rest_route=%2Fwp%2Fv2%2Fcategories&post=3321"},{"taxonomy":"post_tag","embeddable":true,"href":"https:\/\/curva1.com.ar\/index.php?rest_route=%2Fwp%2Fv2%2Ftags&post=3321"}],"curies":[{"name":"wp","href":"https:\/\/api.w.org\/{rel}","templated":true}]}}