{"id":3326,"date":"2013-01-21T22:01:02","date_gmt":"2013-01-22T01:01:02","guid":{"rendered":"http:\/\/www.curva1.com.ar\/?p=3326"},"modified":"2013-01-30T01:52:20","modified_gmt":"2013-01-30T04:52:20","slug":"la-mejor-foto-del-dakar-2013-fue-capturada-por-un-frances","status":"publish","type":"post","link":"https:\/\/curva1.com.ar\/?p=3326","title":{"rendered":"La mejor foto del Dakar 2013 fue capturada por un franc\u00e9s"},"content":{"rendered":"<p><img loading=\"lazy\" decoding=\"async\" class=\"aligncenter size-full wp-image-3328\" alt=\"dakar\" src=\"http:\/\/www.curva1.com.ar\/wp-content\/uploads\/2013\/01\/dakar1.jpg\" width=\"600\" height=\"337\" srcset=\"https:\/\/curva1.com.ar\/wp-content\/uploads\/2013\/01\/dakar1.jpg 600w, https:\/\/curva1.com.ar\/wp-content\/uploads\/2013\/01\/dakar1-300x169.jpg 300w\" sizes=\"auto, (max-width: 600px) 100vw, 600px\" \/><\/p>\n<p>Los m\u00e1ximos encargados del Rally Dakar entregaron el Premio Emilie Poucan a la mejor fotograf\u00eda de la competencia. El ganador fue Frederic Le Floc&#8217;h de la agencia internacional DPPI. El franc\u00e9s captur\u00f3 una postal impresionante en el tramo Arequipa-Arica (etapa 5), que\u00a0muestra al piloto de motos Olivier Pain luchando contra la arena.<\/p>\n<p>Este premio es en homenaje a una exencargada de prensa del Dakar, que falleci\u00f3 en un accidente a\u00e9reo. El jurado fue integrado por el director del Rally, Etienne Lavigne, Philippe Sudres (ASO), Luc Alphand (France TV) y Stefan Lhermitte (Equipe.fr).<\/p>\n","protected":false},"excerpt":{"rendered":"<p>Los m\u00e1ximos encargados del Rally Dakar entregaron el Premio Emilie Poucan a la mejor fotograf\u00eda<\/p>\n","protected":false},"author":1,"featured_media":3328,"comment_status":"open","ping_status":"closed","sticky":false,"template":"","format":"standard","meta":{"footnotes":""},"categories":[1],"tags":[],"class_list":["post-3326","post","type-post","status-publish","format-standard","has-post-thumbnail","hentry","category-zonal-cuyano"],"featured_image_urls":{"full":["https:\/\/curva1.com.ar\/wp-content\/uploads\/2013\/01\/dakar1.jpg",600,337,false],"thumbnail":["https:\/\/curva1.com.ar\/wp-content\/uploads\/2013\/01\/dakar1-300x169.jpg",300,169,true],"medium":["https:\/\/curva1.com.ar\/wp-content\/uploads\/2013\/01\/dakar1.jpg",600,337,false],"medium_large":["https:\/\/curva1.com.ar\/wp-content\/uploads\/2013\/01\/dakar1.jpg",600,337,false],"large":["https:\/\/curva1.com.ar\/wp-content\/uploads\/2013\/01\/dakar1.jpg",600,337,false],"1536x1536":["https:\/\/curva1.com.ar\/wp-content\/uploads\/2013\/01\/dakar1.jpg",600,337,false],"2048x2048":["https:\/\/curva1.com.ar\/wp-content\/uploads\/2013\/01\/dakar1.jpg",600,337,false],"chromenews-featured":["https:\/\/curva1.com.ar\/wp-content\/uploads\/2013\/01\/dakar1.jpg",600,337,false],"chromenews-large":["https:\/\/curva1.com.ar\/wp-content\/uploads\/2013\/01\/dakar1.jpg",600,337,false],"chromenews-medium":["https:\/\/curva1.com.ar\/wp-content\/uploads\/2013\/01\/dakar1.jpg",590,331,false]},"author_info":{"display_name":"Jos\u00e9 Bravo","author_link":"https:\/\/curva1.com.ar\/?author=1"},"category_info":"<a href=\"https:\/\/curva1.com.ar\/?cat=1\" rel=\"category\">Zonal Cuyano<\/a>","tag_info":"Zonal Cuyano","comment_count":"0","_links":{"self":[{"href":"https:\/\/curva1.com.ar\/index.php?rest_route=\/wp\/v2\/posts\/3326","targetHints":{"allow":["GET"]}}],"collection":[{"href":"https:\/\/curva1.com.ar\/index.php?rest_route=\/wp\/v2\/posts"}],"about":[{"href":"https:\/\/curva1.com.ar\/index.php?rest_route=\/wp\/v2\/types\/post"}],"author":[{"embeddable":true,"href":"https:\/\/curva1.com.ar\/index.php?rest_route=\/wp\/v2\/users\/1"}],"replies":[{"embeddable":true,"href":"https:\/\/curva1.com.ar\/index.php?rest_route=%2Fwp%2Fv2%2Fcomments&post=3326"}],"version-history":[{"count":4,"href":"https:\/\/curva1.com.ar\/index.php?rest_route=\/wp\/v2\/posts\/3326\/revisions"}],"predecessor-version":[{"id":3332,"href":"https:\/\/curva1.com.ar\/index.php?rest_route=\/wp\/v2\/posts\/3326\/revisions\/3332"}],"wp:featuredmedia":[{"embeddable":true,"href":"https:\/\/curva1.com.ar\/index.php?rest_route=\/wp\/v2\/media\/3328"}],"wp:attachment":[{"href":"https:\/\/curva1.com.ar\/index.php?rest_route=%2Fwp%2Fv2%2Fmedia&parent=3326"}],"wp:term":[{"taxonomy":"category","embeddable":true,"href":"https:\/\/curva1.com.ar\/index.php?rest_route=%2Fwp%2Fv2%2Fcategories&post=3326"},{"taxonomy":"post_tag","embeddable":true,"href":"https:\/\/curva1.com.ar\/index.php?rest_route=%2Fwp%2Fv2%2Ftags&post=3326"}],"curies":[{"name":"wp","href":"https:\/\/api.w.org\/{rel}","templated":true}]}}