{"id":3333,"date":"2013-01-21T22:17:43","date_gmt":"2013-01-22T01:17:43","guid":{"rendered":"http:\/\/www.curva1.com.ar\/?p=3333"},"modified":"2013-01-23T02:51:31","modified_gmt":"2013-01-23T05:51:31","slug":"berni-llaver-seguira-corriendo-con-toyota-en-el-super-tc2000","status":"publish","type":"post","link":"https:\/\/curva1.com.ar\/?p=3333","title":{"rendered":"Berni Llaver seguir\u00e1 corriendo con Toyota en el S\u00faper TC2000"},"content":{"rendered":"<p><img loading=\"lazy\" decoding=\"async\" class=\"aligncenter size-full wp-image-3334\" alt=\"740d374136_o\" src=\"http:\/\/www.curva1.com.ar\/wp-content\/uploads\/2013\/01\/740d374136_o.jpg\" width=\"600\" height=\"338\" srcset=\"https:\/\/curva1.com.ar\/wp-content\/uploads\/2013\/01\/740d374136_o.jpg 600w, https:\/\/curva1.com.ar\/wp-content\/uploads\/2013\/01\/740d374136_o-300x169.jpg 300w, https:\/\/curva1.com.ar\/wp-content\/uploads\/2013\/01\/740d374136_o-598x337.jpg 598w\" sizes=\"auto, (max-width: 600px) 100vw, 600px\" \/><\/p>\n<p>El piloto de San Mart\u00edn confirm\u00f3 a trav\u00e9s de su cuenta de Facebook que seguir\u00e1 ligado al Toyota Team Argentina para la temporada 2013 que comenzar\u00e1 en el aut\u00f3dromo de Buenos Aires el 31 de marzo.<\/p>\n<p><strong>&#8220;Finalmente seguir\u00e9 otro a\u00f1o mas en Toyota. Estoy feliz y agradecido a todos los que siguen confiando en mi. Espero lograr mejores resultados que en 2012&#8221;<\/strong> expres\u00f3 Berni Llaver en la red social.<\/p>\n","protected":false},"excerpt":{"rendered":"<p>El piloto de San Mart\u00edn confirm\u00f3 a trav\u00e9s de su cuenta de Facebook que seguir\u00e1<\/p>\n","protected":false},"author":1,"featured_media":3334,"comment_status":"open","ping_status":"closed","sticky":false,"template":"","format":"standard","meta":{"footnotes":""},"categories":[6],"tags":[],"class_list":["post-3333","post","type-post","status-publish","format-standard","has-post-thumbnail","hentry","category-nacionales"],"featured_image_urls":{"full":["https:\/\/curva1.com.ar\/wp-content\/uploads\/2013\/01\/740d374136_o.jpg",600,338,false],"thumbnail":["https:\/\/curva1.com.ar\/wp-content\/uploads\/2013\/01\/740d374136_o-300x169.jpg",300,169,true],"medium":["https:\/\/curva1.com.ar\/wp-content\/uploads\/2013\/01\/740d374136_o-598x337.jpg",598,337,true],"medium_large":["https:\/\/curva1.com.ar\/wp-content\/uploads\/2013\/01\/740d374136_o.jpg",600,338,false],"large":["https:\/\/curva1.com.ar\/wp-content\/uploads\/2013\/01\/740d374136_o.jpg",600,338,false],"1536x1536":["https:\/\/curva1.com.ar\/wp-content\/uploads\/2013\/01\/740d374136_o.jpg",600,338,false],"2048x2048":["https:\/\/curva1.com.ar\/wp-content\/uploads\/2013\/01\/740d374136_o.jpg",600,338,false],"chromenews-featured":["https:\/\/curva1.com.ar\/wp-content\/uploads\/2013\/01\/740d374136_o.jpg",600,338,false],"chromenews-large":["https:\/\/curva1.com.ar\/wp-content\/uploads\/2013\/01\/740d374136_o.jpg",600,338,false],"chromenews-medium":["https:\/\/curva1.com.ar\/wp-content\/uploads\/2013\/01\/740d374136_o.jpg",590,332,false]},"author_info":{"display_name":"Jos\u00e9 Bravo","author_link":"https:\/\/curva1.com.ar\/?author=1"},"category_info":"<a href=\"https:\/\/curva1.com.ar\/?cat=6\" rel=\"category\">Nacionales<\/a>","tag_info":"Nacionales","comment_count":"0","_links":{"self":[{"href":"https:\/\/curva1.com.ar\/index.php?rest_route=\/wp\/v2\/posts\/3333","targetHints":{"allow":["GET"]}}],"collection":[{"href":"https:\/\/curva1.com.ar\/index.php?rest_route=\/wp\/v2\/posts"}],"about":[{"href":"https:\/\/curva1.com.ar\/index.php?rest_route=\/wp\/v2\/types\/post"}],"author":[{"embeddable":true,"href":"https:\/\/curva1.com.ar\/index.php?rest_route=\/wp\/v2\/users\/1"}],"replies":[{"embeddable":true,"href":"https:\/\/curva1.com.ar\/index.php?rest_route=%2Fwp%2Fv2%2Fcomments&post=3333"}],"version-history":[{"count":5,"href":"https:\/\/curva1.com.ar\/index.php?rest_route=\/wp\/v2\/posts\/3333\/revisions"}],"predecessor-version":[{"id":3340,"href":"https:\/\/curva1.com.ar\/index.php?rest_route=\/wp\/v2\/posts\/3333\/revisions\/3340"}],"wp:featuredmedia":[{"embeddable":true,"href":"https:\/\/curva1.com.ar\/index.php?rest_route=\/wp\/v2\/media\/3334"}],"wp:attachment":[{"href":"https:\/\/curva1.com.ar\/index.php?rest_route=%2Fwp%2Fv2%2Fmedia&parent=3333"}],"wp:term":[{"taxonomy":"category","embeddable":true,"href":"https:\/\/curva1.com.ar\/index.php?rest_route=%2Fwp%2Fv2%2Fcategories&post=3333"},{"taxonomy":"post_tag","embeddable":true,"href":"https:\/\/curva1.com.ar\/index.php?rest_route=%2Fwp%2Fv2%2Ftags&post=3333"}],"curies":[{"name":"wp","href":"https:\/\/api.w.org\/{rel}","templated":true}]}}