{"id":33364,"date":"2020-12-06T21:36:56","date_gmt":"2020-12-07T00:36:56","guid":{"rendered":"http:\/\/curva1.com.ar\/?p=33364"},"modified":"2020-12-06T21:36:56","modified_gmt":"2020-12-07T00:36:56","slug":"lucas-vicino-cerro-su-primer-ano-en-tc-mouras","status":"publish","type":"post","link":"https:\/\/curva1.com.ar\/?p=33364","title":{"rendered":"Lucas Vicino cerr\u00f3 su primer a\u00f1o en TC Mouras"},"content":{"rendered":"<p><img loading=\"lazy\" decoding=\"async\" class=\"aligncenter size-full wp-image-33365\" src=\"http:\/\/curva1.com.ar\/wp-content\/uploads\/2020\/12\/unnamed-1-1.jpg\" alt=\"\" width=\"1280\" height=\"720\" srcset=\"https:\/\/curva1.com.ar\/wp-content\/uploads\/2020\/12\/unnamed-1-1.jpg 1280w, https:\/\/curva1.com.ar\/wp-content\/uploads\/2020\/12\/unnamed-1-1-960x540.jpg 960w, https:\/\/curva1.com.ar\/wp-content\/uploads\/2020\/12\/unnamed-1-1-300x169.jpg 300w, https:\/\/curva1.com.ar\/wp-content\/uploads\/2020\/12\/unnamed-1-1-768x432.jpg 768w, https:\/\/curva1.com.ar\/wp-content\/uploads\/2020\/12\/unnamed-1-1-700x394.jpg 700w\" sizes=\"auto, (max-width: 1280px) 100vw, 1280px\" \/><\/p>\n<p>Lucas Vicino cerr\u00f3 la temporada 2020 del TC Mouras. el mendocino abandon\u00f3 la \u00faltima fecha en La Plata, cuando ven\u00eda peleando por un nuevo podio.<\/p>\n<p>Con un sabor amargo culmin\u00f3 la temporada para\u00a0Lucas Vicino\u00a0en el\u00a0TC Mouras, que disput\u00f3 la novena y \u00faltima fecha en el\u00a0aut\u00f3dromo de La Plata.<\/p>\n<p>El mendocino, que tras una muy buena clasificaci\u00f3n larg\u00f3 entre los primeros la segunda serie, pudo arriba en el cuarto lugar con el\u00a0Chevrolet\u00a0del\u00a0Dole Racing.<\/p>\n<p>Esto le permiti\u00f3 partir desde el octavo caj\u00f3n en la final, la cual debi\u00f3 abandonar cuando promediaba la competencia por la rotura del cable captor. En ese momento el\u00a0piloto de Maip\u00fa\u00a0se encontraba en la\u00a0cuarta colocaci\u00f3n\u00a0y estaba logrando el\u00a0objetivo de terminar entre los diez mejores de la temporada, lo cual le daba el pase al\u00a0TC Pista\u00a0para el 2021.<\/p>\n<p><strong>\u201cEstoy triste porque era una buena manera de terminar el a\u00f1o y adem\u00e1s muy probablemente logrando el pase al TC Pista. Pero son carreras de autos y puede pasar. El auto funcionaba b\u00e1rbaro y hasta podr\u00edamos haber ido por otro podio, pero se rompi\u00f3. Le quiero agradecer mucho al equipo, a mis sponsors y principalmente a mi familia por el apoyo durante todo el a\u00f1o. El a\u00f1o pr\u00f3ximo lo volveremos a intentar\u201d,<\/strong> afirm\u00f3 Lucas, quien culmin\u00f3 21\u00ba en el campeonato con 160.75 puntos.<\/p>\n<p>El pr\u00f3ximo desaf\u00edo de\u00a0Vicino\u00a0ser\u00e1 el fin de semana venidero en el aut\u00f3dromo de\u00a0El Villicum, de San Juan, donde se disputar\u00e1 la \u00faltima doble fecha de la\u00a0Clase 3 del Turismo Nacional.<\/p>\n<p><img loading=\"lazy\" decoding=\"async\" class=\"aligncenter size-full wp-image-33366\" src=\"http:\/\/curva1.com.ar\/wp-content\/uploads\/2020\/12\/unnamed-3.jpg\" alt=\"\" width=\"1280\" height=\"853\" srcset=\"https:\/\/curva1.com.ar\/wp-content\/uploads\/2020\/12\/unnamed-3.jpg 1280w, https:\/\/curva1.com.ar\/wp-content\/uploads\/2020\/12\/unnamed-3-810x540.jpg 810w, https:\/\/curva1.com.ar\/wp-content\/uploads\/2020\/12\/unnamed-3-768x512.jpg 768w\" sizes=\"auto, (max-width: 1280px) 100vw, 1280px\" \/> <img loading=\"lazy\" decoding=\"async\" class=\"aligncenter size-full wp-image-33367\" src=\"http:\/\/curva1.com.ar\/wp-content\/uploads\/2020\/12\/unnamed-2.jpg\" alt=\"\" width=\"1280\" height=\"853\" srcset=\"https:\/\/curva1.com.ar\/wp-content\/uploads\/2020\/12\/unnamed-2.jpg 1280w, https:\/\/curva1.com.ar\/wp-content\/uploads\/2020\/12\/unnamed-2-810x540.jpg 810w, https:\/\/curva1.com.ar\/wp-content\/uploads\/2020\/12\/unnamed-2-768x512.jpg 768w\" sizes=\"auto, (max-width: 1280px) 100vw, 1280px\" \/> <img loading=\"lazy\" decoding=\"async\" class=\"aligncenter size-full wp-image-33368\" src=\"http:\/\/curva1.com.ar\/wp-content\/uploads\/2020\/12\/unnamed-4.jpg\" alt=\"\" width=\"1280\" height=\"853\" srcset=\"https:\/\/curva1.com.ar\/wp-content\/uploads\/2020\/12\/unnamed-4.jpg 1280w, https:\/\/curva1.com.ar\/wp-content\/uploads\/2020\/12\/unnamed-4-810x540.jpg 810w, https:\/\/curva1.com.ar\/wp-content\/uploads\/2020\/12\/unnamed-4-768x512.jpg 768w\" sizes=\"auto, (max-width: 1280px) 100vw, 1280px\" \/><\/p>\n","protected":false},"excerpt":{"rendered":"<p>Lucas Vicino cerr\u00f3 la temporada 2020 del TC Mouras. el mendocino abandon\u00f3 la \u00faltima fecha<\/p>\n","protected":false},"author":1,"featured_media":33365,"comment_status":"closed","ping_status":"closed","sticky":false,"template":"","format":"standard","meta":{"footnotes":""},"categories":[6],"tags":[],"class_list":["post-33364","post","type-post","status-publish","format-standard","has-post-thumbnail","hentry","category-nacionales"],"featured_image_urls":{"full":["https:\/\/curva1.com.ar\/wp-content\/uploads\/2020\/12\/unnamed-1-1.jpg",1280,720,false],"thumbnail":["https:\/\/curva1.com.ar\/wp-content\/uploads\/2020\/12\/unnamed-1-1-300x169.jpg",300,169,true],"medium":["https:\/\/curva1.com.ar\/wp-content\/uploads\/2020\/12\/unnamed-1-1-960x540.jpg",960,540,true],"medium_large":["https:\/\/curva1.com.ar\/wp-content\/uploads\/2020\/12\/unnamed-1-1-768x432.jpg",640,360,true],"large":["https:\/\/curva1.com.ar\/wp-content\/uploads\/2020\/12\/unnamed-1-1-960x540.jpg",640,360,true],"1536x1536":["https:\/\/curva1.com.ar\/wp-content\/uploads\/2020\/12\/unnamed-1-1.jpg",1280,720,false],"2048x2048":["https:\/\/curva1.com.ar\/wp-content\/uploads\/2020\/12\/unnamed-1-1.jpg",1280,720,false],"chromenews-featured":["https:\/\/curva1.com.ar\/wp-content\/uploads\/2020\/12\/unnamed-1-1.jpg",1024,576,false],"chromenews-large":["https:\/\/curva1.com.ar\/wp-content\/uploads\/2020\/12\/unnamed-1-1.jpg",825,464,false],"chromenews-medium":["https:\/\/curva1.com.ar\/wp-content\/uploads\/2020\/12\/unnamed-1-1.jpg",590,332,false]},"author_info":{"display_name":"Jos\u00e9 Bravo","author_link":"https:\/\/curva1.com.ar\/?author=1"},"category_info":"<a href=\"https:\/\/curva1.com.ar\/?cat=6\" rel=\"category\">Nacionales<\/a>","tag_info":"Nacionales","comment_count":"0","yoast_head":"<!-- This site is optimized with the Yoast SEO Premium plugin v14.7 - https:\/\/yoast.com\/wordpress\/plugins\/seo\/ -->\n<title>Lucas Vicino cerr\u00f3 su primer a\u00f1o en TC Mouras - Curva 1<\/title>\n<meta name=\"robots\" content=\"index, follow\" \/>\n<meta name=\"googlebot\" content=\"index, follow, max-snippet:-1, max-image-preview:large, max-video-preview:-1\" \/>\n<meta name=\"bingbot\" content=\"index, follow, max-snippet:-1, max-image-preview:large, max-video-preview:-1\" \/>\n<link rel=\"canonical\" href=\"https:\/\/curva1.com.ar\/?p=33364\" \/>\n<meta property=\"og:locale\" content=\"en_US\" \/>\n<meta property=\"og:type\" content=\"article\" \/>\n<meta property=\"og:title\" content=\"Lucas Vicino cerr\u00f3 su primer a\u00f1o en TC Mouras - Curva 1\" \/>\n<meta property=\"og:description\" content=\"Lucas Vicino cerr\u00f3 la temporada 2020 del TC Mouras. el mendocino abandon\u00f3 la \u00faltima fecha\" \/>\n<meta property=\"og:url\" content=\"https:\/\/curva1.com.ar\/?p=33364\" \/>\n<meta property=\"og:site_name\" content=\"Curva 1\" \/>\n<meta property=\"article:publisher\" content=\"https:\/\/www.facebook.com\/revistacurva1\/\" \/>\n<meta property=\"article:published_time\" content=\"2020-12-07T00:36:56+00:00\" \/>\n<meta property=\"og:image\" content=\"https:\/\/curva1.com.ar\/wp-content\/uploads\/2020\/12\/unnamed-1-1.jpg\" \/>\n\t<meta property=\"og:image:width\" content=\"1280\" \/>\n\t<meta property=\"og:image:height\" content=\"720\" \/>\n<meta property=\"fb:app_id\" content=\"1593067817533208\" \/>\n<meta name=\"twitter:card\" content=\"summary_large_image\" \/>\n<meta name=\"twitter:creator\" content=\"@curva1mendoza\" \/>\n<meta name=\"twitter:site\" content=\"@curva1mendoza\" \/>\n<script type=\"application\/ld+json\" class=\"yoast-schema-graph\">{\"@context\":\"https:\/\/schema.org\",\"@graph\":[{\"@type\":\"WebSite\",\"@id\":\"https:\/\/curva1.com.ar\/#website\",\"url\":\"https:\/\/curva1.com.ar\/\",\"name\":\"Curva 1\",\"description\":\"Automovilismo de Mendoza\",\"potentialAction\":[{\"@type\":\"SearchAction\",\"target\":\"https:\/\/curva1.com.ar\/?s={search_term_string}\",\"query-input\":\"required name=search_term_string\"}],\"inLanguage\":\"en-US\"},{\"@type\":\"ImageObject\",\"@id\":\"https:\/\/curva1.com.ar\/?p=33364#primaryimage\",\"inLanguage\":\"en-US\",\"url\":\"https:\/\/curva1.com.ar\/wp-content\/uploads\/2020\/12\/unnamed-1-1.jpg\",\"width\":1280,\"height\":720},{\"@type\":\"WebPage\",\"@id\":\"https:\/\/curva1.com.ar\/?p=33364#webpage\",\"url\":\"https:\/\/curva1.com.ar\/?p=33364\",\"name\":\"Lucas Vicino cerr\\u00f3 su primer a\\u00f1o en TC Mouras - Curva 1\",\"isPartOf\":{\"@id\":\"https:\/\/curva1.com.ar\/#website\"},\"primaryImageOfPage\":{\"@id\":\"https:\/\/curva1.com.ar\/?p=33364#primaryimage\"},\"datePublished\":\"2020-12-07T00:36:56+00:00\",\"dateModified\":\"2020-12-07T00:36:56+00:00\",\"author\":{\"@id\":\"https:\/\/curva1.com.ar\/#\/schema\/person\/f5fd12984d70df7314fbd9ab42f31033\"},\"inLanguage\":\"en-US\",\"potentialAction\":[{\"@type\":\"ReadAction\",\"target\":[\"https:\/\/curva1.com.ar\/?p=33364\"]}]},{\"@type\":[\"Person\"],\"@id\":\"https:\/\/curva1.com.ar\/#\/schema\/person\/f5fd12984d70df7314fbd9ab42f31033\",\"name\":\"Jos\\u00e9 Bravo\",\"image\":{\"@type\":\"ImageObject\",\"@id\":\"https:\/\/curva1.com.ar\/#personlogo\",\"inLanguage\":\"en-US\",\"url\":\"https:\/\/secure.gravatar.com\/avatar\/3ae0b1fdc6ddeb723a6e6c23609ed39de1d40a94b8112fd2c0c2032e2dabf28b?s=96&d=identicon&r=g\",\"caption\":\"Jos\\u00e9 Bravo\"}}]}<\/script>\n<!-- \/ Yoast SEO Premium plugin. -->","_links":{"self":[{"href":"https:\/\/curva1.com.ar\/index.php?rest_route=\/wp\/v2\/posts\/33364","targetHints":{"allow":["GET"]}}],"collection":[{"href":"https:\/\/curva1.com.ar\/index.php?rest_route=\/wp\/v2\/posts"}],"about":[{"href":"https:\/\/curva1.com.ar\/index.php?rest_route=\/wp\/v2\/types\/post"}],"author":[{"embeddable":true,"href":"https:\/\/curva1.com.ar\/index.php?rest_route=\/wp\/v2\/users\/1"}],"replies":[{"embeddable":true,"href":"https:\/\/curva1.com.ar\/index.php?rest_route=%2Fwp%2Fv2%2Fcomments&post=33364"}],"version-history":[{"count":1,"href":"https:\/\/curva1.com.ar\/index.php?rest_route=\/wp\/v2\/posts\/33364\/revisions"}],"predecessor-version":[{"id":33369,"href":"https:\/\/curva1.com.ar\/index.php?rest_route=\/wp\/v2\/posts\/33364\/revisions\/33369"}],"wp:featuredmedia":[{"embeddable":true,"href":"https:\/\/curva1.com.ar\/index.php?rest_route=\/wp\/v2\/media\/33365"}],"wp:attachment":[{"href":"https:\/\/curva1.com.ar\/index.php?rest_route=%2Fwp%2Fv2%2Fmedia&parent=33364"}],"wp:term":[{"taxonomy":"category","embeddable":true,"href":"https:\/\/curva1.com.ar\/index.php?rest_route=%2Fwp%2Fv2%2Fcategories&post=33364"},{"taxonomy":"post_tag","embeddable":true,"href":"https:\/\/curva1.com.ar\/index.php?rest_route=%2Fwp%2Fv2%2Ftags&post=33364"}],"curies":[{"name":"wp","href":"https:\/\/api.w.org\/{rel}","templated":true}]}}