{"id":33494,"date":"2021-01-18T21:22:40","date_gmt":"2021-01-19T00:22:40","guid":{"rendered":"http:\/\/curva1.com.ar\/?p=33494"},"modified":"2021-01-19T21:22:58","modified_gmt":"2021-01-20T00:22:58","slug":"caceres-otra-vez-en-el-top-ten-del-top-race-v6","status":"publish","type":"post","link":"https:\/\/curva1.com.ar\/?p=33494","title":{"rendered":"C\u00e1ceres, otra vez en el top ten del Top Race V6"},"content":{"rendered":"<p><img loading=\"lazy\" decoding=\"async\" class=\"aligncenter size-full wp-image-33518\" src=\"http:\/\/curva1.com.ar\/wp-content\/uploads\/2021\/01\/unnamed-2.jpg\" alt=\"\" width=\"992\" height=\"558\" srcset=\"https:\/\/curva1.com.ar\/wp-content\/uploads\/2021\/01\/unnamed-2.jpg 992w, https:\/\/curva1.com.ar\/wp-content\/uploads\/2021\/01\/unnamed-2-960x540.jpg 960w, https:\/\/curva1.com.ar\/wp-content\/uploads\/2021\/01\/unnamed-2-300x169.jpg 300w, https:\/\/curva1.com.ar\/wp-content\/uploads\/2021\/01\/unnamed-2-768x432.jpg 768w, https:\/\/curva1.com.ar\/wp-content\/uploads\/2021\/01\/unnamed-2-700x394.jpg 700w\" sizes=\"auto, (max-width: 992px) 100vw, 992px\" \/><\/p>\n<p><strong>Emmanuel C\u00e1ceres<\/strong>\u00a0finaliz\u00f3 su incursi\u00f3n en\u00a0Paran\u00e1, donde se disput\u00f3 la octava fecha del certamen del\u00a0Top Race V6, con un\u00a0noveno puesto\u00a0en la final del domingo.<\/p>\n<p>El piloto mendocino, con un auto del equipo\u00a0Fiat Octanos, tuvo una jornada dura ya que el rendimiento del auto no fue el \u00f3ptimo.<\/p>\n<p>En la final, el piloto de\u00a0San Mart\u00edn\u00a0tuvo un gran arranque y super\u00f3 a un par de rivales. Despu\u00e9s, le cost\u00f3 mantener el ritmo en la carrera y no pudo seguir avanzando en el clasificador. Finalmente, arrib\u00f3 en el 9\u00b0 puesto, en una competencia que gan\u00f3 Diego Azar.<\/p>\n<p><strong>&#8220;Para nosotros es muy importante poder terminar cada carrera, aunque obviamente ser m\u00e1s competitivos, porque en realidad nos falta dar un salto de calidad para pelear con los de arriba. Le agradezco al equipo porque trabaja para mejorar d\u00eda a d\u00eda y ojal\u00e1 que podamos hacerlo en el cierre de campeonato&#8221;<\/strong>, se\u00f1al\u00f3 C\u00e1ceres.<\/p>\n<p>El pr\u00f3ximo compromiso del mendocino ser\u00e1 el\u00a028 de febrero, cuando la categor\u00eda dispute la novena y \u00faltima fecha del certamen.<\/p>\n<p><img loading=\"lazy\" decoding=\"async\" class=\"aligncenter size-full wp-image-33519\" src=\"http:\/\/curva1.com.ar\/wp-content\/uploads\/2021\/01\/unnamed-1-1.jpg\" alt=\"\" width=\"1200\" height=\"798\" srcset=\"https:\/\/curva1.com.ar\/wp-content\/uploads\/2021\/01\/unnamed-1-1.jpg 1200w, https:\/\/curva1.com.ar\/wp-content\/uploads\/2021\/01\/unnamed-1-1-812x540.jpg 812w, https:\/\/curva1.com.ar\/wp-content\/uploads\/2021\/01\/unnamed-1-1-768x511.jpg 768w\" sizes=\"auto, (max-width: 1200px) 100vw, 1200px\" \/><\/p>\n<p>&nbsp;<\/p>\n","protected":false},"excerpt":{"rendered":"<p>Emmanuel C\u00e1ceres\u00a0finaliz\u00f3 su incursi\u00f3n en\u00a0Paran\u00e1, donde se disput\u00f3 la octava fecha del certamen del\u00a0Top Race<\/p>\n","protected":false},"author":1,"featured_media":33518,"comment_status":"closed","ping_status":"closed","sticky":false,"template":"","format":"standard","meta":{"footnotes":""},"categories":[6],"tags":[],"class_list":["post-33494","post","type-post","status-publish","format-standard","has-post-thumbnail","hentry","category-nacionales"],"featured_image_urls":{"full":["https:\/\/curva1.com.ar\/wp-content\/uploads\/2021\/01\/unnamed-2.jpg",992,558,false],"thumbnail":["https:\/\/curva1.com.ar\/wp-content\/uploads\/2021\/01\/unnamed-2-300x169.jpg",300,169,true],"medium":["https:\/\/curva1.com.ar\/wp-content\/uploads\/2021\/01\/unnamed-2-960x540.jpg",960,540,true],"medium_large":["https:\/\/curva1.com.ar\/wp-content\/uploads\/2021\/01\/unnamed-2-768x432.jpg",640,360,true],"large":["https:\/\/curva1.com.ar\/wp-content\/uploads\/2021\/01\/unnamed-2-960x540.jpg",640,360,true],"1536x1536":["https:\/\/curva1.com.ar\/wp-content\/uploads\/2021\/01\/unnamed-2.jpg",992,558,false],"2048x2048":["https:\/\/curva1.com.ar\/wp-content\/uploads\/2021\/01\/unnamed-2.jpg",992,558,false],"chromenews-featured":["https:\/\/curva1.com.ar\/wp-content\/uploads\/2021\/01\/unnamed-2.jpg",992,558,false],"chromenews-large":["https:\/\/curva1.com.ar\/wp-content\/uploads\/2021\/01\/unnamed-2.jpg",825,464,false],"chromenews-medium":["https:\/\/curva1.com.ar\/wp-content\/uploads\/2021\/01\/unnamed-2.jpg",590,332,false]},"author_info":{"display_name":"Jos\u00e9 Bravo","author_link":"https:\/\/curva1.com.ar\/?author=1"},"category_info":"<a href=\"https:\/\/curva1.com.ar\/?cat=6\" rel=\"category\">Nacionales<\/a>","tag_info":"Nacionales","comment_count":"0","yoast_head":"<!-- This site is optimized with the Yoast SEO Premium plugin v14.7 - https:\/\/yoast.com\/wordpress\/plugins\/seo\/ -->\n<title>C\u00e1ceres, otra vez en el top ten del Top Race V6 - Curva 1<\/title>\n<meta name=\"robots\" content=\"index, follow\" \/>\n<meta name=\"googlebot\" content=\"index, follow, max-snippet:-1, max-image-preview:large, max-video-preview:-1\" \/>\n<meta name=\"bingbot\" content=\"index, follow, max-snippet:-1, max-image-preview:large, max-video-preview:-1\" \/>\n<link rel=\"canonical\" href=\"https:\/\/curva1.com.ar\/?p=33494\" \/>\n<meta property=\"og:locale\" content=\"en_US\" \/>\n<meta property=\"og:type\" content=\"article\" \/>\n<meta property=\"og:title\" content=\"C\u00e1ceres, otra vez en el top ten del Top Race V6 - Curva 1\" \/>\n<meta property=\"og:description\" content=\"Emmanuel C\u00e1ceres\u00a0finaliz\u00f3 su incursi\u00f3n en\u00a0Paran\u00e1, donde se disput\u00f3 la octava fecha del certamen del\u00a0Top Race\" \/>\n<meta property=\"og:url\" content=\"https:\/\/curva1.com.ar\/?p=33494\" \/>\n<meta property=\"og:site_name\" content=\"Curva 1\" \/>\n<meta property=\"article:publisher\" content=\"https:\/\/www.facebook.com\/revistacurva1\/\" \/>\n<meta property=\"article:published_time\" content=\"2021-01-19T00:22:40+00:00\" \/>\n<meta property=\"article:modified_time\" content=\"2021-01-20T00:22:58+00:00\" \/>\n<meta property=\"og:image\" content=\"https:\/\/curva1.com.ar\/wp-content\/uploads\/2021\/01\/unnamed-2.jpg\" \/>\n\t<meta property=\"og:image:width\" content=\"992\" \/>\n\t<meta property=\"og:image:height\" content=\"558\" \/>\n<meta property=\"fb:app_id\" content=\"1593067817533208\" \/>\n<meta name=\"twitter:card\" content=\"summary_large_image\" \/>\n<meta name=\"twitter:creator\" content=\"@curva1mendoza\" \/>\n<meta name=\"twitter:site\" content=\"@curva1mendoza\" \/>\n<script type=\"application\/ld+json\" class=\"yoast-schema-graph\">{\"@context\":\"https:\/\/schema.org\",\"@graph\":[{\"@type\":\"WebSite\",\"@id\":\"https:\/\/curva1.com.ar\/#website\",\"url\":\"https:\/\/curva1.com.ar\/\",\"name\":\"Curva 1\",\"description\":\"Automovilismo de Mendoza\",\"potentialAction\":[{\"@type\":\"SearchAction\",\"target\":\"https:\/\/curva1.com.ar\/?s={search_term_string}\",\"query-input\":\"required name=search_term_string\"}],\"inLanguage\":\"en-US\"},{\"@type\":\"ImageObject\",\"@id\":\"https:\/\/curva1.com.ar\/?p=33494#primaryimage\",\"inLanguage\":\"en-US\",\"url\":\"https:\/\/curva1.com.ar\/wp-content\/uploads\/2021\/01\/unnamed-2.jpg\",\"width\":992,\"height\":558},{\"@type\":\"WebPage\",\"@id\":\"https:\/\/curva1.com.ar\/?p=33494#webpage\",\"url\":\"https:\/\/curva1.com.ar\/?p=33494\",\"name\":\"C\\u00e1ceres, otra vez en el top ten del Top Race V6 - Curva 1\",\"isPartOf\":{\"@id\":\"https:\/\/curva1.com.ar\/#website\"},\"primaryImageOfPage\":{\"@id\":\"https:\/\/curva1.com.ar\/?p=33494#primaryimage\"},\"datePublished\":\"2021-01-19T00:22:40+00:00\",\"dateModified\":\"2021-01-20T00:22:58+00:00\",\"author\":{\"@id\":\"https:\/\/curva1.com.ar\/#\/schema\/person\/f5fd12984d70df7314fbd9ab42f31033\"},\"inLanguage\":\"en-US\",\"potentialAction\":[{\"@type\":\"ReadAction\",\"target\":[\"https:\/\/curva1.com.ar\/?p=33494\"]}]},{\"@type\":[\"Person\"],\"@id\":\"https:\/\/curva1.com.ar\/#\/schema\/person\/f5fd12984d70df7314fbd9ab42f31033\",\"name\":\"Jos\\u00e9 Bravo\",\"image\":{\"@type\":\"ImageObject\",\"@id\":\"https:\/\/curva1.com.ar\/#personlogo\",\"inLanguage\":\"en-US\",\"url\":\"https:\/\/secure.gravatar.com\/avatar\/3ae0b1fdc6ddeb723a6e6c23609ed39de1d40a94b8112fd2c0c2032e2dabf28b?s=96&d=identicon&r=g\",\"caption\":\"Jos\\u00e9 Bravo\"}}]}<\/script>\n<!-- \/ Yoast SEO Premium plugin. -->","_links":{"self":[{"href":"https:\/\/curva1.com.ar\/index.php?rest_route=\/wp\/v2\/posts\/33494","targetHints":{"allow":["GET"]}}],"collection":[{"href":"https:\/\/curva1.com.ar\/index.php?rest_route=\/wp\/v2\/posts"}],"about":[{"href":"https:\/\/curva1.com.ar\/index.php?rest_route=\/wp\/v2\/types\/post"}],"author":[{"embeddable":true,"href":"https:\/\/curva1.com.ar\/index.php?rest_route=\/wp\/v2\/users\/1"}],"replies":[{"embeddable":true,"href":"https:\/\/curva1.com.ar\/index.php?rest_route=%2Fwp%2Fv2%2Fcomments&post=33494"}],"version-history":[{"count":1,"href":"https:\/\/curva1.com.ar\/index.php?rest_route=\/wp\/v2\/posts\/33494\/revisions"}],"predecessor-version":[{"id":33520,"href":"https:\/\/curva1.com.ar\/index.php?rest_route=\/wp\/v2\/posts\/33494\/revisions\/33520"}],"wp:featuredmedia":[{"embeddable":true,"href":"https:\/\/curva1.com.ar\/index.php?rest_route=\/wp\/v2\/media\/33518"}],"wp:attachment":[{"href":"https:\/\/curva1.com.ar\/index.php?rest_route=%2Fwp%2Fv2%2Fmedia&parent=33494"}],"wp:term":[{"taxonomy":"category","embeddable":true,"href":"https:\/\/curva1.com.ar\/index.php?rest_route=%2Fwp%2Fv2%2Fcategories&post=33494"},{"taxonomy":"post_tag","embeddable":true,"href":"https:\/\/curva1.com.ar\/index.php?rest_route=%2Fwp%2Fv2%2Ftags&post=33494"}],"curies":[{"name":"wp","href":"https:\/\/api.w.org\/{rel}","templated":true}]}}