{"id":3352,"date":"2013-01-21T23:22:53","date_gmt":"2013-01-22T02:22:53","guid":{"rendered":"http:\/\/www.curva1.com.ar\/?p=3352"},"modified":"2013-01-22T00:27:19","modified_gmt":"2013-01-22T03:27:19","slug":"vicino-y-mesas-se-quedaron-con-la-segunda-fecha-en-el-santo","status":"publish","type":"post","link":"https:\/\/curva1.com.ar\/?p=3352","title":{"rendered":"Vicino y Mesas se quedaron con la segunda fecha en El Santo"},"content":{"rendered":"<p><img loading=\"lazy\" decoding=\"async\" class=\"aligncenter size-full wp-image-3353\" alt=\"IMG_563gg0\" src=\"http:\/\/www.curva1.com.ar\/wp-content\/uploads\/2013\/01\/IMG_563gg0.jpg\" width=\"600\" height=\"338\" srcset=\"https:\/\/curva1.com.ar\/wp-content\/uploads\/2013\/01\/IMG_563gg0.jpg 600w, https:\/\/curva1.com.ar\/wp-content\/uploads\/2013\/01\/IMG_563gg0-300x169.jpg 300w, https:\/\/curva1.com.ar\/wp-content\/uploads\/2013\/01\/IMG_563gg0-598x337.jpg 598w\" sizes=\"auto, (max-width: 600px) 100vw, 600px\" \/><\/p>\n<p>Eduardo Vicino se qued\u00f3 con la segunda fecha del campeonato de speedway El Santo. El subcampe\u00f3n 2012 se qued\u00f3 con la victoria relegando a Leandro Cimino.<\/p>\n<p>En la categor\u00eda 850 el triunfador fue Javier Mesas, quien en la fecha pasada estuvo presente pero no pudo largar. Lo escoltaron Sergio Segura y Mauro G\u00f3mez de la Torre.<\/p>\n","protected":false},"excerpt":{"rendered":"<p>Eduardo Vicino se qued\u00f3 con la segunda fecha del campeonato de speedway El Santo. El<\/p>\n","protected":false},"author":1,"featured_media":3353,"comment_status":"open","ping_status":"closed","sticky":false,"template":"","format":"standard","meta":{"footnotes":""},"categories":[5],"tags":[],"class_list":["post-3352","post","type-post","status-publish","format-standard","has-post-thumbnail","hentry","category-speedway"],"featured_image_urls":{"full":["https:\/\/curva1.com.ar\/wp-content\/uploads\/2013\/01\/IMG_563gg0.jpg",600,338,false],"thumbnail":["https:\/\/curva1.com.ar\/wp-content\/uploads\/2013\/01\/IMG_563gg0-300x169.jpg",300,169,true],"medium":["https:\/\/curva1.com.ar\/wp-content\/uploads\/2013\/01\/IMG_563gg0-598x337.jpg",598,337,true],"medium_large":["https:\/\/curva1.com.ar\/wp-content\/uploads\/2013\/01\/IMG_563gg0.jpg",600,338,false],"large":["https:\/\/curva1.com.ar\/wp-content\/uploads\/2013\/01\/IMG_563gg0.jpg",600,338,false],"1536x1536":["https:\/\/curva1.com.ar\/wp-content\/uploads\/2013\/01\/IMG_563gg0.jpg",600,338,false],"2048x2048":["https:\/\/curva1.com.ar\/wp-content\/uploads\/2013\/01\/IMG_563gg0.jpg",600,338,false],"chromenews-featured":["https:\/\/curva1.com.ar\/wp-content\/uploads\/2013\/01\/IMG_563gg0.jpg",600,338,false],"chromenews-large":["https:\/\/curva1.com.ar\/wp-content\/uploads\/2013\/01\/IMG_563gg0.jpg",600,338,false],"chromenews-medium":["https:\/\/curva1.com.ar\/wp-content\/uploads\/2013\/01\/IMG_563gg0.jpg",590,332,false]},"author_info":{"display_name":"Jos\u00e9 Bravo","author_link":"https:\/\/curva1.com.ar\/?author=1"},"category_info":"<a href=\"https:\/\/curva1.com.ar\/?cat=5\" rel=\"category\">Speedway<\/a>","tag_info":"Speedway","comment_count":"0","_links":{"self":[{"href":"https:\/\/curva1.com.ar\/index.php?rest_route=\/wp\/v2\/posts\/3352","targetHints":{"allow":["GET"]}}],"collection":[{"href":"https:\/\/curva1.com.ar\/index.php?rest_route=\/wp\/v2\/posts"}],"about":[{"href":"https:\/\/curva1.com.ar\/index.php?rest_route=\/wp\/v2\/types\/post"}],"author":[{"embeddable":true,"href":"https:\/\/curva1.com.ar\/index.php?rest_route=\/wp\/v2\/users\/1"}],"replies":[{"embeddable":true,"href":"https:\/\/curva1.com.ar\/index.php?rest_route=%2Fwp%2Fv2%2Fcomments&post=3352"}],"version-history":[{"count":2,"href":"https:\/\/curva1.com.ar\/index.php?rest_route=\/wp\/v2\/posts\/3352\/revisions"}],"predecessor-version":[{"id":3355,"href":"https:\/\/curva1.com.ar\/index.php?rest_route=\/wp\/v2\/posts\/3352\/revisions\/3355"}],"wp:featuredmedia":[{"embeddable":true,"href":"https:\/\/curva1.com.ar\/index.php?rest_route=\/wp\/v2\/media\/3353"}],"wp:attachment":[{"href":"https:\/\/curva1.com.ar\/index.php?rest_route=%2Fwp%2Fv2%2Fmedia&parent=3352"}],"wp:term":[{"taxonomy":"category","embeddable":true,"href":"https:\/\/curva1.com.ar\/index.php?rest_route=%2Fwp%2Fv2%2Fcategories&post=3352"},{"taxonomy":"post_tag","embeddable":true,"href":"https:\/\/curva1.com.ar\/index.php?rest_route=%2Fwp%2Fv2%2Ftags&post=3352"}],"curies":[{"name":"wp","href":"https:\/\/api.w.org\/{rel}","templated":true}]}}