{"id":3410,"date":"2013-01-24T14:42:15","date_gmt":"2013-01-24T17:42:15","guid":{"rendered":"http:\/\/www.curva1.com.ar\/?p=3410"},"modified":"2013-01-29T01:49:49","modified_gmt":"2013-01-29T04:49:49","slug":"3410","status":"publish","type":"post","link":"https:\/\/curva1.com.ar\/?p=3410","title":{"rendered":"Ya se conocen los calendarios del automovilismo y karting"},"content":{"rendered":"<p style=\"text-align: center;\"><img loading=\"lazy\" decoding=\"async\" class=\"size-full wp-image-3411 aligncenter\" alt=\"caffs\" src=\"http:\/\/www.curva1.com.ar\/wp-content\/uploads\/2013\/01\/caffs.jpg\" width=\"499\" height=\"281\" srcset=\"https:\/\/curva1.com.ar\/wp-content\/uploads\/2013\/01\/caffs.jpg 600w, https:\/\/curva1.com.ar\/wp-content\/uploads\/2013\/01\/caffs-300x169.jpg 300w, https:\/\/curva1.com.ar\/wp-content\/uploads\/2013\/01\/caffs-598x337.jpg 598w\" sizes=\"auto, (max-width: 499px) 100vw, 499px\" \/><\/p>\n<p>FEMAD public\u00f3 los pre calendarios para el 2013.<\/p>\n<p>El Zonal Cuyano abrir\u00e1 la temporada el 17 de marzo. Una semana desp\u00faes (24\/3) comenzar\u00e1 Tradicionales y el karting Sure\u00f1o, mientras que el 31 de marzo lo har\u00e1 el MZ Kart.<\/p>\n<p>El zonal tendr\u00e1 10 fechas, Tradicionales 12, el Karting Sure\u00f1o correr\u00e1 10 carreras y el MZ Kart 9 competencias.<\/p>\n<p style=\"padding-left: 30px;\"><a href=\"http:\/\/www.facebook.com\/photo.php?fbid=10152470269415113&amp;set=a.10150182553345113.431429.338902660112&amp;type=1&amp;theater\" target=\"_blank\">Mira esta publicaci\u00f3n en Facebook<\/a><\/p>\n<p><strong>ZONAL CUYANO<\/strong><\/p>\n<ol>\n<li>17 de marzo<\/li>\n<li>7 de abril<\/li>\n<li>5 de mayo<\/li>\n<li>2 de junior<\/li>\n<li>23 de junio<\/li>\n<li>14 de julio<\/li>\n<li>18 de agosto<\/li>\n<li>15 de setiembre<\/li>\n<li>6 de octubre<\/li>\n<li>10 de noviembre<\/li>\n<\/ol>\n<p><strong>TRADICIONALES<\/strong><\/p>\n<ol>\n<li>24 de marzo<\/li>\n<li>21 de abril<\/li>\n<li>19 de mayo<\/li>\n<li>16 de junio<\/li>\n<li>7 de julio<\/li>\n<li>28 de julio<\/li>\n<li>25 de agosto<\/li>\n<li>8 de setiembre<\/li>\n<li>22 de setiembre<\/li>\n<li>13 de octubre<\/li>\n<li>3 de noviembre<\/li>\n<li>24 de noviembre<\/li>\n<\/ol>\n<p><strong>MZ KART<\/strong><\/p>\n<ol>\n<li>31 de marzo<\/li>\n<li>21 de abril<\/li>\n<li>12 de mayo<\/li>\n<li>16 de junio<\/li>\n<li>7 de julio<\/li>\n<li>4 de agosto<\/li>\n<li>1 de setiembre<\/li>\n<li>6 de octubre<\/li>\n<li>17 de noviembre<\/li>\n<\/ol>\n<p><strong>KARTING SURE\u00d1O<\/strong><\/p>\n<ol>\n<li>24 de marzo<\/li>\n<li>28 de abril<\/li>\n<li>19 de mayo<\/li>\n<li>9 de junio<\/li>\n<li>30 de junio<\/li>\n<li>21 de julio<\/li>\n<li>25 de agosto<\/li>\n<li>22 de setiembre<\/li>\n<li>27 de octubre<\/li>\n<li>10 de noviembre<\/li>\n<\/ol>\n<p><img loading=\"lazy\" decoding=\"async\" class=\"alignleft size-full wp-image-3412\" alt=\"caffts\" src=\"http:\/\/www.curva1.com.ar\/wp-content\/uploads\/2013\/01\/caffts1.jpg\" width=\"600\" height=\"770\" srcset=\"https:\/\/curva1.com.ar\/wp-content\/uploads\/2013\/01\/caffts1.jpg 600w, https:\/\/curva1.com.ar\/wp-content\/uploads\/2013\/01\/caffts1-262x337.jpg 262w\" sizes=\"auto, (max-width: 600px) 100vw, 600px\" \/><\/p>\n","protected":false},"excerpt":{"rendered":"<p>FEMAD public\u00f3 los pre calendarios para el 2013. El Zonal Cuyano abrir\u00e1 la temporada el<\/p>\n","protected":false},"author":1,"featured_media":3411,"comment_status":"open","ping_status":"closed","sticky":false,"template":"","format":"standard","meta":{"footnotes":""},"categories":[4,3,1],"tags":[],"class_list":["post-3410","post","type-post","status-publish","format-standard","has-post-thumbnail","hentry","category-karting","category-tradicionales","category-zonal-cuyano"],"featured_image_urls":{"full":["https:\/\/curva1.com.ar\/wp-content\/uploads\/2013\/01\/caffs.jpg",600,338,false],"thumbnail":["https:\/\/curva1.com.ar\/wp-content\/uploads\/2013\/01\/caffs-300x169.jpg",300,169,true],"medium":["https:\/\/curva1.com.ar\/wp-content\/uploads\/2013\/01\/caffs-598x337.jpg",598,337,true],"medium_large":["https:\/\/curva1.com.ar\/wp-content\/uploads\/2013\/01\/caffs.jpg",600,338,false],"large":["https:\/\/curva1.com.ar\/wp-content\/uploads\/2013\/01\/caffs.jpg",600,338,false],"1536x1536":["https:\/\/curva1.com.ar\/wp-content\/uploads\/2013\/01\/caffs.jpg",600,338,false],"2048x2048":["https:\/\/curva1.com.ar\/wp-content\/uploads\/2013\/01\/caffs.jpg",600,338,false],"chromenews-featured":["https:\/\/curva1.com.ar\/wp-content\/uploads\/2013\/01\/caffs.jpg",600,338,false],"chromenews-large":["https:\/\/curva1.com.ar\/wp-content\/uploads\/2013\/01\/caffs.jpg",600,338,false],"chromenews-medium":["https:\/\/curva1.com.ar\/wp-content\/uploads\/2013\/01\/caffs.jpg",590,332,false]},"author_info":{"display_name":"Jos\u00e9 Bravo","author_link":"https:\/\/curva1.com.ar\/?author=1"},"category_info":"<a href=\"https:\/\/curva1.com.ar\/?cat=4\" rel=\"category\">Karting Asfalto<\/a> <a href=\"https:\/\/curva1.com.ar\/?cat=3\" rel=\"category\">Tradicionales<\/a> <a href=\"https:\/\/curva1.com.ar\/?cat=1\" rel=\"category\">Zonal Cuyano<\/a>","tag_info":"Zonal Cuyano","comment_count":"0","_links":{"self":[{"href":"https:\/\/curva1.com.ar\/index.php?rest_route=\/wp\/v2\/posts\/3410","targetHints":{"allow":["GET"]}}],"collection":[{"href":"https:\/\/curva1.com.ar\/index.php?rest_route=\/wp\/v2\/posts"}],"about":[{"href":"https:\/\/curva1.com.ar\/index.php?rest_route=\/wp\/v2\/types\/post"}],"author":[{"embeddable":true,"href":"https:\/\/curva1.com.ar\/index.php?rest_route=\/wp\/v2\/users\/1"}],"replies":[{"embeddable":true,"href":"https:\/\/curva1.com.ar\/index.php?rest_route=%2Fwp%2Fv2%2Fcomments&post=3410"}],"version-history":[{"count":8,"href":"https:\/\/curva1.com.ar\/index.php?rest_route=\/wp\/v2\/posts\/3410\/revisions"}],"predecessor-version":[{"id":3471,"href":"https:\/\/curva1.com.ar\/index.php?rest_route=\/wp\/v2\/posts\/3410\/revisions\/3471"}],"wp:featuredmedia":[{"embeddable":true,"href":"https:\/\/curva1.com.ar\/index.php?rest_route=\/wp\/v2\/media\/3411"}],"wp:attachment":[{"href":"https:\/\/curva1.com.ar\/index.php?rest_route=%2Fwp%2Fv2%2Fmedia&parent=3410"}],"wp:term":[{"taxonomy":"category","embeddable":true,"href":"https:\/\/curva1.com.ar\/index.php?rest_route=%2Fwp%2Fv2%2Fcategories&post=3410"},{"taxonomy":"post_tag","embeddable":true,"href":"https:\/\/curva1.com.ar\/index.php?rest_route=%2Fwp%2Fv2%2Ftags&post=3410"}],"curies":[{"name":"wp","href":"https:\/\/api.w.org\/{rel}","templated":true}]}}