{"id":3435,"date":"2013-01-25T11:05:40","date_gmt":"2013-01-25T14:05:40","guid":{"rendered":"http:\/\/www.curva1.com.ar\/?p=3435"},"modified":"2013-01-29T02:04:37","modified_gmt":"2013-01-29T05:04:37","slug":"la-intimidad-del-alifraco-sport-el-equipo-de-matias-jalaf","status":"publish","type":"post","link":"https:\/\/curva1.com.ar\/?p=3435","title":{"rendered":"La intimidad del Alifraco Sport, el equipo de Mat\u00edas Jalaf"},"content":{"rendered":"<p style=\"text-align: center;\"><img loading=\"lazy\" decoding=\"async\" class=\"size-full wp-image-3437 aligncenter\" alt=\"487030_184463995010568_1321315598_n\" src=\"http:\/\/www.curva1.com.ar\/wp-content\/uploads\/2013\/01\/487030_184463995010568_1321315598_n.jpg\" width=\"499\" height=\"281\" srcset=\"https:\/\/curva1.com.ar\/wp-content\/uploads\/2013\/01\/487030_184463995010568_1321315598_n.jpg 600w, https:\/\/curva1.com.ar\/wp-content\/uploads\/2013\/01\/487030_184463995010568_1321315598_n-300x169.jpg 300w, https:\/\/curva1.com.ar\/wp-content\/uploads\/2013\/01\/487030_184463995010568_1321315598_n-598x337.jpg 598w\" sizes=\"auto, (max-width: 499px) 100vw, 499px\" \/><\/p>\n<p>Pistas Argentinas hizo una nota especial sobre &#8220;como trabaja&#8221; el team Alifraco Sport en sus autos del Turismo Carretera.<\/p>\n<p>Entre sus filas se encuentra el Ford del mendocino Mat\u00edas Jalaf (arriba), con nuevo dise\u00f1o de colores y prepar\u00e1ndolo para la fecha inicial en Mar de Aj\u00f3.<\/p>\n<p><iframe loading=\"lazy\" src=\"http:\/\/www.youtube.com\/embed\/yqFyIJmgqko?rel=0\" height=\"338\" width=\"600\" allowfullscreen=\"\" frameborder=\"0\"><\/iframe><\/p>\n","protected":false},"excerpt":{"rendered":"<p>Pistas Argentinas hizo una nota especial sobre &#8220;como trabaja&#8221; el team Alifraco Sport en sus<\/p>\n","protected":false},"author":1,"featured_media":3436,"comment_status":"open","ping_status":"closed","sticky":false,"template":"","format":"standard","meta":{"footnotes":""},"categories":[6],"tags":[],"class_list":["post-3435","post","type-post","status-publish","format-standard","has-post-thumbnail","hentry","category-nacionales"],"featured_image_urls":{"full":["https:\/\/curva1.com.ar\/wp-content\/uploads\/2013\/01\/544000_184464415010526_1556919623_n.jpg",600,338,false],"thumbnail":["https:\/\/curva1.com.ar\/wp-content\/uploads\/2013\/01\/544000_184464415010526_1556919623_n-300x169.jpg",300,169,true],"medium":["https:\/\/curva1.com.ar\/wp-content\/uploads\/2013\/01\/544000_184464415010526_1556919623_n-598x337.jpg",598,337,true],"medium_large":["https:\/\/curva1.com.ar\/wp-content\/uploads\/2013\/01\/544000_184464415010526_1556919623_n.jpg",600,338,false],"large":["https:\/\/curva1.com.ar\/wp-content\/uploads\/2013\/01\/544000_184464415010526_1556919623_n.jpg",600,338,false],"1536x1536":["https:\/\/curva1.com.ar\/wp-content\/uploads\/2013\/01\/544000_184464415010526_1556919623_n.jpg",600,338,false],"2048x2048":["https:\/\/curva1.com.ar\/wp-content\/uploads\/2013\/01\/544000_184464415010526_1556919623_n.jpg",600,338,false],"chromenews-featured":["https:\/\/curva1.com.ar\/wp-content\/uploads\/2013\/01\/544000_184464415010526_1556919623_n.jpg",600,338,false],"chromenews-large":["https:\/\/curva1.com.ar\/wp-content\/uploads\/2013\/01\/544000_184464415010526_1556919623_n.jpg",600,338,false],"chromenews-medium":["https:\/\/curva1.com.ar\/wp-content\/uploads\/2013\/01\/544000_184464415010526_1556919623_n.jpg",590,332,false]},"author_info":{"display_name":"Jos\u00e9 Bravo","author_link":"https:\/\/curva1.com.ar\/?author=1"},"category_info":"<a href=\"https:\/\/curva1.com.ar\/?cat=6\" rel=\"category\">Nacionales<\/a>","tag_info":"Nacionales","comment_count":"0","_links":{"self":[{"href":"https:\/\/curva1.com.ar\/index.php?rest_route=\/wp\/v2\/posts\/3435","targetHints":{"allow":["GET"]}}],"collection":[{"href":"https:\/\/curva1.com.ar\/index.php?rest_route=\/wp\/v2\/posts"}],"about":[{"href":"https:\/\/curva1.com.ar\/index.php?rest_route=\/wp\/v2\/types\/post"}],"author":[{"embeddable":true,"href":"https:\/\/curva1.com.ar\/index.php?rest_route=\/wp\/v2\/users\/1"}],"replies":[{"embeddable":true,"href":"https:\/\/curva1.com.ar\/index.php?rest_route=%2Fwp%2Fv2%2Fcomments&post=3435"}],"version-history":[{"count":6,"href":"https:\/\/curva1.com.ar\/index.php?rest_route=\/wp\/v2\/posts\/3435\/revisions"}],"predecessor-version":[{"id":3484,"href":"https:\/\/curva1.com.ar\/index.php?rest_route=\/wp\/v2\/posts\/3435\/revisions\/3484"}],"wp:featuredmedia":[{"embeddable":true,"href":"https:\/\/curva1.com.ar\/index.php?rest_route=\/wp\/v2\/media\/3436"}],"wp:attachment":[{"href":"https:\/\/curva1.com.ar\/index.php?rest_route=%2Fwp%2Fv2%2Fmedia&parent=3435"}],"wp:term":[{"taxonomy":"category","embeddable":true,"href":"https:\/\/curva1.com.ar\/index.php?rest_route=%2Fwp%2Fv2%2Fcategories&post=3435"},{"taxonomy":"post_tag","embeddable":true,"href":"https:\/\/curva1.com.ar\/index.php?rest_route=%2Fwp%2Fv2%2Ftags&post=3435"}],"curies":[{"name":"wp","href":"https:\/\/api.w.org\/{rel}","templated":true}]}}