{"id":3489,"date":"2013-01-28T11:47:56","date_gmt":"2013-01-28T14:47:56","guid":{"rendered":"http:\/\/www.curva1.com.ar\/?p=3489"},"modified":"2013-01-29T11:49:53","modified_gmt":"2013-01-29T14:49:53","slug":"te-mostramos-el-nuevo-diseno-del-auto-de-matias-jalaf","status":"publish","type":"post","link":"https:\/\/curva1.com.ar\/?p=3489","title":{"rendered":"Te mostramos el nuevo dise\u00f1o del auto de Mat\u00edas Jalaf"},"content":{"rendered":"<p>Pistas Argentinas dio a conocer el nuevo dise\u00f1o del piloto mendocino que compite en el Turismo Carretera.<\/p>\n<p>As\u00ed lucir\u00e1 el Ford de Mat\u00edas Jalaf durante la temporada 2013.<\/p>\n<p><img loading=\"lazy\" decoding=\"async\" class=\"aligncenter size-full wp-image-3490\" alt=\"BBt92qcCAAAIjIB.jpg large\" src=\"http:\/\/www.curva1.com.ar\/wp-content\/uploads\/2013\/01\/BBt92qcCAAAIjIB.jpg-large.jpg\" width=\"500\" height=\"441\" srcset=\"https:\/\/curva1.com.ar\/wp-content\/uploads\/2013\/01\/BBt92qcCAAAIjIB.jpg-large.jpg 500w, https:\/\/curva1.com.ar\/wp-content\/uploads\/2013\/01\/BBt92qcCAAAIjIB.jpg-large-382x337.jpg 382w\" sizes=\"auto, (max-width: 500px) 100vw, 500px\" \/><\/p>\n","protected":false},"excerpt":{"rendered":"<p>Pistas Argentinas dio a conocer el nuevo dise\u00f1o del piloto mendocino que compite en el<\/p>\n","protected":false},"author":1,"featured_media":3491,"comment_status":"open","ping_status":"closed","sticky":false,"template":"","format":"standard","meta":{"footnotes":""},"categories":[6],"tags":[],"class_list":["post-3489","post","type-post","status-publish","format-standard","has-post-thumbnail","hentry","category-nacionales"],"featured_image_urls":{"full":["https:\/\/curva1.com.ar\/wp-content\/uploads\/2013\/01\/mjjkalaf.jpg",200,113,false],"thumbnail":["https:\/\/curva1.com.ar\/wp-content\/uploads\/2013\/01\/mjjkalaf.jpg",200,113,false],"medium":["https:\/\/curva1.com.ar\/wp-content\/uploads\/2013\/01\/mjjkalaf.jpg",200,113,false],"medium_large":["https:\/\/curva1.com.ar\/wp-content\/uploads\/2013\/01\/mjjkalaf.jpg",200,113,false],"large":["https:\/\/curva1.com.ar\/wp-content\/uploads\/2013\/01\/mjjkalaf.jpg",200,113,false],"1536x1536":["https:\/\/curva1.com.ar\/wp-content\/uploads\/2013\/01\/mjjkalaf.jpg",200,113,false],"2048x2048":["https:\/\/curva1.com.ar\/wp-content\/uploads\/2013\/01\/mjjkalaf.jpg",200,113,false],"chromenews-featured":["https:\/\/curva1.com.ar\/wp-content\/uploads\/2013\/01\/mjjkalaf.jpg",200,113,false],"chromenews-large":["https:\/\/curva1.com.ar\/wp-content\/uploads\/2013\/01\/mjjkalaf.jpg",200,113,false],"chromenews-medium":["https:\/\/curva1.com.ar\/wp-content\/uploads\/2013\/01\/mjjkalaf.jpg",200,113,false]},"author_info":{"display_name":"Jos\u00e9 Bravo","author_link":"https:\/\/curva1.com.ar\/?author=1"},"category_info":"<a href=\"https:\/\/curva1.com.ar\/?cat=6\" rel=\"category\">Nacionales<\/a>","tag_info":"Nacionales","comment_count":"0","_links":{"self":[{"href":"https:\/\/curva1.com.ar\/index.php?rest_route=\/wp\/v2\/posts\/3489","targetHints":{"allow":["GET"]}}],"collection":[{"href":"https:\/\/curva1.com.ar\/index.php?rest_route=\/wp\/v2\/posts"}],"about":[{"href":"https:\/\/curva1.com.ar\/index.php?rest_route=\/wp\/v2\/types\/post"}],"author":[{"embeddable":true,"href":"https:\/\/curva1.com.ar\/index.php?rest_route=\/wp\/v2\/users\/1"}],"replies":[{"embeddable":true,"href":"https:\/\/curva1.com.ar\/index.php?rest_route=%2Fwp%2Fv2%2Fcomments&post=3489"}],"version-history":[{"count":1,"href":"https:\/\/curva1.com.ar\/index.php?rest_route=\/wp\/v2\/posts\/3489\/revisions"}],"predecessor-version":[{"id":3492,"href":"https:\/\/curva1.com.ar\/index.php?rest_route=\/wp\/v2\/posts\/3489\/revisions\/3492"}],"wp:featuredmedia":[{"embeddable":true,"href":"https:\/\/curva1.com.ar\/index.php?rest_route=\/wp\/v2\/media\/3491"}],"wp:attachment":[{"href":"https:\/\/curva1.com.ar\/index.php?rest_route=%2Fwp%2Fv2%2Fmedia&parent=3489"}],"wp:term":[{"taxonomy":"category","embeddable":true,"href":"https:\/\/curva1.com.ar\/index.php?rest_route=%2Fwp%2Fv2%2Fcategories&post=3489"},{"taxonomy":"post_tag","embeddable":true,"href":"https:\/\/curva1.com.ar\/index.php?rest_route=%2Fwp%2Fv2%2Ftags&post=3489"}],"curies":[{"name":"wp","href":"https:\/\/api.w.org\/{rel}","templated":true}]}}