{"id":35123,"date":"2021-04-22T15:16:18","date_gmt":"2021-04-22T18:16:18","guid":{"rendered":"http:\/\/curva1.com.ar\/?p=35123"},"modified":"2021-04-22T15:18:50","modified_gmt":"2021-04-22T18:18:50","slug":"figueroa-top-ten-en-la-tercera-fecha-de-rotax","status":"publish","type":"post","link":"https:\/\/curva1.com.ar\/?p=35123","title":{"rendered":"Figueroa top ten en la tercera fecha de Rotax Argentina"},"content":{"rendered":"<p><img loading=\"lazy\" decoding=\"async\" class=\"aligncenter size-full wp-image-35124\" src=\"http:\/\/curva1.com.ar\/wp-content\/uploads\/2021\/04\/174627121_3957338311013876_1225851611461251767_n.jpg\" alt=\"\" width=\"1080\" height=\"720\" srcset=\"https:\/\/curva1.com.ar\/wp-content\/uploads\/2021\/04\/174627121_3957338311013876_1225851611461251767_n.jpg 1080w, https:\/\/curva1.com.ar\/wp-content\/uploads\/2021\/04\/174627121_3957338311013876_1225851611461251767_n-810x540.jpg 810w, https:\/\/curva1.com.ar\/wp-content\/uploads\/2021\/04\/174627121_3957338311013876_1225851611461251767_n-768x512.jpg 768w\" sizes=\"auto, (max-width: 1080px) 100vw, 1080px\" \/><\/p>\n<p>El piloto mendocino <strong>FRANCISCO FIGUEROA<\/strong> complet\u00f3 una nueva carrera el pasado fin de semana en el campeonato <strong>Rotax Argentina<\/strong>, que se realiz\u00f3 en el <strong>Kart\u00f3dromo Internacional de Buenos Aires.<\/strong><\/p>\n<p>Figueroa tuvo fuerte actividad, ya que fue un evento especial con 2 pr\u00e1cticas oficiales, 2 clasificaciones, 4 mangas y 2 finales.<\/p>\n<p>&#8220;Fran&#8221; clasific\u00f3 8\u00b0 el s\u00e1bado y fue 9\u00b0 y 5\u00b0 en las mangas de la categor\u00eda Mini Max, mientras que lleg\u00f3 10\u00b0 en la carrera final. El domingo, el piloto del <strong>Zaffaroni Karting<\/strong> repiti\u00f3 los mismos lugares en la qualy y mangas, pero pudo recuperarse en la final de un despiste las primeras vueltas, para cerrar su participaci\u00f3n con un 7\u00b0 lugar.<\/p>\n<p>Ahora tendr\u00e1 un par de semanas de descanso, ya que este fin de semana deb\u00eda disputar la fecha del Campeonato Argentino de Karting en Trenque Lauquen, carrera que se suspendi\u00f3 por el Covid-19.<\/p>\n","protected":false},"excerpt":{"rendered":"<p>El piloto mendocino FRANCISCO FIGUEROA complet\u00f3 una nueva carrera el pasado fin de semana en<\/p>\n","protected":false},"author":1,"featured_media":35124,"comment_status":"closed","ping_status":"closed","sticky":false,"template":"","format":"standard","meta":{"footnotes":""},"categories":[4],"tags":[],"class_list":["post-35123","post","type-post","status-publish","format-standard","has-post-thumbnail","hentry","category-karting"],"featured_image_urls":{"full":["https:\/\/curva1.com.ar\/wp-content\/uploads\/2021\/04\/174627121_3957338311013876_1225851611461251767_n.jpg",1080,720,false],"thumbnail":["https:\/\/curva1.com.ar\/wp-content\/uploads\/2021\/04\/174627121_3957338311013876_1225851611461251767_n-300x169.jpg",300,169,true],"medium":["https:\/\/curva1.com.ar\/wp-content\/uploads\/2021\/04\/174627121_3957338311013876_1225851611461251767_n-810x540.jpg",810,540,true],"medium_large":["https:\/\/curva1.com.ar\/wp-content\/uploads\/2021\/04\/174627121_3957338311013876_1225851611461251767_n-768x512.jpg",640,427,true],"large":["https:\/\/curva1.com.ar\/wp-content\/uploads\/2021\/04\/174627121_3957338311013876_1225851611461251767_n-810x540.jpg",640,427,true],"1536x1536":["https:\/\/curva1.com.ar\/wp-content\/uploads\/2021\/04\/174627121_3957338311013876_1225851611461251767_n.jpg",1080,720,false],"2048x2048":["https:\/\/curva1.com.ar\/wp-content\/uploads\/2021\/04\/174627121_3957338311013876_1225851611461251767_n.jpg",1080,720,false],"chromenews-featured":["https:\/\/curva1.com.ar\/wp-content\/uploads\/2021\/04\/174627121_3957338311013876_1225851611461251767_n.jpg",1024,683,false],"chromenews-large":["https:\/\/curva1.com.ar\/wp-content\/uploads\/2021\/04\/174627121_3957338311013876_1225851611461251767_n.jpg",825,550,false],"chromenews-medium":["https:\/\/curva1.com.ar\/wp-content\/uploads\/2021\/04\/174627121_3957338311013876_1225851611461251767_n.jpg",590,393,false]},"author_info":{"display_name":"Jos\u00e9 Bravo","author_link":"https:\/\/curva1.com.ar\/?author=1"},"category_info":"<a href=\"https:\/\/curva1.com.ar\/?cat=4\" rel=\"category\">Karting Asfalto<\/a>","tag_info":"Karting Asfalto","comment_count":"0","yoast_head":"<!-- This site is optimized with the Yoast SEO Premium plugin v14.7 - https:\/\/yoast.com\/wordpress\/plugins\/seo\/ -->\n<title>Figueroa top ten en la tercera fecha de Rotax Argentina - Curva 1<\/title>\n<meta name=\"robots\" content=\"index, follow\" \/>\n<meta name=\"googlebot\" content=\"index, follow, max-snippet:-1, max-image-preview:large, max-video-preview:-1\" \/>\n<meta name=\"bingbot\" content=\"index, follow, max-snippet:-1, max-image-preview:large, max-video-preview:-1\" \/>\n<link rel=\"canonical\" href=\"https:\/\/curva1.com.ar\/?p=35123\" \/>\n<meta property=\"og:locale\" content=\"en_US\" \/>\n<meta property=\"og:type\" content=\"article\" \/>\n<meta property=\"og:title\" content=\"Figueroa top ten en la tercera fecha de Rotax Argentina - Curva 1\" \/>\n<meta property=\"og:description\" content=\"El piloto mendocino FRANCISCO FIGUEROA complet\u00f3 una nueva carrera el pasado fin de semana en\" \/>\n<meta property=\"og:url\" content=\"https:\/\/curva1.com.ar\/?p=35123\" \/>\n<meta property=\"og:site_name\" content=\"Curva 1\" \/>\n<meta property=\"article:publisher\" content=\"https:\/\/www.facebook.com\/revistacurva1\/\" \/>\n<meta property=\"article:published_time\" content=\"2021-04-22T18:16:18+00:00\" \/>\n<meta property=\"article:modified_time\" content=\"2021-04-22T18:18:50+00:00\" \/>\n<meta property=\"og:image\" content=\"https:\/\/curva1.com.ar\/wp-content\/uploads\/2021\/04\/174627121_3957338311013876_1225851611461251767_n.jpg\" \/>\n\t<meta property=\"og:image:width\" content=\"1080\" \/>\n\t<meta property=\"og:image:height\" content=\"720\" \/>\n<meta property=\"fb:app_id\" content=\"1593067817533208\" \/>\n<meta name=\"twitter:card\" content=\"summary_large_image\" \/>\n<meta name=\"twitter:creator\" content=\"@curva1mendoza\" \/>\n<meta name=\"twitter:site\" content=\"@curva1mendoza\" \/>\n<script type=\"application\/ld+json\" class=\"yoast-schema-graph\">{\"@context\":\"https:\/\/schema.org\",\"@graph\":[{\"@type\":\"WebSite\",\"@id\":\"https:\/\/curva1.com.ar\/#website\",\"url\":\"https:\/\/curva1.com.ar\/\",\"name\":\"Curva 1\",\"description\":\"Automovilismo de Mendoza\",\"potentialAction\":[{\"@type\":\"SearchAction\",\"target\":\"https:\/\/curva1.com.ar\/?s={search_term_string}\",\"query-input\":\"required name=search_term_string\"}],\"inLanguage\":\"en-US\"},{\"@type\":\"ImageObject\",\"@id\":\"https:\/\/curva1.com.ar\/?p=35123#primaryimage\",\"inLanguage\":\"en-US\",\"url\":\"https:\/\/curva1.com.ar\/wp-content\/uploads\/2021\/04\/174627121_3957338311013876_1225851611461251767_n.jpg\",\"width\":1080,\"height\":720},{\"@type\":\"WebPage\",\"@id\":\"https:\/\/curva1.com.ar\/?p=35123#webpage\",\"url\":\"https:\/\/curva1.com.ar\/?p=35123\",\"name\":\"Figueroa top ten en la tercera fecha de Rotax Argentina - Curva 1\",\"isPartOf\":{\"@id\":\"https:\/\/curva1.com.ar\/#website\"},\"primaryImageOfPage\":{\"@id\":\"https:\/\/curva1.com.ar\/?p=35123#primaryimage\"},\"datePublished\":\"2021-04-22T18:16:18+00:00\",\"dateModified\":\"2021-04-22T18:18:50+00:00\",\"author\":{\"@id\":\"https:\/\/curva1.com.ar\/#\/schema\/person\/f5fd12984d70df7314fbd9ab42f31033\"},\"inLanguage\":\"en-US\",\"potentialAction\":[{\"@type\":\"ReadAction\",\"target\":[\"https:\/\/curva1.com.ar\/?p=35123\"]}]},{\"@type\":[\"Person\"],\"@id\":\"https:\/\/curva1.com.ar\/#\/schema\/person\/f5fd12984d70df7314fbd9ab42f31033\",\"name\":\"Jos\\u00e9 Bravo\",\"image\":{\"@type\":\"ImageObject\",\"@id\":\"https:\/\/curva1.com.ar\/#personlogo\",\"inLanguage\":\"en-US\",\"url\":\"https:\/\/secure.gravatar.com\/avatar\/3ae0b1fdc6ddeb723a6e6c23609ed39de1d40a94b8112fd2c0c2032e2dabf28b?s=96&d=identicon&r=g\",\"caption\":\"Jos\\u00e9 Bravo\"}}]}<\/script>\n<!-- \/ Yoast SEO Premium plugin. -->","_links":{"self":[{"href":"https:\/\/curva1.com.ar\/index.php?rest_route=\/wp\/v2\/posts\/35123","targetHints":{"allow":["GET"]}}],"collection":[{"href":"https:\/\/curva1.com.ar\/index.php?rest_route=\/wp\/v2\/posts"}],"about":[{"href":"https:\/\/curva1.com.ar\/index.php?rest_route=\/wp\/v2\/types\/post"}],"author":[{"embeddable":true,"href":"https:\/\/curva1.com.ar\/index.php?rest_route=\/wp\/v2\/users\/1"}],"replies":[{"embeddable":true,"href":"https:\/\/curva1.com.ar\/index.php?rest_route=%2Fwp%2Fv2%2Fcomments&post=35123"}],"version-history":[{"count":5,"href":"https:\/\/curva1.com.ar\/index.php?rest_route=\/wp\/v2\/posts\/35123\/revisions"}],"predecessor-version":[{"id":35178,"href":"https:\/\/curva1.com.ar\/index.php?rest_route=\/wp\/v2\/posts\/35123\/revisions\/35178"}],"wp:featuredmedia":[{"embeddable":true,"href":"https:\/\/curva1.com.ar\/index.php?rest_route=\/wp\/v2\/media\/35124"}],"wp:attachment":[{"href":"https:\/\/curva1.com.ar\/index.php?rest_route=%2Fwp%2Fv2%2Fmedia&parent=35123"}],"wp:term":[{"taxonomy":"category","embeddable":true,"href":"https:\/\/curva1.com.ar\/index.php?rest_route=%2Fwp%2Fv2%2Fcategories&post=35123"},{"taxonomy":"post_tag","embeddable":true,"href":"https:\/\/curva1.com.ar\/index.php?rest_route=%2Fwp%2Fv2%2Ftags&post=35123"}],"curies":[{"name":"wp","href":"https:\/\/api.w.org\/{rel}","templated":true}]}}