{"id":3526,"date":"2013-01-30T00:58:53","date_gmt":"2013-01-30T03:58:53","guid":{"rendered":"http:\/\/www.curva1.com.ar\/?p=3526"},"modified":"2013-01-31T21:38:46","modified_gmt":"2013-02-01T00:38:46","slug":"peluche-caceres-correra-en-un-peugeot-307-de-tc2000","status":"publish","type":"post","link":"https:\/\/curva1.com.ar\/?p=3526","title":{"rendered":"Peluche C\u00e1ceres correr\u00e1 en un Peugeot 307 de TC2000"},"content":{"rendered":"<p><img loading=\"lazy\" decoding=\"async\" class=\"aligncenter size-full wp-image-3527\" alt=\"Emmanuel C\u00e1ceres\" src=\"http:\/\/www.curva1.com.ar\/wp-content\/uploads\/2013\/01\/Emmanuel-C\u00e1ceres.jpg\" width=\"500\" height=\"281\" srcset=\"https:\/\/curva1.com.ar\/wp-content\/uploads\/2013\/01\/Emmanuel-C\u00e1ceres.jpg 500w, https:\/\/curva1.com.ar\/wp-content\/uploads\/2013\/01\/Emmanuel-C\u00e1ceres-300x169.jpg 300w\" sizes=\"auto, (max-width: 500px) 100vw, 500px\" \/><\/p>\n<p>Tras iniciar su carrera deportiva en los monopostos de Chile, \u201cPeluche\u201d se<br \/>\nconsolid\u00f3 como piloto en la F\u00f3rmula Renault 2.0, a punto tal de crear su<br \/>\npropia escuadra denominada \u201cC\u00e1ceres Competici\u00f3n\u201d, la cual present\u00f3 en el a\u00f1o<br \/>\n2012 dos unidades. Luego, lleg\u00f3 el momento de ensayar sobre un veh\u00edculo de<br \/>\nla F\u00f3rmula BARC en Silverstone y Donington Park.<\/p>\n<p style=\"padding-left: 30px;\"><a href=\"http:\/\/www.facebook.com\/photo.php?fbid=10152486890420113&amp;set=a.10150182553345113.431429.338902660112&amp;type=1&amp;theater\" target=\"_blank\"><strong>Mira nuestra publicaci\u00f3n en Facebook<\/strong><\/a><\/p>\n<p>Cumplidos todos esos pasos, el mendocino ascender\u00e1 un pelda\u00f1o m\u00e1s y<br \/>\ncompetir\u00e1 en TC2000 junto al team Litoral Group. La unidad a conducir ser\u00e1<br \/>\nel Peugeot 307 que el a\u00f1o pasado manej\u00f3 Julia Ballario, claro que con otro<br \/>\nequipo.<\/p>\n<p>El proyecto, que ya es una realidad, entusiasma a Emmanuel que cumple as\u00ed<br \/>\ncon un importante anhelo:<\/p>\n<blockquote><p><em>\u201cCorrer en TC2000 es un sue\u00f1o que tuve desde chico y m\u00e1s cuando empec\u00e9 a<\/em><br \/>\n<em> compartir aut\u00f3dromos corriendo yo en la FR. Ahora existe el S\u00faper TC2000<\/em><br \/>\n<em> pero s\u00e9 que esto es un paso previo a esa m\u00e1xima categor\u00eda y es importante<\/em><br \/>\n<em> cumplirlo para hacer las cosas bien. Lo hablamos mucho con Gabriel Bonavia y<\/em><br \/>\n<em> por eso decidimos trabajar en conjunto y con un solo auto.<\/em><\/p>\n<p><em>Le agradezco a \u00e9l por la confianza que me tuvo siempre, incluso cuando<\/em><br \/>\n<em> corr\u00eda en la F\u00f3rmula, tambi\u00e9n a mi familia, sponsor y al Gobierno de<\/em><br \/>\n<em> Mendoza.<\/em><\/p>\n<p><em>El auto ya est\u00e1 en Rosario y tras terminar algunos trabajos iremos a probar<\/em><br \/>\n<em> para empezar el calendario con algunos kil\u00f3metros hechos\u201d<\/em>.<\/p><\/blockquote>\n<p>Gabriel Bonav\u00eda, titular del team Litoral Group, viajar\u00e1 a Mendoza en las<br \/>\npr\u00f3ximas horas para firmar el contrato con el piloto y ultimar detalles ante<br \/>\nlos sponsor.<\/p>\n","protected":false},"excerpt":{"rendered":"<p>Tras iniciar su carrera deportiva en los monopostos de Chile, \u201cPeluche\u201d se consolid\u00f3 como piloto<\/p>\n","protected":false},"author":1,"featured_media":3658,"comment_status":"open","ping_status":"closed","sticky":false,"template":"","format":"standard","meta":{"footnotes":""},"categories":[6],"tags":[],"class_list":["post-3526","post","type-post","status-publish","format-standard","has-post-thumbnail","hentry","category-nacionales"],"featured_image_urls":{"full":["https:\/\/curva1.com.ar\/wp-content\/uploads\/2013\/01\/09-d512.jpg",600,338,false],"thumbnail":["https:\/\/curva1.com.ar\/wp-content\/uploads\/2013\/01\/09-d512-300x169.jpg",300,169,true],"medium":["https:\/\/curva1.com.ar\/wp-content\/uploads\/2013\/01\/09-d512-598x337.jpg",598,337,true],"medium_large":["https:\/\/curva1.com.ar\/wp-content\/uploads\/2013\/01\/09-d512.jpg",600,338,false],"large":["https:\/\/curva1.com.ar\/wp-content\/uploads\/2013\/01\/09-d512.jpg",600,338,false],"1536x1536":["https:\/\/curva1.com.ar\/wp-content\/uploads\/2013\/01\/09-d512.jpg",600,338,false],"2048x2048":["https:\/\/curva1.com.ar\/wp-content\/uploads\/2013\/01\/09-d512.jpg",600,338,false],"chromenews-featured":["https:\/\/curva1.com.ar\/wp-content\/uploads\/2013\/01\/09-d512.jpg",600,338,false],"chromenews-large":["https:\/\/curva1.com.ar\/wp-content\/uploads\/2013\/01\/09-d512.jpg",600,338,false],"chromenews-medium":["https:\/\/curva1.com.ar\/wp-content\/uploads\/2013\/01\/09-d512.jpg",590,332,false]},"author_info":{"display_name":"Jos\u00e9 Bravo","author_link":"https:\/\/curva1.com.ar\/?author=1"},"category_info":"<a href=\"https:\/\/curva1.com.ar\/?cat=6\" rel=\"category\">Nacionales<\/a>","tag_info":"Nacionales","comment_count":"0","_links":{"self":[{"href":"https:\/\/curva1.com.ar\/index.php?rest_route=\/wp\/v2\/posts\/3526","targetHints":{"allow":["GET"]}}],"collection":[{"href":"https:\/\/curva1.com.ar\/index.php?rest_route=\/wp\/v2\/posts"}],"about":[{"href":"https:\/\/curva1.com.ar\/index.php?rest_route=\/wp\/v2\/types\/post"}],"author":[{"embeddable":true,"href":"https:\/\/curva1.com.ar\/index.php?rest_route=\/wp\/v2\/users\/1"}],"replies":[{"embeddable":true,"href":"https:\/\/curva1.com.ar\/index.php?rest_route=%2Fwp%2Fv2%2Fcomments&post=3526"}],"version-history":[{"count":5,"href":"https:\/\/curva1.com.ar\/index.php?rest_route=\/wp\/v2\/posts\/3526\/revisions"}],"predecessor-version":[{"id":3659,"href":"https:\/\/curva1.com.ar\/index.php?rest_route=\/wp\/v2\/posts\/3526\/revisions\/3659"}],"wp:featuredmedia":[{"embeddable":true,"href":"https:\/\/curva1.com.ar\/index.php?rest_route=\/wp\/v2\/media\/3658"}],"wp:attachment":[{"href":"https:\/\/curva1.com.ar\/index.php?rest_route=%2Fwp%2Fv2%2Fmedia&parent=3526"}],"wp:term":[{"taxonomy":"category","embeddable":true,"href":"https:\/\/curva1.com.ar\/index.php?rest_route=%2Fwp%2Fv2%2Fcategories&post=3526"},{"taxonomy":"post_tag","embeddable":true,"href":"https:\/\/curva1.com.ar\/index.php?rest_route=%2Fwp%2Fv2%2Ftags&post=3526"}],"curies":[{"name":"wp","href":"https:\/\/api.w.org\/{rel}","templated":true}]}}