{"id":35353,"date":"2021-05-11T22:16:41","date_gmt":"2021-05-12T01:16:41","guid":{"rendered":"http:\/\/curva1.com.ar\/?p=35353"},"modified":"2021-05-11T22:16:41","modified_gmt":"2021-05-12T01:16:41","slug":"nicolas-palau-voy-con-grandes-expectativas-a-concepcion","status":"publish","type":"post","link":"https:\/\/curva1.com.ar\/?p=35353","title":{"rendered":"Nicol\u00e1s Palau &#8220;voy con grandes expectativas a Concepci\u00f3n&#8221;"},"content":{"rendered":"<p><img loading=\"lazy\" decoding=\"async\" class=\"aligncenter size-full wp-image-35354\" src=\"http:\/\/curva1.com.ar\/wp-content\/uploads\/2021\/05\/3242_contenido_home_big.jpg\" alt=\"\" width=\"1084\" height=\"610\" srcset=\"https:\/\/curva1.com.ar\/wp-content\/uploads\/2021\/05\/3242_contenido_home_big.jpg 1084w, https:\/\/curva1.com.ar\/wp-content\/uploads\/2021\/05\/3242_contenido_home_big-960x540.jpg 960w, https:\/\/curva1.com.ar\/wp-content\/uploads\/2021\/05\/3242_contenido_home_big-300x169.jpg 300w, https:\/\/curva1.com.ar\/wp-content\/uploads\/2021\/05\/3242_contenido_home_big-768x432.jpg 768w, https:\/\/curva1.com.ar\/wp-content\/uploads\/2021\/05\/3242_contenido_home_big-700x394.jpg 700w\" sizes=\"auto, (max-width: 1084px) 100vw, 1084px\" \/><\/p>\n<p>El joven piloto de San Mart\u00edn, Mendoza, debut\u00f3 en el TopRace Series con un Toyota del Pfening Competici\u00f3n haciendo un trabajo de menor a mayor en Buenos Aires. Para la segunda fecha en Concepci\u00f3n buscar\u00e1 seguir adapt\u00e1ndose y mejorando arriba del auto.<\/p>\n<p>En lo que fue uno de los mejores arranques de campeonato en el Aut\u00f3dromo de Buenos Aires con un gran parque de autos con la combinaci\u00f3n de pilotos experimentados y la nueva \u201ccamada\u201d de j\u00f3venes, el TopRace Series inici\u00f3 el 2021 con la victoria de Diego Verriello dejando en claro todo su potencial para convertirse en un principal candidato en la pelea por el t\u00edtulo. Pero no la tendr\u00e1 f\u00e1cil porque detr\u00e1s vienen pilotos con muchas ganas y notables condiciones que le van a meter presi\u00f3n que cuando agarren vuelo y alcancen una buena adaptaci\u00f3n a los autos, se van a meter entre los puestos de punta.<\/p>\n<p>Uno de ellos es Nicol\u00e1s Palau, quien peg\u00f3 el salto del TopRace Junior depositando su confianza en el Pfening Competici\u00f3n quien le entreg\u00f3 el Toyota Corolla N\u00b0 96 para que afronte su primera experiencia en el G\u00e1lvez.<\/p>\n<p>El piloto de San Mart\u00edn, Mendoza, cada vez que se subi\u00f3 al auto fue mejorando haciendo un trabajo de menor a mayor viendo la bandera a cuadros en la 9\u00b0 colocaci\u00f3n en la final del domingo lo que le permiti\u00f3 sumar sus primeros puntos para el torneo. Ser \u201ctop-ten\u201d en la fecha inaugural fue positivo para \u201cNico\u201d pero sabe que debe seguir evolucionando para estar m\u00e1s adelante en el clasificador. Un objetivo que buscar\u00e1 en la pr\u00f3xima cita que ser\u00e1 la segunda del a\u00f1o el 14, 15 y 16 de Mayo en Concepci\u00f3n del Uruguay.<\/p>\n<p><strong>\u201cLa categor\u00eda tiene un potencial enorme. Tiene pilotos de mucha experiencia, muy r\u00e1pidos y j\u00f3venes. Los autos son hermosos de manejar. Son muy veloces y completos\u201d, <\/strong>analiz\u00f3 Palau sobre lo que se encontr\u00f3 en su debut en el Series.<\/p>\n<p><strong>\u201cEn cuanto a la carrera de Buenos Aires fue muy positiva en lo personal porque pude aprender mucho. Cada vez que me sub\u00eda al auto aprend\u00eda algo nuevo y eso fue bueno. L\u00e1stima que no pudimos redondear el fin de semana por falta de experiencia m\u00eda. Falt\u00f3 esa cuota de suerte pero me mostr\u00e9 r\u00e1pido, la verdad que clasificamos entre los 5 primeros y me dej\u00f3 contento\u201d<\/strong>,\u00a0agreg\u00f3 el piloto mendocino.<\/p>\n<p><strong>\u201cEspero en Concepci\u00f3n ser mejor. Estoy entrenando a pleno y el equipo se est\u00e1 preparando de la mejor manera. As\u00ed que vamos con grandes expectativas de estar entre los puestos de adelante\u201d,<\/strong>\u00a0cerr\u00f3 Palau que se ubica 9\u00b0 en el campeonato con 5 puntos.<\/p>\n<p><img loading=\"lazy\" decoding=\"async\" class=\"aligncenter size-full wp-image-35355\" src=\"http:\/\/curva1.com.ar\/wp-content\/uploads\/2021\/05\/3241_encabezado.jpg\" alt=\"\" width=\"1170\" height=\"477\" srcset=\"https:\/\/curva1.com.ar\/wp-content\/uploads\/2021\/05\/3241_encabezado.jpg 1170w, https:\/\/curva1.com.ar\/wp-content\/uploads\/2021\/05\/3241_encabezado-960x391.jpg 960w, https:\/\/curva1.com.ar\/wp-content\/uploads\/2021\/05\/3241_encabezado-768x313.jpg 768w\" sizes=\"auto, (max-width: 1170px) 100vw, 1170px\" \/><\/p>\n","protected":false},"excerpt":{"rendered":"<p>El joven piloto de San Mart\u00edn, Mendoza, debut\u00f3 en el TopRace Series con un Toyota<\/p>\n","protected":false},"author":1,"featured_media":35354,"comment_status":"closed","ping_status":"closed","sticky":false,"template":"","format":"standard","meta":{"footnotes":""},"categories":[6],"tags":[],"class_list":["post-35353","post","type-post","status-publish","format-standard","has-post-thumbnail","hentry","category-nacionales"],"featured_image_urls":{"full":["https:\/\/curva1.com.ar\/wp-content\/uploads\/2021\/05\/3242_contenido_home_big.jpg",1084,610,false],"thumbnail":["https:\/\/curva1.com.ar\/wp-content\/uploads\/2021\/05\/3242_contenido_home_big-300x169.jpg",300,169,true],"medium":["https:\/\/curva1.com.ar\/wp-content\/uploads\/2021\/05\/3242_contenido_home_big-960x540.jpg",960,540,true],"medium_large":["https:\/\/curva1.com.ar\/wp-content\/uploads\/2021\/05\/3242_contenido_home_big-768x432.jpg",640,360,true],"large":["https:\/\/curva1.com.ar\/wp-content\/uploads\/2021\/05\/3242_contenido_home_big-960x540.jpg",640,360,true],"1536x1536":["https:\/\/curva1.com.ar\/wp-content\/uploads\/2021\/05\/3242_contenido_home_big.jpg",1084,610,false],"2048x2048":["https:\/\/curva1.com.ar\/wp-content\/uploads\/2021\/05\/3242_contenido_home_big.jpg",1084,610,false],"chromenews-featured":["https:\/\/curva1.com.ar\/wp-content\/uploads\/2021\/05\/3242_contenido_home_big.jpg",1024,576,false],"chromenews-large":["https:\/\/curva1.com.ar\/wp-content\/uploads\/2021\/05\/3242_contenido_home_big.jpg",825,464,false],"chromenews-medium":["https:\/\/curva1.com.ar\/wp-content\/uploads\/2021\/05\/3242_contenido_home_big.jpg",590,332,false]},"author_info":{"display_name":"Jos\u00e9 Bravo","author_link":"https:\/\/curva1.com.ar\/?author=1"},"category_info":"<a href=\"https:\/\/curva1.com.ar\/?cat=6\" rel=\"category\">Nacionales<\/a>","tag_info":"Nacionales","comment_count":"0","yoast_head":"<!-- This site is optimized with the Yoast SEO Premium plugin v14.7 - https:\/\/yoast.com\/wordpress\/plugins\/seo\/ -->\n<title>Nicol\u00e1s Palau &quot;voy con grandes expectativas a Concepci\u00f3n&quot; - Curva 1<\/title>\n<meta name=\"robots\" content=\"index, follow\" \/>\n<meta name=\"googlebot\" content=\"index, follow, max-snippet:-1, max-image-preview:large, max-video-preview:-1\" \/>\n<meta name=\"bingbot\" content=\"index, follow, max-snippet:-1, max-image-preview:large, max-video-preview:-1\" \/>\n<link rel=\"canonical\" href=\"https:\/\/curva1.com.ar\/?p=35353\" \/>\n<meta property=\"og:locale\" content=\"en_US\" \/>\n<meta property=\"og:type\" content=\"article\" \/>\n<meta property=\"og:title\" content=\"Nicol\u00e1s Palau &quot;voy con grandes expectativas a Concepci\u00f3n&quot; - Curva 1\" \/>\n<meta property=\"og:description\" content=\"El joven piloto de San Mart\u00edn, Mendoza, debut\u00f3 en el TopRace Series con un Toyota\" \/>\n<meta property=\"og:url\" content=\"https:\/\/curva1.com.ar\/?p=35353\" \/>\n<meta property=\"og:site_name\" content=\"Curva 1\" \/>\n<meta property=\"article:publisher\" content=\"https:\/\/www.facebook.com\/revistacurva1\/\" \/>\n<meta property=\"article:published_time\" content=\"2021-05-12T01:16:41+00:00\" \/>\n<meta property=\"og:image\" content=\"https:\/\/curva1.com.ar\/wp-content\/uploads\/2021\/05\/3242_contenido_home_big.jpg\" \/>\n\t<meta property=\"og:image:width\" content=\"1084\" \/>\n\t<meta property=\"og:image:height\" content=\"610\" \/>\n<meta property=\"fb:app_id\" content=\"1593067817533208\" \/>\n<meta name=\"twitter:card\" content=\"summary_large_image\" \/>\n<meta name=\"twitter:creator\" content=\"@curva1mendoza\" \/>\n<meta name=\"twitter:site\" content=\"@curva1mendoza\" \/>\n<script type=\"application\/ld+json\" class=\"yoast-schema-graph\">{\"@context\":\"https:\/\/schema.org\",\"@graph\":[{\"@type\":\"WebSite\",\"@id\":\"https:\/\/curva1.com.ar\/#website\",\"url\":\"https:\/\/curva1.com.ar\/\",\"name\":\"Curva 1\",\"description\":\"Automovilismo de Mendoza\",\"potentialAction\":[{\"@type\":\"SearchAction\",\"target\":\"https:\/\/curva1.com.ar\/?s={search_term_string}\",\"query-input\":\"required name=search_term_string\"}],\"inLanguage\":\"en-US\"},{\"@type\":\"ImageObject\",\"@id\":\"https:\/\/curva1.com.ar\/?p=35353#primaryimage\",\"inLanguage\":\"en-US\",\"url\":\"https:\/\/curva1.com.ar\/wp-content\/uploads\/2021\/05\/3242_contenido_home_big.jpg\",\"width\":1084,\"height\":610},{\"@type\":\"WebPage\",\"@id\":\"https:\/\/curva1.com.ar\/?p=35353#webpage\",\"url\":\"https:\/\/curva1.com.ar\/?p=35353\",\"name\":\"Nicol\\u00e1s Palau \\\"voy con grandes expectativas a Concepci\\u00f3n\\\" - Curva 1\",\"isPartOf\":{\"@id\":\"https:\/\/curva1.com.ar\/#website\"},\"primaryImageOfPage\":{\"@id\":\"https:\/\/curva1.com.ar\/?p=35353#primaryimage\"},\"datePublished\":\"2021-05-12T01:16:41+00:00\",\"dateModified\":\"2021-05-12T01:16:41+00:00\",\"author\":{\"@id\":\"https:\/\/curva1.com.ar\/#\/schema\/person\/f5fd12984d70df7314fbd9ab42f31033\"},\"inLanguage\":\"en-US\",\"potentialAction\":[{\"@type\":\"ReadAction\",\"target\":[\"https:\/\/curva1.com.ar\/?p=35353\"]}]},{\"@type\":[\"Person\"],\"@id\":\"https:\/\/curva1.com.ar\/#\/schema\/person\/f5fd12984d70df7314fbd9ab42f31033\",\"name\":\"Jos\\u00e9 Bravo\",\"image\":{\"@type\":\"ImageObject\",\"@id\":\"https:\/\/curva1.com.ar\/#personlogo\",\"inLanguage\":\"en-US\",\"url\":\"https:\/\/secure.gravatar.com\/avatar\/3ae0b1fdc6ddeb723a6e6c23609ed39de1d40a94b8112fd2c0c2032e2dabf28b?s=96&d=identicon&r=g\",\"caption\":\"Jos\\u00e9 Bravo\"}}]}<\/script>\n<!-- \/ Yoast SEO Premium plugin. -->","_links":{"self":[{"href":"https:\/\/curva1.com.ar\/index.php?rest_route=\/wp\/v2\/posts\/35353","targetHints":{"allow":["GET"]}}],"collection":[{"href":"https:\/\/curva1.com.ar\/index.php?rest_route=\/wp\/v2\/posts"}],"about":[{"href":"https:\/\/curva1.com.ar\/index.php?rest_route=\/wp\/v2\/types\/post"}],"author":[{"embeddable":true,"href":"https:\/\/curva1.com.ar\/index.php?rest_route=\/wp\/v2\/users\/1"}],"replies":[{"embeddable":true,"href":"https:\/\/curva1.com.ar\/index.php?rest_route=%2Fwp%2Fv2%2Fcomments&post=35353"}],"version-history":[{"count":1,"href":"https:\/\/curva1.com.ar\/index.php?rest_route=\/wp\/v2\/posts\/35353\/revisions"}],"predecessor-version":[{"id":35356,"href":"https:\/\/curva1.com.ar\/index.php?rest_route=\/wp\/v2\/posts\/35353\/revisions\/35356"}],"wp:featuredmedia":[{"embeddable":true,"href":"https:\/\/curva1.com.ar\/index.php?rest_route=\/wp\/v2\/media\/35354"}],"wp:attachment":[{"href":"https:\/\/curva1.com.ar\/index.php?rest_route=%2Fwp%2Fv2%2Fmedia&parent=35353"}],"wp:term":[{"taxonomy":"category","embeddable":true,"href":"https:\/\/curva1.com.ar\/index.php?rest_route=%2Fwp%2Fv2%2Fcategories&post=35353"},{"taxonomy":"post_tag","embeddable":true,"href":"https:\/\/curva1.com.ar\/index.php?rest_route=%2Fwp%2Fv2%2Ftags&post=35353"}],"curies":[{"name":"wp","href":"https:\/\/api.w.org\/{rel}","templated":true}]}}