{"id":3702,"date":"2013-02-02T21:51:35","date_gmt":"2013-02-03T00:51:35","guid":{"rendered":"http:\/\/www.curva1.com.ar\/?p=3702"},"modified":"2013-02-02T21:51:35","modified_gmt":"2013-02-03T00:51:35","slug":"convocatoria-a-pilotos-del-turismo-pista-1100-del-zonal","status":"publish","type":"post","link":"https:\/\/curva1.com.ar\/?p=3702","title":{"rendered":"Convocatoria a pilotos del Turismo Pista 1100 del Zonal"},"content":{"rendered":"<p><img loading=\"lazy\" decoding=\"async\" class=\"aligncenter size-full wp-image-3703\" alt=\"P180041f1\" src=\"http:\/\/www.curva1.com.ar\/wp-content\/uploads\/2013\/02\/P180041f1.jpg\" width=\"500\" height=\"281\" srcset=\"https:\/\/curva1.com.ar\/wp-content\/uploads\/2013\/02\/P180041f1.jpg 500w, https:\/\/curva1.com.ar\/wp-content\/uploads\/2013\/02\/P180041f1-300x169.jpg 300w\" sizes=\"auto, (max-width: 500px) 100vw, 500px\" \/><\/p>\n<p>LA FEDERACI\u00d3N MENDOCINA DE AUTOMOVILISMO DEPORTIVO, COMUNICA A PILOTOS, CONCURRENTES, \u00a0PROPIETARIOS Y PREPARADORES\u00a0 EN GENERAL DE LA CATEGORIA TURISMO PISTA 1100, QUE POR PEDIDO DE LOS INTERESADOS, LA FEDERACION MENDOCINA DE AUTOMOVILISMO DEPORTIVO, HA DISPUESTO LO SIGUIENTE:<\/p>\n<p>1 \u2013 <b>CONVOCAR A TODOS LOS PILOTOS Y CONCURRENTES,\u00a0 A UNA REUNION <\/b>a realizarse el pr\u00f3ximo d\u00eda <span style=\"text-decoration: underline;\">Martes 5-02-2013, \u00a0a las 20 Hs<\/span>. en la sede de Federaci\u00f3n, Luzuriaga 676\u00a0 Ciudad de Mendoza, <span style=\"text-decoration: underline;\">se ruega puntualidad<\/span>.-<\/p>\n<p>2 \u2013 Es importante aclarar, que el objetivo de dicha reuni\u00f3n es consensuar entre los integrantes de la Categor\u00eda, los pedidos reglamentarios para la Categor\u00eda Turismo Pista 1100, que se efectuar\u00e1n a la Comisi\u00f3n T\u00e9cnica, para que esta realice la evaluaci\u00f3n correspondiente a fin de disponer su inserci\u00f3n en el Reglamento T\u00e9cnico 2013.-<\/p>\n<p>3 \u2013 Asimismo se comunica, que en la misma reuni\u00f3n se elegir\u00e1 el Delegado de la Categor\u00eda ante la Federaci\u00f3n, a fin de cumplir con este importante punto, que se encuentra a\u00fan vacante, ya que los mandatos de los delegados vencen\u00a0 todos los 31 de Diciembre.-<\/p>\n","protected":false},"excerpt":{"rendered":"<p>LA FEDERACI\u00d3N MENDOCINA DE AUTOMOVILISMO DEPORTIVO, COMUNICA A PILOTOS, CONCURRENTES, \u00a0PROPIETARIOS Y PREPARADORES\u00a0 EN GENERAL<\/p>\n","protected":false},"author":1,"featured_media":3703,"comment_status":"open","ping_status":"closed","sticky":false,"template":"","format":"standard","meta":{"footnotes":""},"categories":[1],"tags":[],"class_list":["post-3702","post","type-post","status-publish","format-standard","has-post-thumbnail","hentry","category-zonal-cuyano"],"featured_image_urls":{"full":["https:\/\/curva1.com.ar\/wp-content\/uploads\/2013\/02\/P180041f1.jpg",500,281,false],"thumbnail":["https:\/\/curva1.com.ar\/wp-content\/uploads\/2013\/02\/P180041f1-300x169.jpg",300,169,true],"medium":["https:\/\/curva1.com.ar\/wp-content\/uploads\/2013\/02\/P180041f1.jpg",500,281,false],"medium_large":["https:\/\/curva1.com.ar\/wp-content\/uploads\/2013\/02\/P180041f1.jpg",500,281,false],"large":["https:\/\/curva1.com.ar\/wp-content\/uploads\/2013\/02\/P180041f1.jpg",500,281,false],"1536x1536":["https:\/\/curva1.com.ar\/wp-content\/uploads\/2013\/02\/P180041f1.jpg",500,281,false],"2048x2048":["https:\/\/curva1.com.ar\/wp-content\/uploads\/2013\/02\/P180041f1.jpg",500,281,false],"chromenews-featured":["https:\/\/curva1.com.ar\/wp-content\/uploads\/2013\/02\/P180041f1.jpg",500,281,false],"chromenews-large":["https:\/\/curva1.com.ar\/wp-content\/uploads\/2013\/02\/P180041f1.jpg",500,281,false],"chromenews-medium":["https:\/\/curva1.com.ar\/wp-content\/uploads\/2013\/02\/P180041f1.jpg",500,281,false]},"author_info":{"display_name":"Jos\u00e9 Bravo","author_link":"https:\/\/curva1.com.ar\/?author=1"},"category_info":"<a href=\"https:\/\/curva1.com.ar\/?cat=1\" rel=\"category\">Zonal Cuyano<\/a>","tag_info":"Zonal Cuyano","comment_count":"0","_links":{"self":[{"href":"https:\/\/curva1.com.ar\/index.php?rest_route=\/wp\/v2\/posts\/3702","targetHints":{"allow":["GET"]}}],"collection":[{"href":"https:\/\/curva1.com.ar\/index.php?rest_route=\/wp\/v2\/posts"}],"about":[{"href":"https:\/\/curva1.com.ar\/index.php?rest_route=\/wp\/v2\/types\/post"}],"author":[{"embeddable":true,"href":"https:\/\/curva1.com.ar\/index.php?rest_route=\/wp\/v2\/users\/1"}],"replies":[{"embeddable":true,"href":"https:\/\/curva1.com.ar\/index.php?rest_route=%2Fwp%2Fv2%2Fcomments&post=3702"}],"version-history":[{"count":2,"href":"https:\/\/curva1.com.ar\/index.php?rest_route=\/wp\/v2\/posts\/3702\/revisions"}],"predecessor-version":[{"id":3705,"href":"https:\/\/curva1.com.ar\/index.php?rest_route=\/wp\/v2\/posts\/3702\/revisions\/3705"}],"wp:featuredmedia":[{"embeddable":true,"href":"https:\/\/curva1.com.ar\/index.php?rest_route=\/wp\/v2\/media\/3703"}],"wp:attachment":[{"href":"https:\/\/curva1.com.ar\/index.php?rest_route=%2Fwp%2Fv2%2Fmedia&parent=3702"}],"wp:term":[{"taxonomy":"category","embeddable":true,"href":"https:\/\/curva1.com.ar\/index.php?rest_route=%2Fwp%2Fv2%2Fcategories&post=3702"},{"taxonomy":"post_tag","embeddable":true,"href":"https:\/\/curva1.com.ar\/index.php?rest_route=%2Fwp%2Fv2%2Ftags&post=3702"}],"curies":[{"name":"wp","href":"https:\/\/api.w.org\/{rel}","templated":true}]}}