{"id":3716,"date":"2013-02-03T01:00:18","date_gmt":"2013-02-03T04:00:18","guid":{"rendered":"http:\/\/www.curva1.com.ar\/?p=3716"},"modified":"2013-02-03T12:04:45","modified_gmt":"2013-02-03T15:04:45","slug":"crispin-diaz-motivado-por-su-regreso-a-la-clase-2-cuyana","status":"publish","type":"post","link":"https:\/\/curva1.com.ar\/?p=3716","title":{"rendered":"Crisp\u00edn D\u00edaz motivado por su regreso a la Clase 2 Cuyana"},"content":{"rendered":"<p><img loading=\"lazy\" decoding=\"async\" class=\"aligncenter size-full wp-image-3717\" alt=\"4195f971525_n\" src=\"http:\/\/www.curva1.com.ar\/wp-content\/uploads\/2013\/02\/4195f971525_n.jpg\" width=\"500\" height=\"282\" srcset=\"https:\/\/curva1.com.ar\/wp-content\/uploads\/2013\/02\/4195f971525_n.jpg 500w, https:\/\/curva1.com.ar\/wp-content\/uploads\/2013\/02\/4195f971525_n-300x169.jpg 300w\" sizes=\"auto, (max-width: 500px) 100vw, 500px\" \/><\/p>\n<p>El piloto tiene planeado realizar el a\u00f1o completo dentro de la categor\u00eda Clase 2 del Zonal Cuyano, por tal motivo tiene su auto en San Mart\u00edn.<\/p>\n<p><strong>&#8220;Estamos haciendo un repaso general del VW Gol, para hacer algunas pruebas en estos dias. Estoy entusiasmado con los cambios en el auto y en lo personal preparado mental y fisicamente para afrontar este 2013&#8221;<\/strong> expres\u00f3 Pedro Crisp\u00edn D\u00edaz, quien adem\u00e1s agradeci\u00f3 el apoyo de sus sponsor.<\/p>\n<p>La unidad se encuentra en el taller de Baroni Competici\u00f3n, quien realizar\u00e1 la atenci\u00f3n en pista. Crisp\u00edn compartir\u00e1 equipo con Ignacio Santero, (Fiat 147 naranja que se alcanza a ver a la izquierda de la foto).<\/p>\n","protected":false},"excerpt":{"rendered":"<p>El piloto tiene planeado realizar el a\u00f1o completo dentro de la categor\u00eda Clase 2 del<\/p>\n","protected":false},"author":1,"featured_media":3717,"comment_status":"open","ping_status":"closed","sticky":false,"template":"","format":"standard","meta":{"footnotes":""},"categories":[1],"tags":[],"class_list":["post-3716","post","type-post","status-publish","format-standard","has-post-thumbnail","hentry","category-zonal-cuyano"],"featured_image_urls":{"full":["https:\/\/curva1.com.ar\/wp-content\/uploads\/2013\/02\/4195f971525_n.jpg",500,282,false],"thumbnail":["https:\/\/curva1.com.ar\/wp-content\/uploads\/2013\/02\/4195f971525_n-300x169.jpg",300,169,true],"medium":["https:\/\/curva1.com.ar\/wp-content\/uploads\/2013\/02\/4195f971525_n.jpg",500,282,false],"medium_large":["https:\/\/curva1.com.ar\/wp-content\/uploads\/2013\/02\/4195f971525_n.jpg",500,282,false],"large":["https:\/\/curva1.com.ar\/wp-content\/uploads\/2013\/02\/4195f971525_n.jpg",500,282,false],"1536x1536":["https:\/\/curva1.com.ar\/wp-content\/uploads\/2013\/02\/4195f971525_n.jpg",500,282,false],"2048x2048":["https:\/\/curva1.com.ar\/wp-content\/uploads\/2013\/02\/4195f971525_n.jpg",500,282,false],"chromenews-featured":["https:\/\/curva1.com.ar\/wp-content\/uploads\/2013\/02\/4195f971525_n.jpg",500,282,false],"chromenews-large":["https:\/\/curva1.com.ar\/wp-content\/uploads\/2013\/02\/4195f971525_n.jpg",500,282,false],"chromenews-medium":["https:\/\/curva1.com.ar\/wp-content\/uploads\/2013\/02\/4195f971525_n.jpg",500,282,false]},"author_info":{"display_name":"Jos\u00e9 Bravo","author_link":"https:\/\/curva1.com.ar\/?author=1"},"category_info":"<a href=\"https:\/\/curva1.com.ar\/?cat=1\" rel=\"category\">Zonal Cuyano<\/a>","tag_info":"Zonal Cuyano","comment_count":"0","_links":{"self":[{"href":"https:\/\/curva1.com.ar\/index.php?rest_route=\/wp\/v2\/posts\/3716","targetHints":{"allow":["GET"]}}],"collection":[{"href":"https:\/\/curva1.com.ar\/index.php?rest_route=\/wp\/v2\/posts"}],"about":[{"href":"https:\/\/curva1.com.ar\/index.php?rest_route=\/wp\/v2\/types\/post"}],"author":[{"embeddable":true,"href":"https:\/\/curva1.com.ar\/index.php?rest_route=\/wp\/v2\/users\/1"}],"replies":[{"embeddable":true,"href":"https:\/\/curva1.com.ar\/index.php?rest_route=%2Fwp%2Fv2%2Fcomments&post=3716"}],"version-history":[{"count":3,"href":"https:\/\/curva1.com.ar\/index.php?rest_route=\/wp\/v2\/posts\/3716\/revisions"}],"predecessor-version":[{"id":3729,"href":"https:\/\/curva1.com.ar\/index.php?rest_route=\/wp\/v2\/posts\/3716\/revisions\/3729"}],"wp:featuredmedia":[{"embeddable":true,"href":"https:\/\/curva1.com.ar\/index.php?rest_route=\/wp\/v2\/media\/3717"}],"wp:attachment":[{"href":"https:\/\/curva1.com.ar\/index.php?rest_route=%2Fwp%2Fv2%2Fmedia&parent=3716"}],"wp:term":[{"taxonomy":"category","embeddable":true,"href":"https:\/\/curva1.com.ar\/index.php?rest_route=%2Fwp%2Fv2%2Fcategories&post=3716"},{"taxonomy":"post_tag","embeddable":true,"href":"https:\/\/curva1.com.ar\/index.php?rest_route=%2Fwp%2Fv2%2Ftags&post=3716"}],"curies":[{"name":"wp","href":"https:\/\/api.w.org\/{rel}","templated":true}]}}