{"id":3777,"date":"2013-02-04T18:36:13","date_gmt":"2013-02-04T21:36:13","guid":{"rendered":"http:\/\/www.curva1.com.ar\/?p=3777"},"modified":"2013-02-04T18:36:13","modified_gmt":"2013-02-04T21:36:13","slug":"horarios-de-televisacion-para-el-turismo-carretera-en-mar-de-ajo","status":"publish","type":"post","link":"https:\/\/curva1.com.ar\/?p=3777","title":{"rendered":"Horarios de televisaci\u00f3n para el Turismo Carretera en Mar de Aj\u00f3"},"content":{"rendered":"<p><img loading=\"lazy\" decoding=\"async\" class=\"aligncenter size-full wp-image-3778\" alt=\"d7e14c3f9e71785b10\" src=\"http:\/\/www.curva1.com.ar\/wp-content\/uploads\/2013\/02\/d7e14c3f9e71785b10.jpg\" width=\"462\" height=\"260\" srcset=\"https:\/\/curva1.com.ar\/wp-content\/uploads\/2013\/02\/d7e14c3f9e71785b10.jpg 462w, https:\/\/curva1.com.ar\/wp-content\/uploads\/2013\/02\/d7e14c3f9e71785b10-300x169.jpg 300w\" sizes=\"auto, (max-width: 462px) 100vw, 462px\" \/><\/p>\n<p>La espera termina. El Turismo Carretera abre su temporada el fin de semana que viene para volver a deleitar a sus fan\u00e1ticos con su incomparable sonido. Pistas Argentinas tambi\u00e9n vuelve para apostar a un segundo a\u00f1o junto al Automovilismo Para Todos.<\/p>\n<p>La transmisi\u00f3n de la primera fecha comenzar\u00e1 el viernes a las 15 por Cr\u00f3nica con la primera clasificaci\u00f3n del TC, mientras que el s\u00e1bado, de 14 a 16.30, se televisar\u00e1 la clasificaci\u00f3n general por la TV P\u00fablica.<\/p>\n<p>Las series del TC y las dos finales se ver\u00e1n el domingo a partir de las 11 por la TV P\u00fablica.<\/p>\n<p><span style=\"color: #ff0000;\">HORARIOS DE TV &#8211; TC EN MAR DE AJ\u00d3:<\/span><\/p>\n<p style=\"padding-left: 30px;\"><strong>Viernes de 15 a 16.30: Cr\u00f3nica<\/strong><\/p>\n<p style=\"padding-left: 30px;\"><strong>S\u00e1bado de 14 a 16:30: TV P\u00fablica y Cr\u00f3nica.<\/strong><\/p>\n<p style=\"padding-left: 30px;\"><strong>Domingo de 11 a 14:00: TV P\u00fablica<\/strong><\/p>\n","protected":false},"excerpt":{"rendered":"<p>La espera termina. El Turismo Carretera abre su temporada el fin de semana que viene<\/p>\n","protected":false},"author":1,"featured_media":3778,"comment_status":"open","ping_status":"closed","sticky":false,"template":"","format":"standard","meta":{"footnotes":""},"categories":[6],"tags":[],"class_list":["post-3777","post","type-post","status-publish","format-standard","has-post-thumbnail","hentry","category-nacionales"],"featured_image_urls":{"full":["https:\/\/curva1.com.ar\/wp-content\/uploads\/2013\/02\/d7e14c3f9e71785b10.jpg",462,260,false],"thumbnail":["https:\/\/curva1.com.ar\/wp-content\/uploads\/2013\/02\/d7e14c3f9e71785b10-300x169.jpg",300,169,true],"medium":["https:\/\/curva1.com.ar\/wp-content\/uploads\/2013\/02\/d7e14c3f9e71785b10.jpg",462,260,false],"medium_large":["https:\/\/curva1.com.ar\/wp-content\/uploads\/2013\/02\/d7e14c3f9e71785b10.jpg",462,260,false],"large":["https:\/\/curva1.com.ar\/wp-content\/uploads\/2013\/02\/d7e14c3f9e71785b10.jpg",462,260,false],"1536x1536":["https:\/\/curva1.com.ar\/wp-content\/uploads\/2013\/02\/d7e14c3f9e71785b10.jpg",462,260,false],"2048x2048":["https:\/\/curva1.com.ar\/wp-content\/uploads\/2013\/02\/d7e14c3f9e71785b10.jpg",462,260,false],"chromenews-featured":["https:\/\/curva1.com.ar\/wp-content\/uploads\/2013\/02\/d7e14c3f9e71785b10.jpg",462,260,false],"chromenews-large":["https:\/\/curva1.com.ar\/wp-content\/uploads\/2013\/02\/d7e14c3f9e71785b10.jpg",462,260,false],"chromenews-medium":["https:\/\/curva1.com.ar\/wp-content\/uploads\/2013\/02\/d7e14c3f9e71785b10.jpg",462,260,false]},"author_info":{"display_name":"Jos\u00e9 Bravo","author_link":"https:\/\/curva1.com.ar\/?author=1"},"category_info":"<a href=\"https:\/\/curva1.com.ar\/?cat=6\" rel=\"category\">Nacionales<\/a>","tag_info":"Nacionales","comment_count":"0","_links":{"self":[{"href":"https:\/\/curva1.com.ar\/index.php?rest_route=\/wp\/v2\/posts\/3777","targetHints":{"allow":["GET"]}}],"collection":[{"href":"https:\/\/curva1.com.ar\/index.php?rest_route=\/wp\/v2\/posts"}],"about":[{"href":"https:\/\/curva1.com.ar\/index.php?rest_route=\/wp\/v2\/types\/post"}],"author":[{"embeddable":true,"href":"https:\/\/curva1.com.ar\/index.php?rest_route=\/wp\/v2\/users\/1"}],"replies":[{"embeddable":true,"href":"https:\/\/curva1.com.ar\/index.php?rest_route=%2Fwp%2Fv2%2Fcomments&post=3777"}],"version-history":[{"count":2,"href":"https:\/\/curva1.com.ar\/index.php?rest_route=\/wp\/v2\/posts\/3777\/revisions"}],"predecessor-version":[{"id":3780,"href":"https:\/\/curva1.com.ar\/index.php?rest_route=\/wp\/v2\/posts\/3777\/revisions\/3780"}],"wp:featuredmedia":[{"embeddable":true,"href":"https:\/\/curva1.com.ar\/index.php?rest_route=\/wp\/v2\/media\/3778"}],"wp:attachment":[{"href":"https:\/\/curva1.com.ar\/index.php?rest_route=%2Fwp%2Fv2%2Fmedia&parent=3777"}],"wp:term":[{"taxonomy":"category","embeddable":true,"href":"https:\/\/curva1.com.ar\/index.php?rest_route=%2Fwp%2Fv2%2Fcategories&post=3777"},{"taxonomy":"post_tag","embeddable":true,"href":"https:\/\/curva1.com.ar\/index.php?rest_route=%2Fwp%2Fv2%2Ftags&post=3777"}],"curies":[{"name":"wp","href":"https:\/\/api.w.org\/{rel}","templated":true}]}}