{"id":37798,"date":"2021-11-05T13:28:34","date_gmt":"2021-11-05T16:28:34","guid":{"rendered":"http:\/\/curva1.com.ar\/?p=37798"},"modified":"2021-11-05T13:28:34","modified_gmt":"2021-11-05T16:28:34","slug":"horarios-para-la-2-fecha-del-clausura-del-karting-mendocino","status":"publish","type":"post","link":"https:\/\/curva1.com.ar\/?p=37798","title":{"rendered":"Horarios para la 2\u00b0 fecha del Clausura del Karting Mendocino"},"content":{"rendered":"<p><img loading=\"lazy\" decoding=\"async\" class=\"aligncenter size-full wp-image-37837\" src=\"http:\/\/curva1.com.ar\/wp-content\/uploads\/2021\/11\/IMG_768dad9.jpg\" alt=\"\" width=\"1000\" height=\"562\" srcset=\"https:\/\/curva1.com.ar\/wp-content\/uploads\/2021\/11\/IMG_768dad9.jpg 1000w, https:\/\/curva1.com.ar\/wp-content\/uploads\/2021\/11\/IMG_768dad9-960x540.jpg 960w, https:\/\/curva1.com.ar\/wp-content\/uploads\/2021\/11\/IMG_768dad9-300x169.jpg 300w, https:\/\/curva1.com.ar\/wp-content\/uploads\/2021\/11\/IMG_768dad9-768x432.jpg 768w, https:\/\/curva1.com.ar\/wp-content\/uploads\/2021\/11\/IMG_768dad9-700x394.jpg 700w\" sizes=\"auto, (max-width: 1000px) 100vw, 1000px\" \/><\/p>\n<p>Karting Mendocino se presenta este fin de semana para disputar la Fecha 2 del torneo Clausura y estos son los horarios oficiales.<\/p>\n<p>Este viernes desde las 15 horas habr\u00e1n pruebas libres.<\/p>\n<p><img loading=\"lazy\" decoding=\"async\" class=\"aligncenter size-full wp-image-37835\" src=\"http:\/\/curva1.com.ar\/wp-content\/uploads\/2021\/11\/AA.jpg\" alt=\"\" width=\"1000\" height=\"1000\" srcset=\"https:\/\/curva1.com.ar\/wp-content\/uploads\/2021\/11\/AA.jpg 1000w, https:\/\/curva1.com.ar\/wp-content\/uploads\/2021\/11\/AA-540x540.jpg 540w, https:\/\/curva1.com.ar\/wp-content\/uploads\/2021\/11\/AA-768x768.jpg 768w, https:\/\/curva1.com.ar\/wp-content\/uploads\/2021\/11\/AA-80x80.jpg 80w, https:\/\/curva1.com.ar\/wp-content\/uploads\/2021\/11\/AA-320x320.jpg 320w\" sizes=\"auto, (max-width: 1000px) 100vw, 1000px\" \/> <img loading=\"lazy\" decoding=\"async\" class=\"aligncenter size-full wp-image-37836\" src=\"http:\/\/curva1.com.ar\/wp-content\/uploads\/2021\/11\/2.DO_.jpg\" alt=\"\" width=\"1000\" height=\"1000\" srcset=\"https:\/\/curva1.com.ar\/wp-content\/uploads\/2021\/11\/2.DO_.jpg 1000w, https:\/\/curva1.com.ar\/wp-content\/uploads\/2021\/11\/2.DO_-540x540.jpg 540w, https:\/\/curva1.com.ar\/wp-content\/uploads\/2021\/11\/2.DO_-768x768.jpg 768w, https:\/\/curva1.com.ar\/wp-content\/uploads\/2021\/11\/2.DO_-80x80.jpg 80w, https:\/\/curva1.com.ar\/wp-content\/uploads\/2021\/11\/2.DO_-320x320.jpg 320w\" sizes=\"auto, (max-width: 1000px) 100vw, 1000px\" \/><\/p>\n<h3>CIRCUITOS<\/h3>\n<p>La fecha 2 del torneo Clausura est\u00e1 confirmada para el 6 y 7 de noviembre y se correr\u00e1 en el <strong>circuito 11 sentido<\/strong> horario del Kart\u00f3dromo de San Mart\u00edn.<\/p>\n<p>La categor\u00eda Escuela (exhibici\u00f3n) usar\u00e1 el <strong>circuito 1 horario.<\/strong><\/p>\n<p><img loading=\"lazy\" decoding=\"async\" class=\"aligncenter size-full wp-image-37799\" src=\"http:\/\/curva1.com.ar\/wp-content\/uploads\/2021\/11\/WhatsApp-Image-2021-10-15-at-13.02.36.jpeg\" alt=\"\" width=\"1020\" height=\"576\" srcset=\"https:\/\/curva1.com.ar\/wp-content\/uploads\/2021\/11\/WhatsApp-Image-2021-10-15-at-13.02.36.jpeg 1020w, https:\/\/curva1.com.ar\/wp-content\/uploads\/2021\/11\/WhatsApp-Image-2021-10-15-at-13.02.36-956x540.jpeg 956w, https:\/\/curva1.com.ar\/wp-content\/uploads\/2021\/11\/WhatsApp-Image-2021-10-15-at-13.02.36-300x169.jpeg 300w, https:\/\/curva1.com.ar\/wp-content\/uploads\/2021\/11\/WhatsApp-Image-2021-10-15-at-13.02.36-768x434.jpeg 768w, https:\/\/curva1.com.ar\/wp-content\/uploads\/2021\/11\/WhatsApp-Image-2021-10-15-at-13.02.36-700x394.jpeg 700w\" sizes=\"auto, (max-width: 1020px) 100vw, 1020px\" \/> <img loading=\"lazy\" decoding=\"async\" class=\"aligncenter size-full wp-image-37800\" src=\"http:\/\/curva1.com.ar\/wp-content\/uploads\/2021\/11\/CIRCUITO1H.jpg\" alt=\"\" width=\"1020\" height=\"576\" srcset=\"https:\/\/curva1.com.ar\/wp-content\/uploads\/2021\/11\/CIRCUITO1H.jpg 1020w, https:\/\/curva1.com.ar\/wp-content\/uploads\/2021\/11\/CIRCUITO1H-956x540.jpg 956w, https:\/\/curva1.com.ar\/wp-content\/uploads\/2021\/11\/CIRCUITO1H-300x169.jpg 300w, https:\/\/curva1.com.ar\/wp-content\/uploads\/2021\/11\/CIRCUITO1H-768x434.jpg 768w, https:\/\/curva1.com.ar\/wp-content\/uploads\/2021\/11\/CIRCUITO1H-700x394.jpg 700w\" sizes=\"auto, (max-width: 1020px) 100vw, 1020px\" \/><\/p>\n","protected":false},"excerpt":{"rendered":"<p>Karting Mendocino se presenta este fin de semana para disputar la Fecha 2 del torneo<\/p>\n","protected":false},"author":1,"featured_media":37837,"comment_status":"closed","ping_status":"closed","sticky":false,"template":"","format":"standard","meta":{"footnotes":""},"categories":[4],"tags":[],"class_list":["post-37798","post","type-post","status-publish","format-standard","has-post-thumbnail","hentry","category-karting"],"featured_image_urls":{"full":["https:\/\/curva1.com.ar\/wp-content\/uploads\/2021\/11\/IMG_768dad9.jpg",1000,562,false],"thumbnail":["https:\/\/curva1.com.ar\/wp-content\/uploads\/2021\/11\/IMG_768dad9-300x169.jpg",300,169,true],"medium":["https:\/\/curva1.com.ar\/wp-content\/uploads\/2021\/11\/IMG_768dad9-960x540.jpg",960,540,true],"medium_large":["https:\/\/curva1.com.ar\/wp-content\/uploads\/2021\/11\/IMG_768dad9-768x432.jpg",640,360,true],"large":["https:\/\/curva1.com.ar\/wp-content\/uploads\/2021\/11\/IMG_768dad9-960x540.jpg",640,360,true],"1536x1536":["https:\/\/curva1.com.ar\/wp-content\/uploads\/2021\/11\/IMG_768dad9.jpg",1000,562,false],"2048x2048":["https:\/\/curva1.com.ar\/wp-content\/uploads\/2021\/11\/IMG_768dad9.jpg",1000,562,false],"chromenews-featured":["https:\/\/curva1.com.ar\/wp-content\/uploads\/2021\/11\/IMG_768dad9.jpg",1000,562,false],"chromenews-large":["https:\/\/curva1.com.ar\/wp-content\/uploads\/2021\/11\/IMG_768dad9.jpg",825,464,false],"chromenews-medium":["https:\/\/curva1.com.ar\/wp-content\/uploads\/2021\/11\/IMG_768dad9.jpg",590,332,false]},"author_info":{"display_name":"Jos\u00e9 Bravo","author_link":"https:\/\/curva1.com.ar\/?author=1"},"category_info":"<a href=\"https:\/\/curva1.com.ar\/?cat=4\" rel=\"category\">Karting Asfalto<\/a>","tag_info":"Karting Asfalto","comment_count":"0","yoast_head":"<!-- This site is optimized with the Yoast SEO Premium plugin v14.7 - https:\/\/yoast.com\/wordpress\/plugins\/seo\/ -->\n<title>Horarios para la 2\u00b0 fecha del Clausura del Karting Mendocino - Curva 1<\/title>\n<meta name=\"robots\" content=\"index, follow\" \/>\n<meta name=\"googlebot\" content=\"index, follow, max-snippet:-1, max-image-preview:large, max-video-preview:-1\" \/>\n<meta name=\"bingbot\" content=\"index, follow, max-snippet:-1, max-image-preview:large, max-video-preview:-1\" \/>\n<link rel=\"canonical\" href=\"https:\/\/curva1.com.ar\/?p=37798\" \/>\n<meta property=\"og:locale\" content=\"en_US\" \/>\n<meta property=\"og:type\" content=\"article\" \/>\n<meta property=\"og:title\" content=\"Horarios para la 2\u00b0 fecha del Clausura del Karting Mendocino - Curva 1\" \/>\n<meta property=\"og:description\" content=\"Karting Mendocino se presenta este fin de semana para disputar la Fecha 2 del torneo\" \/>\n<meta property=\"og:url\" content=\"https:\/\/curva1.com.ar\/?p=37798\" \/>\n<meta property=\"og:site_name\" content=\"Curva 1\" \/>\n<meta property=\"article:publisher\" content=\"https:\/\/www.facebook.com\/revistacurva1\/\" \/>\n<meta property=\"article:published_time\" content=\"2021-11-05T16:28:34+00:00\" \/>\n<meta property=\"og:image\" content=\"https:\/\/curva1.com.ar\/wp-content\/uploads\/2021\/11\/IMG_768dad9.jpg\" \/>\n\t<meta property=\"og:image:width\" content=\"1000\" \/>\n\t<meta property=\"og:image:height\" content=\"562\" \/>\n<meta property=\"fb:app_id\" content=\"1593067817533208\" \/>\n<meta name=\"twitter:card\" content=\"summary_large_image\" \/>\n<meta name=\"twitter:creator\" content=\"@curva1mendoza\" \/>\n<meta name=\"twitter:site\" content=\"@curva1mendoza\" \/>\n<script type=\"application\/ld+json\" class=\"yoast-schema-graph\">{\"@context\":\"https:\/\/schema.org\",\"@graph\":[{\"@type\":\"WebSite\",\"@id\":\"https:\/\/curva1.com.ar\/#website\",\"url\":\"https:\/\/curva1.com.ar\/\",\"name\":\"Curva 1\",\"description\":\"Automovilismo de Mendoza\",\"potentialAction\":[{\"@type\":\"SearchAction\",\"target\":\"https:\/\/curva1.com.ar\/?s={search_term_string}\",\"query-input\":\"required name=search_term_string\"}],\"inLanguage\":\"en-US\"},{\"@type\":\"ImageObject\",\"@id\":\"https:\/\/curva1.com.ar\/?p=37798#primaryimage\",\"inLanguage\":\"en-US\",\"url\":\"https:\/\/curva1.com.ar\/wp-content\/uploads\/2021\/11\/IMG_768dad9.jpg\",\"width\":1000,\"height\":562},{\"@type\":\"WebPage\",\"@id\":\"https:\/\/curva1.com.ar\/?p=37798#webpage\",\"url\":\"https:\/\/curva1.com.ar\/?p=37798\",\"name\":\"Horarios para la 2\\u00b0 fecha del Clausura del Karting Mendocino - Curva 1\",\"isPartOf\":{\"@id\":\"https:\/\/curva1.com.ar\/#website\"},\"primaryImageOfPage\":{\"@id\":\"https:\/\/curva1.com.ar\/?p=37798#primaryimage\"},\"datePublished\":\"2021-11-05T16:28:34+00:00\",\"dateModified\":\"2021-11-05T16:28:34+00:00\",\"author\":{\"@id\":\"https:\/\/curva1.com.ar\/#\/schema\/person\/f5fd12984d70df7314fbd9ab42f31033\"},\"inLanguage\":\"en-US\",\"potentialAction\":[{\"@type\":\"ReadAction\",\"target\":[\"https:\/\/curva1.com.ar\/?p=37798\"]}]},{\"@type\":[\"Person\"],\"@id\":\"https:\/\/curva1.com.ar\/#\/schema\/person\/f5fd12984d70df7314fbd9ab42f31033\",\"name\":\"Jos\\u00e9 Bravo\",\"image\":{\"@type\":\"ImageObject\",\"@id\":\"https:\/\/curva1.com.ar\/#personlogo\",\"inLanguage\":\"en-US\",\"url\":\"https:\/\/secure.gravatar.com\/avatar\/3ae0b1fdc6ddeb723a6e6c23609ed39de1d40a94b8112fd2c0c2032e2dabf28b?s=96&d=identicon&r=g\",\"caption\":\"Jos\\u00e9 Bravo\"}}]}<\/script>\n<!-- \/ Yoast SEO Premium plugin. -->","_links":{"self":[{"href":"https:\/\/curva1.com.ar\/index.php?rest_route=\/wp\/v2\/posts\/37798","targetHints":{"allow":["GET"]}}],"collection":[{"href":"https:\/\/curva1.com.ar\/index.php?rest_route=\/wp\/v2\/posts"}],"about":[{"href":"https:\/\/curva1.com.ar\/index.php?rest_route=\/wp\/v2\/types\/post"}],"author":[{"embeddable":true,"href":"https:\/\/curva1.com.ar\/index.php?rest_route=\/wp\/v2\/users\/1"}],"replies":[{"embeddable":true,"href":"https:\/\/curva1.com.ar\/index.php?rest_route=%2Fwp%2Fv2%2Fcomments&post=37798"}],"version-history":[{"count":2,"href":"https:\/\/curva1.com.ar\/index.php?rest_route=\/wp\/v2\/posts\/37798\/revisions"}],"predecessor-version":[{"id":37838,"href":"https:\/\/curva1.com.ar\/index.php?rest_route=\/wp\/v2\/posts\/37798\/revisions\/37838"}],"wp:featuredmedia":[{"embeddable":true,"href":"https:\/\/curva1.com.ar\/index.php?rest_route=\/wp\/v2\/media\/37837"}],"wp:attachment":[{"href":"https:\/\/curva1.com.ar\/index.php?rest_route=%2Fwp%2Fv2%2Fmedia&parent=37798"}],"wp:term":[{"taxonomy":"category","embeddable":true,"href":"https:\/\/curva1.com.ar\/index.php?rest_route=%2Fwp%2Fv2%2Fcategories&post=37798"},{"taxonomy":"post_tag","embeddable":true,"href":"https:\/\/curva1.com.ar\/index.php?rest_route=%2Fwp%2Fv2%2Ftags&post=37798"}],"curies":[{"name":"wp","href":"https:\/\/api.w.org\/{rel}","templated":true}]}}