{"id":3795,"date":"2013-02-05T02:40:10","date_gmt":"2013-02-05T05:40:10","guid":{"rendered":"http:\/\/www.curva1.com.ar\/?p=3795"},"modified":"2013-02-05T02:40:39","modified_gmt":"2013-02-05T05:40:39","slug":"matias-jalaf-tendra-su-primer-contacto-con-alifraco-en-la-plata","status":"publish","type":"post","link":"https:\/\/curva1.com.ar\/?p=3795","title":{"rendered":"Mat\u00edas Jalaf tendr\u00e1 su primer contacto con Alifraco en La Plata"},"content":{"rendered":"<p><img loading=\"lazy\" decoding=\"async\" class=\"aligncenter size-full wp-image-3796\" alt=\"gal-510460\" src=\"http:\/\/www.curva1.com.ar\/wp-content\/uploads\/2013\/02\/gal-510460.jpg\" width=\"500\" height=\"281\" srcset=\"https:\/\/curva1.com.ar\/wp-content\/uploads\/2013\/02\/gal-510460.jpg 500w, https:\/\/curva1.com.ar\/wp-content\/uploads\/2013\/02\/gal-510460-300x169.jpg 300w\" sizes=\"auto, (max-width: 500px) 100vw, 500px\" \/><\/p>\n<p>Mat\u00edas Jalaf realizar\u00e1 hoy un ensayo con el Ford del equipo Alifraco Sport en el aut\u00f3dromo &#8220;Roberto Mouras&#8221; de La Plata, con miras al inicio de la temporada 2013 del Turismo Carretera que se concretar\u00e1 el pr\u00f3ximo fin de semana en Mar de Aj\u00f3.<\/p>\n<p>Tras confirmar el regreso al equipo de Walter Alifraco, el mendocino testear\u00e1 el Ford que tendr\u00e1 motorizaci\u00f3n de Fabi\u00e1n Acu\u00f1a. El pasado fin de semana fue Emmanuel Alifraco, le asent\u00f3 los frenos.<\/p>\n<p>Los Andes<\/p>\n","protected":false},"excerpt":{"rendered":"<p>Mat\u00edas Jalaf realizar\u00e1 hoy un ensayo con el Ford del equipo Alifraco Sport en el<\/p>\n","protected":false},"author":1,"featured_media":3796,"comment_status":"open","ping_status":"closed","sticky":false,"template":"","format":"standard","meta":{"footnotes":""},"categories":[6],"tags":[],"class_list":["post-3795","post","type-post","status-publish","format-standard","has-post-thumbnail","hentry","category-nacionales"],"featured_image_urls":{"full":["https:\/\/curva1.com.ar\/wp-content\/uploads\/2013\/02\/gal-510460.jpg",500,281,false],"thumbnail":["https:\/\/curva1.com.ar\/wp-content\/uploads\/2013\/02\/gal-510460-300x169.jpg",300,169,true],"medium":["https:\/\/curva1.com.ar\/wp-content\/uploads\/2013\/02\/gal-510460.jpg",500,281,false],"medium_large":["https:\/\/curva1.com.ar\/wp-content\/uploads\/2013\/02\/gal-510460.jpg",500,281,false],"large":["https:\/\/curva1.com.ar\/wp-content\/uploads\/2013\/02\/gal-510460.jpg",500,281,false],"1536x1536":["https:\/\/curva1.com.ar\/wp-content\/uploads\/2013\/02\/gal-510460.jpg",500,281,false],"2048x2048":["https:\/\/curva1.com.ar\/wp-content\/uploads\/2013\/02\/gal-510460.jpg",500,281,false],"chromenews-featured":["https:\/\/curva1.com.ar\/wp-content\/uploads\/2013\/02\/gal-510460.jpg",500,281,false],"chromenews-large":["https:\/\/curva1.com.ar\/wp-content\/uploads\/2013\/02\/gal-510460.jpg",500,281,false],"chromenews-medium":["https:\/\/curva1.com.ar\/wp-content\/uploads\/2013\/02\/gal-510460.jpg",500,281,false]},"author_info":{"display_name":"Jos\u00e9 Bravo","author_link":"https:\/\/curva1.com.ar\/?author=1"},"category_info":"<a href=\"https:\/\/curva1.com.ar\/?cat=6\" rel=\"category\">Nacionales<\/a>","tag_info":"Nacionales","comment_count":"0","_links":{"self":[{"href":"https:\/\/curva1.com.ar\/index.php?rest_route=\/wp\/v2\/posts\/3795","targetHints":{"allow":["GET"]}}],"collection":[{"href":"https:\/\/curva1.com.ar\/index.php?rest_route=\/wp\/v2\/posts"}],"about":[{"href":"https:\/\/curva1.com.ar\/index.php?rest_route=\/wp\/v2\/types\/post"}],"author":[{"embeddable":true,"href":"https:\/\/curva1.com.ar\/index.php?rest_route=\/wp\/v2\/users\/1"}],"replies":[{"embeddable":true,"href":"https:\/\/curva1.com.ar\/index.php?rest_route=%2Fwp%2Fv2%2Fcomments&post=3795"}],"version-history":[{"count":3,"href":"https:\/\/curva1.com.ar\/index.php?rest_route=\/wp\/v2\/posts\/3795\/revisions"}],"predecessor-version":[{"id":3799,"href":"https:\/\/curva1.com.ar\/index.php?rest_route=\/wp\/v2\/posts\/3795\/revisions\/3799"}],"wp:featuredmedia":[{"embeddable":true,"href":"https:\/\/curva1.com.ar\/index.php?rest_route=\/wp\/v2\/media\/3796"}],"wp:attachment":[{"href":"https:\/\/curva1.com.ar\/index.php?rest_route=%2Fwp%2Fv2%2Fmedia&parent=3795"}],"wp:term":[{"taxonomy":"category","embeddable":true,"href":"https:\/\/curva1.com.ar\/index.php?rest_route=%2Fwp%2Fv2%2Fcategories&post=3795"},{"taxonomy":"post_tag","embeddable":true,"href":"https:\/\/curva1.com.ar\/index.php?rest_route=%2Fwp%2Fv2%2Ftags&post=3795"}],"curies":[{"name":"wp","href":"https:\/\/api.w.org\/{rel}","templated":true}]}}