{"id":3810,"date":"2013-02-05T22:56:57","date_gmt":"2013-02-06T01:56:57","guid":{"rendered":"http:\/\/www.curva1.com.ar\/?p=3810"},"modified":"2013-02-05T22:59:25","modified_gmt":"2013-02-06T01:59:25","slug":"primer-test-de-flamarique-en-el-308-del-equipo-vittal-g-racing-car","status":"publish","type":"post","link":"https:\/\/curva1.com.ar\/?p=3810","title":{"rendered":"Primer test de Flamarique en el 308 del equipo Vittal G Racing Car"},"content":{"rendered":"<p><img loading=\"lazy\" decoding=\"async\" class=\"aligncenter size-full wp-image-3811\" alt=\"823473_403932766363291_1097049596_o\" src=\"http:\/\/www.curva1.com.ar\/wp-content\/uploads\/2013\/02\/823473_403932766363291_1097049596_o.jpg\" width=\"500\" height=\"360\" srcset=\"https:\/\/curva1.com.ar\/wp-content\/uploads\/2013\/02\/823473_403932766363291_1097049596_o.jpg 500w, https:\/\/curva1.com.ar\/wp-content\/uploads\/2013\/02\/823473_403932766363291_1097049596_o-468x337.jpg 468w\" sizes=\"auto, (max-width: 500px) 100vw, 500px\" \/><\/p>\n<p>Satisfactoria labor cumpli\u00f3 en el aut\u00f3dromo \u201cOscar Cabal\u00e9n\u201d el piloto mendocino, en donde gir\u00f3 con el auto que utilizar\u00e1 en la Clase 3 de\u00a0Turismo Nacional, con la atenci\u00f3n del equipo\u00a0Vittal G Racing Car, que dirige\u00a0Luis Belloso, y al cual se suma en esta temporada.<\/p>\n<p><strong>\u201cQued\u00e9 muy satisfecho y contento por el trabajo de hoy, porque el equipo se portado de maravillas y me ha terminado este nuevo auto en 45 d\u00edas. Esto demuestra por qu\u00e9 Luis\u00a0 (Belloso) y su grupo est\u00e1n en cada definici\u00f3n de campeonato, en los \u00faltimos a\u00f1os\u201d<\/strong>, declar\u00f3\u00a0Juli\u00e1n Flamarique\u00a0luego de su prueba en el aut\u00f3dromo \u201cOscar Cabal\u00e9n\u201d de Alta Gracia, con el flamante Peugeot 308 que la escuadra\u00a0Vittal G Racing Car\u00a0alista para la Clase 3 deTurismo Nacional.<\/p>\n<p>En ese auto, el piloto mendocino prob\u00f3 en la ma\u00f1ana durante15 vueltas, en el trazado de 2,2 Km. logrando en su mejor paso\u00a01min00s0.\u00a0<strong>\u201dEl tiempo fue muy\u00a0 bueno, porque me adapt\u00e9 r\u00e1pidamente al auto y fuimos puliendo detalles en la puesta a punto, para girar en buen ritmo\u201d<\/strong>, agreg\u00f3\u00a0Flamarique, quien espera por seguir evolucionando con el P308 en el aut\u00f3dromo \u201cRoberto Jos\u00e9 Mouras\u201d, entre mi\u00e9rcoles y jueves, cuando el equipo que dirige\u00a0Luis Belloso\u00a0arribe al escenario platense.<\/p>\n<p><img loading=\"lazy\" decoding=\"async\" class=\"aligncenter size-full wp-image-3812\" alt=\"793889_403932086363359_26559688_o\" src=\"http:\/\/www.curva1.com.ar\/wp-content\/uploads\/2013\/02\/793889_403932086363359_26559688_o.jpg\" width=\"500\" height=\"281\" srcset=\"https:\/\/curva1.com.ar\/wp-content\/uploads\/2013\/02\/793889_403932086363359_26559688_o.jpg 500w, https:\/\/curva1.com.ar\/wp-content\/uploads\/2013\/02\/793889_403932086363359_26559688_o-300x169.jpg 300w\" sizes=\"auto, (max-width: 500px) 100vw, 500px\" \/><\/p>\n<p>Texto Mundo Sport. Foto Flamarique.<\/p>\n","protected":false},"excerpt":{"rendered":"<p>Satisfactoria labor cumpli\u00f3 en el aut\u00f3dromo \u201cOscar Cabal\u00e9n\u201d el piloto mendocino, en donde gir\u00f3 con<\/p>\n","protected":false},"author":1,"featured_media":3812,"comment_status":"open","ping_status":"closed","sticky":false,"template":"","format":"standard","meta":{"footnotes":""},"categories":[6],"tags":[],"class_list":["post-3810","post","type-post","status-publish","format-standard","has-post-thumbnail","hentry","category-nacionales"],"featured_image_urls":{"full":["https:\/\/curva1.com.ar\/wp-content\/uploads\/2013\/02\/793889_403932086363359_26559688_o.jpg",500,281,false],"thumbnail":["https:\/\/curva1.com.ar\/wp-content\/uploads\/2013\/02\/793889_403932086363359_26559688_o-300x169.jpg",300,169,true],"medium":["https:\/\/curva1.com.ar\/wp-content\/uploads\/2013\/02\/793889_403932086363359_26559688_o.jpg",500,281,false],"medium_large":["https:\/\/curva1.com.ar\/wp-content\/uploads\/2013\/02\/793889_403932086363359_26559688_o.jpg",500,281,false],"large":["https:\/\/curva1.com.ar\/wp-content\/uploads\/2013\/02\/793889_403932086363359_26559688_o.jpg",500,281,false],"1536x1536":["https:\/\/curva1.com.ar\/wp-content\/uploads\/2013\/02\/793889_403932086363359_26559688_o.jpg",500,281,false],"2048x2048":["https:\/\/curva1.com.ar\/wp-content\/uploads\/2013\/02\/793889_403932086363359_26559688_o.jpg",500,281,false],"chromenews-featured":["https:\/\/curva1.com.ar\/wp-content\/uploads\/2013\/02\/793889_403932086363359_26559688_o.jpg",500,281,false],"chromenews-large":["https:\/\/curva1.com.ar\/wp-content\/uploads\/2013\/02\/793889_403932086363359_26559688_o.jpg",500,281,false],"chromenews-medium":["https:\/\/curva1.com.ar\/wp-content\/uploads\/2013\/02\/793889_403932086363359_26559688_o.jpg",500,281,false]},"author_info":{"display_name":"Jos\u00e9 Bravo","author_link":"https:\/\/curva1.com.ar\/?author=1"},"category_info":"<a href=\"https:\/\/curva1.com.ar\/?cat=6\" rel=\"category\">Nacionales<\/a>","tag_info":"Nacionales","comment_count":"0","_links":{"self":[{"href":"https:\/\/curva1.com.ar\/index.php?rest_route=\/wp\/v2\/posts\/3810","targetHints":{"allow":["GET"]}}],"collection":[{"href":"https:\/\/curva1.com.ar\/index.php?rest_route=\/wp\/v2\/posts"}],"about":[{"href":"https:\/\/curva1.com.ar\/index.php?rest_route=\/wp\/v2\/types\/post"}],"author":[{"embeddable":true,"href":"https:\/\/curva1.com.ar\/index.php?rest_route=\/wp\/v2\/users\/1"}],"replies":[{"embeddable":true,"href":"https:\/\/curva1.com.ar\/index.php?rest_route=%2Fwp%2Fv2%2Fcomments&post=3810"}],"version-history":[{"count":4,"href":"https:\/\/curva1.com.ar\/index.php?rest_route=\/wp\/v2\/posts\/3810\/revisions"}],"predecessor-version":[{"id":3816,"href":"https:\/\/curva1.com.ar\/index.php?rest_route=\/wp\/v2\/posts\/3810\/revisions\/3816"}],"wp:featuredmedia":[{"embeddable":true,"href":"https:\/\/curva1.com.ar\/index.php?rest_route=\/wp\/v2\/media\/3812"}],"wp:attachment":[{"href":"https:\/\/curva1.com.ar\/index.php?rest_route=%2Fwp%2Fv2%2Fmedia&parent=3810"}],"wp:term":[{"taxonomy":"category","embeddable":true,"href":"https:\/\/curva1.com.ar\/index.php?rest_route=%2Fwp%2Fv2%2Fcategories&post=3810"},{"taxonomy":"post_tag","embeddable":true,"href":"https:\/\/curva1.com.ar\/index.php?rest_route=%2Fwp%2Fv2%2Ftags&post=3810"}],"curies":[{"name":"wp","href":"https:\/\/api.w.org\/{rel}","templated":true}]}}