{"id":38219,"date":"2021-12-10T11:17:14","date_gmt":"2021-12-10T14:17:14","guid":{"rendered":"http:\/\/curva1.com.ar\/?p=38219"},"modified":"2021-12-10T11:17:14","modified_gmt":"2021-12-10T14:17:14","slug":"provincial-de-enduro-cerro-el-2021-con-el-desafio-nihuil","status":"publish","type":"post","link":"https:\/\/curva1.com.ar\/?p=38219","title":{"rendered":"Provincial de Enduro cerr\u00f3 el 2021 con el Desaf\u00edo Nihuil"},"content":{"rendered":"<p><img loading=\"lazy\" decoding=\"async\" class=\"aligncenter size-full wp-image-38220\" src=\"http:\/\/curva1.com.ar\/wp-content\/uploads\/2021\/12\/unnamed-4.jpg\" alt=\"\" width=\"1280\" height=\"1003\" srcset=\"https:\/\/curva1.com.ar\/wp-content\/uploads\/2021\/12\/unnamed-4.jpg 1280w, https:\/\/curva1.com.ar\/wp-content\/uploads\/2021\/12\/unnamed-4-689x540.jpg 689w, https:\/\/curva1.com.ar\/wp-content\/uploads\/2021\/12\/unnamed-4-768x602.jpg 768w\" sizes=\"auto, (max-width: 1280px) 100vw, 1280px\" \/><\/p>\n<p>El\u00a0<strong>Campeonato Provincial de Enduro\u00a0<\/strong>disput\u00f3 su octava y \u00faltima competencia de la temporada\u00a0 en San Rafael y con una nueva edici\u00f3n del\u00a0<strong>Desaf\u00edo Nihuil<\/strong>, competencia que cont\u00f3 con la fiscalizaci\u00f3n de la\u00a0Federaci\u00f3n Mendocina de Motociclismo Deportivo (Fememod).<\/p>\n<p>La prueba marc\u00f3 el cierre del certamen local y defini\u00f3 a los\u00a0campeones 2021\u00a0en cada una de las categor\u00edas, despu\u00e9s de un a\u00f1o donde la especialidad tuvo un\u00a0crecimiento notable, tanto en la cantidad de pilotos participantes como tambi\u00e9n en su nivel conductivo.<\/p>\n<p>Adem\u00e1s, este final de temporada fue sumamente positivo para las\u00a0categor\u00edas menores\u00a0como tambi\u00e9n para los\u00a0cuatriciclos, que por primera vez pudieron ser parte de un campeonato formal y con un parque de m\u00e1quinas que se fue incrementando carrera tras carrera.<\/p>\n<p>Como sucede en cada fin de semana de competencia, la actividad se dividi\u00f3 en dos jornadas. El s\u00e1bado fue el turno de los m\u00e1s chicos. Los ganadores fueron Nicol\u00e1s S\u00e1nchez (50cc), Juan Francisco V\u00e9lez (65cc), Juan Valent\u00edn Seretti\u00a0(85cc), y\u00a0Mauricio Virar (Juveniles).\u00a0 En estas divisionales, festejaron el t\u00edtulo:\u00a0Juan Ignacio Maldonado (Juveniles), Juan Valent\u00edn Seretti (85cc), Juan Francisco V\u00e9lez (65cc) y Nicol\u00e1s S\u00e1nchez (50cc).<\/p>\n<p>El\u00a0domingo\u00a0leg\u00f3 el plato fuerte con las categor\u00edas de adultos. En la divisional m\u00e1s importante, Senior A,\u00a0Lucas Godoy\u00a0festej\u00f3 el t\u00edtulo con una nueva victoria, relegando a los hermanos Tumbarello: Tom\u00e1s y Franco. En Senior B,\u00a0Sergio Rey\u00a0termin\u00f3 el a\u00f1o con una victoria, superando a Leonardo Ponce qui\u00e9n finalmente celebr\u00f3 el campeonato.<\/p>\n<p>Los\u00a0cuatriciclos\u00a0tambi\u00e9n tuvieron su lugar en El Nihuil.\u00a0Franco Brescia\u00a0se impuso en la categor\u00eda Senior y tambi\u00e9n se qued\u00f3 con el t\u00edtulo. Tambi\u00e9n ganaron\u00a0Maximiliano Zapata\u00a0(Junior),\u00a0Edgardo Esp\u00edn\u00a0(Master A),\u00a0Santiago Tapia\u00a0(Master B),\u00a0Cristian Chab\u00e1n\u00a0(Promocional) y\u00a0Santiago Ram\u00edrez\u00a0(Principiantes).<\/p>\n<p>El Campeonato Provincial de Enduro despedir\u00e1 la temporada el\u00a015 de diciembre con la cena de fin de a\u00f1o\u00a0y premiaci\u00f3n del campeonato, que se realizar\u00e1 en el sal\u00f3n\u00a0Palatium. All\u00ed\u00a0se distinguir\u00e1 a los\u00a0cinco primeros\u00a0del certamen en cada categor\u00eda de las motos, mientras que en cuatriciclos se premiar\u00e1 a los tres primeros del campeonato.<\/p>\n<hr \/>\n<h3 style=\"text-align: center;\">ADULTOS<\/h3>\n<hr \/>\n<p><strong>Senior A<\/strong><br \/>\n1\u00b0 Lucas Godoy<br \/>\n2\u00b0 Tom\u00e1s Tumbarello<br \/>\n3\u00b0 Franco Tumbarello<br \/>\n4\u00b0 Marcos Polo<br \/>\n5\u00ba Brian Colombatti<br \/>\nCampe\u00f3n:\u00a0Lucas Godoy<br \/>\nSubcampe\u00f3n:\u00a0Marcos Polo<\/p>\n<p><strong>Junior A<\/strong><br \/>\n1\u00b0 Mat\u00edas Flaminio<br \/>\n2\u00b0 Renzo Rosales<br \/>\n3\u00b0 Nicol\u00e1s Climent<br \/>\n4\u00b0 Lautaro Renzi<br \/>\n5\u00b0 Gast\u00f3n Del Pozo<br \/>\nCampe\u00f3n:\u00a0Renzo Rosales<br \/>\nSubcampe\u00f3n:\u00a0Gast\u00f3n Del Pozo<\/p>\n<p><strong>Master A<\/strong><br \/>\n1\u00b0 Pablo De Angeli<br \/>\n2\u00b0 Cristian Derkaez<br \/>\n3\u00b0 Mart\u00edn Muller<br \/>\n4\u00b0 Mauricio Di Giambatista<br \/>\n5\u00b0 Augusto Rosato<br \/>\nCampe\u00f3n:\u00a0Mart\u00edn Muller<br \/>\nSubcampe\u00f3n:\u00a0Pablo De Angeli<\/p>\n<p><strong>Master C<\/strong><br \/>\n1\u00b0 Leonardo Climent<br \/>\n2\u00b0 Gabriel Calvelli<br \/>\n3\u00b0 Gabriel Paz<br \/>\n4\u00ba Gustavo Godoy<br \/>\n5\u00b0 Carlos Flores<br \/>\nCampe\u00f3n:\u00a0Gabriel Calvelli<br \/>\nSubcampe\u00f3n:\u00a0Gabriel Paz<\/p>\n<p><strong>Master Principiantes<\/strong><br \/>\n1\u00b0 Adri\u00e1n Pardo<br \/>\n2\u00b0 Gustavo Roiz<br \/>\n3\u00b0 Jos\u00e9 Romero<br \/>\n4\u00ba Jorge Gonz\u00e1lez<br \/>\n5\u00b0 Pablo Velazco<br \/>\nCampe\u00f3n:\u00a0Gustavo Roiz<br \/>\nSubcampe\u00f3n:\u00a0Adri\u00e1n Pardo<\/p>\n<p><strong>Senior B<\/strong><br \/>\n1\u00b0 Sergio Rey<br \/>\n2\u00b0 Leonardo Ponce<br \/>\n3\u00ba Cristian Maldonado<br \/>\n4\u00b0 Lucas Lambertucci<br \/>\n5\u00b0 Marcelo Maldonado<br \/>\nCampe\u00f3n:\u00a0Leonardo Ponce<br \/>\nSubcampe\u00f3n:\u00a0Cristian Maldonado<\/p>\n<p><strong>Junior B<\/strong><br \/>\n1\u00b0 Joaqu\u00edn Parra<br \/>\n2\u00b0 Franco Cuoghi<br \/>\n3\u00b0 Marcos Y\u00e1\u00f1ez<br \/>\n4\u00b0 Lucho Olmedo<br \/>\n5\u00b0 Juan Manuel Mart\u00ednez<br \/>\nCampe\u00f3n:\u00a0Joaqu\u00edn Parra<br \/>\nSubcampe\u00f3n:\u00a0Franco Cuoghi<\/p>\n<p><strong>Master B<\/strong><br \/>\n1\u00b0 Alejandro Musri<br \/>\n2\u00b0 Nicol\u00e1s Almaraz<br \/>\n3\u00b0 Mariano Marco<br \/>\n4\u00b0 Ariel Caride<br \/>\n5\u00b0 Jorge P\u00e9rez<br \/>\nCampe\u00f3n:\u00a0Alejandro Musri<br \/>\nSubcampe\u00f3n:\u00a0Ariel Caride<\/p>\n<p><strong>Master D<\/strong><br \/>\n1\u00b0 Sergio Buch\u00edn<br \/>\n2\u00b0 Fernando Abraham<br \/>\n3\u00b0 Osvaldo Olmedo<br \/>\n4\u00b0 Daniel Silva<br \/>\n5\u00b0 Jorge Miguez<br \/>\nCampe\u00f3n:\u00a0Fernando Abraham<br \/>\nSubcampe\u00f3n:\u00a0Sergio Buch\u00edn<\/p>\n<p><strong>Promocionales<\/strong><br \/>\n1\u00b0 Bautista Rodr\u00edguez<br \/>\n2\u00b0 Gino Cuoghi<br \/>\n3\u00b0 Mauricio Virar<br \/>\n4\u00b0 Alejo Bravo<br \/>\n5\u00b0 Valentino Maggini<br \/>\nCampe\u00f3n:\u00a0Gino Cuoghi<br \/>\nSubcampe\u00f3n:\u00a0Bautista Rodr\u00edguez<\/p>\n<hr \/>\n<h3 style=\"text-align: center;\">JUVENILES<\/h3>\n<hr \/>\n<p><strong>Juveniles<\/strong><br \/>\n1\u00b0 Mauricio Virar<br \/>\n2\u00ba Renzo Di Giambatista<br \/>\n3\u00ba Facundo Juri<br \/>\n4\u00ba Juan Pedro Quiles<br \/>\n5\u00ba Juan Ignacio Maldonado<br \/>\nCampe\u00f3n:\u00a0Juan Ignacio Maldonado<br \/>\nSubcampe\u00f3n:\u00a0Mauricio Virar<\/p>\n<p><strong>50cc.<\/strong><br \/>\n1\u00b0 Nicol\u00e1s S\u00e1nchez<br \/>\n2\u00ba Santino Rodr\u00edguez<br \/>\n3\u00ba St\u00e9fano Ganem<br \/>\nCampe\u00f3n:\u00a0Nicol\u00e1s S\u00e1nchez<br \/>\nSubcampe\u00f3n: Santino Rodr\u00edguez<\/p>\n<p><strong>65cc<\/strong>.<br \/>\n1\u00b0 Juan Francisco V\u00e9lez<br \/>\n2\u00ba Ignacio Arrigoni<br \/>\n3\u00ba Filippo Badaloni<br \/>\n4\u00ba Franco Rubino<br \/>\n5\u00ba Nicol\u00e1s S\u00e1nchez<br \/>\nCampe\u00f3n | 10 a\u00f1os:\u00a0Juan F. V\u00e9lez<br \/>\nSubcampe\u00f3n | 10 a\u00f1os:\u00a0F. Rubino<br \/>\nCampe\u00f3n | 11 a\u00f1os:\u00a0Filippo Badaloni<br \/>\nSubcampe\u00f3n | 11 a\u00f1os:\u00a0Lucas Juri<\/p>\n<p><strong>85cc.<\/strong><br \/>\n1\u00b0 Juan Valent\u00edn Seretti<br \/>\n2\u00ba Ernesto Vartalitis<br \/>\nCampe\u00f3n:\u00a0Juan Valent\u00edn Seretti<br \/>\nSubcampe\u00f3n:\u00a0Renzo Di Giambatista<\/p>\n<hr \/>\n<h3 style=\"text-align: center;\">CUATRICICLOS<\/h3>\n<hr \/>\n<p><strong>Senior<\/strong><br \/>\n1\u00b0 Franco Brescia<br \/>\n2\u00ba Joel Boff<br \/>\n3\u00ba Carlos Bergas<br \/>\n4\u00ba Manuel Fern\u00e1ndez<br \/>\nCampe\u00f3n:\u00a0Franco Breccia<br \/>\nSubcampe\u00f3n:\u00a0Carlos Bergas<\/p>\n<p><strong>Master A<\/strong><br \/>\n1\u00ba Edgardo Esp\u00edn<br \/>\n2\u00b0 Cristian Reynoso<br \/>\nCampe\u00f3n:\u00a0Cristian Reynoso<br \/>\nSubcampe\u00f3n:\u00a0Edgardo Esp\u00edn<\/p>\n<p><strong>Principiantes<\/strong><br \/>\n1\u00b0 Santiago Ram\u00edrez<br \/>\n2\u00ba M\u00e1ximo Fern\u00e1ndez<br \/>\n3\u00ba Franco Ronchi<br \/>\n4\u00ba Agust\u00edn Impriglio<br \/>\n5\u00ba Luis Bergas<br \/>\nCampe\u00f3n:\u00a0M\u00e1ximo Fern\u00e1ndez<br \/>\nSubcampe\u00f3n:\u00a0Agust\u00edn Impriglio<\/p>\n<p><strong>Junior<\/strong><br \/>\n1\u00b0 Maximiliano Zapata<br \/>\n2\u00ba Pablo S\u00e1nchez<br \/>\nCampe\u00f3n:\u00a0Pablo S\u00e1nchez<br \/>\nSubcampe\u00f3n:\u00a0Francisco Catena<\/p>\n<p><strong>Master B<\/strong><br \/>\n1\u00ba Santiago Tapia<br \/>\n2\u00ba Gustavo Capellano<br \/>\n3\u00ba Ceferino Fern\u00e1ndez<br \/>\n4\u00ba Orlando Coria<br \/>\nCampe\u00f3n:\u00a0Gustavo Capellano<br \/>\nSubcampe\u00f3n:\u00a0Santiago Tapia<\/p>\n<p><strong>Promocional<\/strong><br \/>\n1\u00b0 Cristian Chab\u00e1n<br \/>\n2\u00ba Walter Pons<br \/>\n3\u00ba Alejandro Parra<br \/>\nCampe\u00f3n:\u00a0Walter Pons<br \/>\nSubcampe\u00f3n: Alejandro Parra<\/p>\n<p><img loading=\"lazy\" decoding=\"async\" class=\"aligncenter size-full wp-image-38221\" src=\"http:\/\/curva1.com.ar\/wp-content\/uploads\/2021\/12\/unnamed-3.jpg\" alt=\"\" width=\"1280\" height=\"851\" srcset=\"https:\/\/curva1.com.ar\/wp-content\/uploads\/2021\/12\/unnamed-3.jpg 1280w, https:\/\/curva1.com.ar\/wp-content\/uploads\/2021\/12\/unnamed-3-812x540.jpg 812w, https:\/\/curva1.com.ar\/wp-content\/uploads\/2021\/12\/unnamed-3-768x511.jpg 768w\" sizes=\"auto, (max-width: 1280px) 100vw, 1280px\" \/> <img loading=\"lazy\" decoding=\"async\" class=\"aligncenter size-full wp-image-38222\" src=\"http:\/\/curva1.com.ar\/wp-content\/uploads\/2021\/12\/unnamed-2.jpg\" alt=\"\" width=\"1280\" height=\"853\" srcset=\"https:\/\/curva1.com.ar\/wp-content\/uploads\/2021\/12\/unnamed-2.jpg 1280w, https:\/\/curva1.com.ar\/wp-content\/uploads\/2021\/12\/unnamed-2-810x540.jpg 810w, https:\/\/curva1.com.ar\/wp-content\/uploads\/2021\/12\/unnamed-2-768x512.jpg 768w\" sizes=\"auto, (max-width: 1280px) 100vw, 1280px\" \/><\/p>\n","protected":false},"excerpt":{"rendered":"<p>El\u00a0Campeonato Provincial de Enduro\u00a0disput\u00f3 su octava y \u00faltima competencia de la temporada\u00a0 en San Rafael<\/p>\n","protected":false},"author":1,"featured_media":38221,"comment_status":"closed","ping_status":"closed","sticky":false,"template":"","format":"standard","meta":{"footnotes":""},"categories":[10],"tags":[],"class_list":["post-38219","post","type-post","status-publish","format-standard","has-post-thumbnail","hentry","category-motos"],"featured_image_urls":{"full":["https:\/\/curva1.com.ar\/wp-content\/uploads\/2021\/12\/unnamed-3.jpg",1280,851,false],"thumbnail":["https:\/\/curva1.com.ar\/wp-content\/uploads\/2021\/12\/unnamed-3-300x169.jpg",300,169,true],"medium":["https:\/\/curva1.com.ar\/wp-content\/uploads\/2021\/12\/unnamed-3-812x540.jpg",812,540,true],"medium_large":["https:\/\/curva1.com.ar\/wp-content\/uploads\/2021\/12\/unnamed-3-768x511.jpg",640,426,true],"large":["https:\/\/curva1.com.ar\/wp-content\/uploads\/2021\/12\/unnamed-3-812x540.jpg",640,426,true],"1536x1536":["https:\/\/curva1.com.ar\/wp-content\/uploads\/2021\/12\/unnamed-3.jpg",1280,851,false],"2048x2048":["https:\/\/curva1.com.ar\/wp-content\/uploads\/2021\/12\/unnamed-3.jpg",1280,851,false],"chromenews-featured":["https:\/\/curva1.com.ar\/wp-content\/uploads\/2021\/12\/unnamed-3.jpg",1024,681,false],"chromenews-large":["https:\/\/curva1.com.ar\/wp-content\/uploads\/2021\/12\/unnamed-3.jpg",825,548,false],"chromenews-medium":["https:\/\/curva1.com.ar\/wp-content\/uploads\/2021\/12\/unnamed-3.jpg",590,392,false]},"author_info":{"display_name":"Jos\u00e9 Bravo","author_link":"https:\/\/curva1.com.ar\/?author=1"},"category_info":"<a href=\"https:\/\/curva1.com.ar\/?cat=10\" rel=\"category\">Motos<\/a>","tag_info":"Motos","comment_count":"0","yoast_head":"<!-- This site is optimized with the Yoast SEO Premium plugin v14.7 - https:\/\/yoast.com\/wordpress\/plugins\/seo\/ -->\n<title>Provincial de Enduro cerr\u00f3 el 2021 con el Desaf\u00edo Nihuil - Curva 1<\/title>\n<meta name=\"robots\" content=\"index, follow\" \/>\n<meta name=\"googlebot\" content=\"index, follow, max-snippet:-1, max-image-preview:large, max-video-preview:-1\" \/>\n<meta name=\"bingbot\" content=\"index, follow, max-snippet:-1, max-image-preview:large, max-video-preview:-1\" \/>\n<link rel=\"canonical\" href=\"https:\/\/curva1.com.ar\/?p=38219\" \/>\n<meta property=\"og:locale\" content=\"en_US\" \/>\n<meta property=\"og:type\" content=\"article\" \/>\n<meta property=\"og:title\" content=\"Provincial de Enduro cerr\u00f3 el 2021 con el Desaf\u00edo Nihuil - Curva 1\" \/>\n<meta property=\"og:description\" content=\"El\u00a0Campeonato Provincial de Enduro\u00a0disput\u00f3 su octava y \u00faltima competencia de la temporada\u00a0 en San Rafael\" \/>\n<meta property=\"og:url\" content=\"https:\/\/curva1.com.ar\/?p=38219\" \/>\n<meta property=\"og:site_name\" content=\"Curva 1\" \/>\n<meta property=\"article:publisher\" content=\"https:\/\/www.facebook.com\/revistacurva1\/\" \/>\n<meta property=\"article:published_time\" content=\"2021-12-10T14:17:14+00:00\" \/>\n<meta property=\"og:image\" content=\"https:\/\/curva1.com.ar\/wp-content\/uploads\/2021\/12\/unnamed-3.jpg\" \/>\n\t<meta property=\"og:image:width\" content=\"1280\" \/>\n\t<meta property=\"og:image:height\" content=\"851\" \/>\n<meta property=\"fb:app_id\" content=\"1593067817533208\" \/>\n<meta name=\"twitter:card\" content=\"summary_large_image\" \/>\n<meta name=\"twitter:creator\" content=\"@curva1mendoza\" \/>\n<meta name=\"twitter:site\" content=\"@curva1mendoza\" \/>\n<script type=\"application\/ld+json\" class=\"yoast-schema-graph\">{\"@context\":\"https:\/\/schema.org\",\"@graph\":[{\"@type\":\"WebSite\",\"@id\":\"https:\/\/curva1.com.ar\/#website\",\"url\":\"https:\/\/curva1.com.ar\/\",\"name\":\"Curva 1\",\"description\":\"Automovilismo de Mendoza\",\"potentialAction\":[{\"@type\":\"SearchAction\",\"target\":\"https:\/\/curva1.com.ar\/?s={search_term_string}\",\"query-input\":\"required name=search_term_string\"}],\"inLanguage\":\"en-US\"},{\"@type\":\"ImageObject\",\"@id\":\"https:\/\/curva1.com.ar\/?p=38219#primaryimage\",\"inLanguage\":\"en-US\",\"url\":\"https:\/\/curva1.com.ar\/wp-content\/uploads\/2021\/12\/unnamed-3.jpg\",\"width\":1280,\"height\":851},{\"@type\":\"WebPage\",\"@id\":\"https:\/\/curva1.com.ar\/?p=38219#webpage\",\"url\":\"https:\/\/curva1.com.ar\/?p=38219\",\"name\":\"Provincial de Enduro cerr\\u00f3 el 2021 con el Desaf\\u00edo Nihuil - Curva 1\",\"isPartOf\":{\"@id\":\"https:\/\/curva1.com.ar\/#website\"},\"primaryImageOfPage\":{\"@id\":\"https:\/\/curva1.com.ar\/?p=38219#primaryimage\"},\"datePublished\":\"2021-12-10T14:17:14+00:00\",\"dateModified\":\"2021-12-10T14:17:14+00:00\",\"author\":{\"@id\":\"https:\/\/curva1.com.ar\/#\/schema\/person\/f5fd12984d70df7314fbd9ab42f31033\"},\"inLanguage\":\"en-US\",\"potentialAction\":[{\"@type\":\"ReadAction\",\"target\":[\"https:\/\/curva1.com.ar\/?p=38219\"]}]},{\"@type\":[\"Person\"],\"@id\":\"https:\/\/curva1.com.ar\/#\/schema\/person\/f5fd12984d70df7314fbd9ab42f31033\",\"name\":\"Jos\\u00e9 Bravo\",\"image\":{\"@type\":\"ImageObject\",\"@id\":\"https:\/\/curva1.com.ar\/#personlogo\",\"inLanguage\":\"en-US\",\"url\":\"https:\/\/secure.gravatar.com\/avatar\/3ae0b1fdc6ddeb723a6e6c23609ed39de1d40a94b8112fd2c0c2032e2dabf28b?s=96&d=identicon&r=g\",\"caption\":\"Jos\\u00e9 Bravo\"}}]}<\/script>\n<!-- \/ Yoast SEO Premium plugin. -->","_links":{"self":[{"href":"https:\/\/curva1.com.ar\/index.php?rest_route=\/wp\/v2\/posts\/38219","targetHints":{"allow":["GET"]}}],"collection":[{"href":"https:\/\/curva1.com.ar\/index.php?rest_route=\/wp\/v2\/posts"}],"about":[{"href":"https:\/\/curva1.com.ar\/index.php?rest_route=\/wp\/v2\/types\/post"}],"author":[{"embeddable":true,"href":"https:\/\/curva1.com.ar\/index.php?rest_route=\/wp\/v2\/users\/1"}],"replies":[{"embeddable":true,"href":"https:\/\/curva1.com.ar\/index.php?rest_route=%2Fwp%2Fv2%2Fcomments&post=38219"}],"version-history":[{"count":1,"href":"https:\/\/curva1.com.ar\/index.php?rest_route=\/wp\/v2\/posts\/38219\/revisions"}],"predecessor-version":[{"id":38223,"href":"https:\/\/curva1.com.ar\/index.php?rest_route=\/wp\/v2\/posts\/38219\/revisions\/38223"}],"wp:featuredmedia":[{"embeddable":true,"href":"https:\/\/curva1.com.ar\/index.php?rest_route=\/wp\/v2\/media\/38221"}],"wp:attachment":[{"href":"https:\/\/curva1.com.ar\/index.php?rest_route=%2Fwp%2Fv2%2Fmedia&parent=38219"}],"wp:term":[{"taxonomy":"category","embeddable":true,"href":"https:\/\/curva1.com.ar\/index.php?rest_route=%2Fwp%2Fv2%2Fcategories&post=38219"},{"taxonomy":"post_tag","embeddable":true,"href":"https:\/\/curva1.com.ar\/index.php?rest_route=%2Fwp%2Fv2%2Ftags&post=38219"}],"curies":[{"name":"wp","href":"https:\/\/api.w.org\/{rel}","templated":true}]}}