{"id":3847,"date":"2013-02-07T15:03:26","date_gmt":"2013-02-07T18:03:26","guid":{"rendered":"http:\/\/www.curva1.com.ar\/?p=3847"},"modified":"2013-02-07T15:11:59","modified_gmt":"2013-02-07T18:11:59","slug":"se-bajan-cuatro-protagonistas-del-turismo-pista-1100-del-zonal-cuyano","status":"publish","type":"post","link":"https:\/\/curva1.com.ar\/?p=3847","title":{"rendered":"Se bajan cuatro protagonistas del Turismo Pista 1100 del zonal"},"content":{"rendered":"<figure id=\"attachment_3848\" aria-describedby=\"caption-attachment-3848\" style=\"width: 500px\" class=\"wp-caption aligncenter\"><img loading=\"lazy\" decoding=\"async\" class=\"size-full wp-image-3848\" alt=\"GEDSC DIGITAL CAMERA\" src=\"http:\/\/www.curva1.com.ar\/wp-content\/uploads\/2013\/02\/GEDC01SS98.jpg\" width=\"500\" height=\"281\" srcset=\"https:\/\/curva1.com.ar\/wp-content\/uploads\/2013\/02\/GEDC01SS98.jpg 500w, https:\/\/curva1.com.ar\/wp-content\/uploads\/2013\/02\/GEDC01SS98-300x169.jpg 300w\" sizes=\"auto, (max-width: 500px) 100vw, 500px\" \/><figcaption id=\"caption-attachment-3848\" class=\"wp-caption-text\">De la Llana (2) y Marich (1) no correr\u00e1n este a\u00f1o en la mil cien<\/figcaption><\/figure>\n<p>A fuerza de resultados, podios y victorias se ganaron el t\u00edtulo de &#8220;candidatos&#8221; para luego ser &#8220;protagonistas&#8221; en los dos \u00faltimos campeonatos del Turismo Pista 1100 del zonal cuyano.<\/p>\n<p>Hablamos de cuatro pilotos que dieron que hablar y en esta temporada 2013 no estar\u00e1n presente:<\/p>\n<ul>\n<li>Gustavo Laur\u00eda &#8211; Campe\u00f3n 2012<\/li>\n<li>Pedro Piastrellini &#8211; Subcampe\u00f3n 2012<\/li>\n<li>Omar Marich &#8211; 3\u00ba puesto 2012 y Campe\u00f3n 2011<\/li>\n<li>Agust\u00edn de la Llana -4\u00ba puesto 2012 y Subcampe\u00f3n 2011<\/li>\n<\/ul>\n<p>Diferentes motivos alejan a los pilotos de la categor\u00eda que los vio estar adelante y ser referentes, pero donde ahora ser\u00e1n otros los que busquen resultados para ponerse el traje de &#8220;candidatos&#8221; para el t\u00edtulo 2013.<\/p>\n<figure id=\"attachment_3849\" aria-describedby=\"caption-attachment-3849\" style=\"width: 500px\" class=\"wp-caption aligncenter\"><img loading=\"lazy\" decoding=\"async\" class=\"size-full wp-image-3849\" alt=\"El campe\u00f3n Laur\u00eda no lucir\u00e1 el &quot;1&quot; desde el inicio, pero podr\u00eda hacer algunas carreras durante el a\u00f1o\" src=\"http:\/\/www.curva1.com.ar\/wp-content\/uploads\/2013\/02\/P18003ta90.jpg\" width=\"500\" height=\"281\" srcset=\"https:\/\/curva1.com.ar\/wp-content\/uploads\/2013\/02\/P18003ta90.jpg 500w, https:\/\/curva1.com.ar\/wp-content\/uploads\/2013\/02\/P18003ta90-300x169.jpg 300w\" sizes=\"auto, (max-width: 500px) 100vw, 500px\" \/><figcaption id=\"caption-attachment-3849\" class=\"wp-caption-text\">El campe\u00f3n Laur\u00eda no lucir\u00e1 el &#8220;1&#8221; desde el inicio<\/figcaption><\/figure>\n<figure id=\"attachment_3850\" aria-describedby=\"caption-attachment-3850\" style=\"width: 500px\" class=\"wp-caption aligncenter\"><img loading=\"lazy\" decoding=\"async\" class=\"size-full wp-image-3850\" alt=\"El subcampe\u00f3n Piastrellini tambi\u00e9n se baja de la categor\u00eda\" src=\"http:\/\/www.curva1.com.ar\/wp-content\/uploads\/2013\/02\/GEDC0203.jpg\" width=\"500\" height=\"281\" srcset=\"https:\/\/curva1.com.ar\/wp-content\/uploads\/2013\/02\/GEDC0203.jpg 500w, https:\/\/curva1.com.ar\/wp-content\/uploads\/2013\/02\/GEDC0203-300x169.jpg 300w\" sizes=\"auto, (max-width: 500px) 100vw, 500px\" \/><figcaption id=\"caption-attachment-3850\" class=\"wp-caption-text\">El subcampe\u00f3n Piastrellini tambi\u00e9n se baja de la categor\u00eda<\/figcaption><\/figure>\n<p>&nbsp;<\/p>\n","protected":false},"excerpt":{"rendered":"<p>A fuerza de resultados, podios y victorias se ganaron el t\u00edtulo de &#8220;candidatos&#8221; para luego<\/p>\n","protected":false},"author":1,"featured_media":3848,"comment_status":"open","ping_status":"closed","sticky":false,"template":"","format":"standard","meta":{"footnotes":""},"categories":[1],"tags":[],"class_list":["post-3847","post","type-post","status-publish","format-standard","has-post-thumbnail","hentry","category-zonal-cuyano"],"featured_image_urls":{"full":["https:\/\/curva1.com.ar\/wp-content\/uploads\/2013\/02\/GEDC01SS98.jpg",500,281,false],"thumbnail":["https:\/\/curva1.com.ar\/wp-content\/uploads\/2013\/02\/GEDC01SS98-300x169.jpg",300,169,true],"medium":["https:\/\/curva1.com.ar\/wp-content\/uploads\/2013\/02\/GEDC01SS98.jpg",500,281,false],"medium_large":["https:\/\/curva1.com.ar\/wp-content\/uploads\/2013\/02\/GEDC01SS98.jpg",500,281,false],"large":["https:\/\/curva1.com.ar\/wp-content\/uploads\/2013\/02\/GEDC01SS98.jpg",500,281,false],"1536x1536":["https:\/\/curva1.com.ar\/wp-content\/uploads\/2013\/02\/GEDC01SS98.jpg",500,281,false],"2048x2048":["https:\/\/curva1.com.ar\/wp-content\/uploads\/2013\/02\/GEDC01SS98.jpg",500,281,false],"chromenews-featured":["https:\/\/curva1.com.ar\/wp-content\/uploads\/2013\/02\/GEDC01SS98.jpg",500,281,false],"chromenews-large":["https:\/\/curva1.com.ar\/wp-content\/uploads\/2013\/02\/GEDC01SS98.jpg",500,281,false],"chromenews-medium":["https:\/\/curva1.com.ar\/wp-content\/uploads\/2013\/02\/GEDC01SS98.jpg",500,281,false]},"author_info":{"display_name":"Jos\u00e9 Bravo","author_link":"https:\/\/curva1.com.ar\/?author=1"},"category_info":"<a href=\"https:\/\/curva1.com.ar\/?cat=1\" rel=\"category\">Zonal Cuyano<\/a>","tag_info":"Zonal Cuyano","comment_count":"0","_links":{"self":[{"href":"https:\/\/curva1.com.ar\/index.php?rest_route=\/wp\/v2\/posts\/3847","targetHints":{"allow":["GET"]}}],"collection":[{"href":"https:\/\/curva1.com.ar\/index.php?rest_route=\/wp\/v2\/posts"}],"about":[{"href":"https:\/\/curva1.com.ar\/index.php?rest_route=\/wp\/v2\/types\/post"}],"author":[{"embeddable":true,"href":"https:\/\/curva1.com.ar\/index.php?rest_route=\/wp\/v2\/users\/1"}],"replies":[{"embeddable":true,"href":"https:\/\/curva1.com.ar\/index.php?rest_route=%2Fwp%2Fv2%2Fcomments&post=3847"}],"version-history":[{"count":4,"href":"https:\/\/curva1.com.ar\/index.php?rest_route=\/wp\/v2\/posts\/3847\/revisions"}],"predecessor-version":[{"id":3852,"href":"https:\/\/curva1.com.ar\/index.php?rest_route=\/wp\/v2\/posts\/3847\/revisions\/3852"}],"wp:featuredmedia":[{"embeddable":true,"href":"https:\/\/curva1.com.ar\/index.php?rest_route=\/wp\/v2\/media\/3848"}],"wp:attachment":[{"href":"https:\/\/curva1.com.ar\/index.php?rest_route=%2Fwp%2Fv2%2Fmedia&parent=3847"}],"wp:term":[{"taxonomy":"category","embeddable":true,"href":"https:\/\/curva1.com.ar\/index.php?rest_route=%2Fwp%2Fv2%2Fcategories&post=3847"},{"taxonomy":"post_tag","embeddable":true,"href":"https:\/\/curva1.com.ar\/index.php?rest_route=%2Fwp%2Fv2%2Ftags&post=3847"}],"curies":[{"name":"wp","href":"https:\/\/api.w.org\/{rel}","templated":true}]}}