{"id":3854,"date":"2013-02-07T15:11:02","date_gmt":"2013-02-07T18:11:02","guid":{"rendered":"http:\/\/www.curva1.com.ar\/?p=3854"},"modified":"2013-02-07T15:11:02","modified_gmt":"2013-02-07T18:11:02","slug":"fabio-godoy-pone-primera-el-proximo-sabado-en-san-martin","status":"publish","type":"post","link":"https:\/\/curva1.com.ar\/?p=3854","title":{"rendered":"Fabio Godoy pone primera el pr\u00f3ximo s\u00e1bado en San Mart\u00edn"},"content":{"rendered":"<figure id=\"attachment_3855\" aria-describedby=\"caption-attachment-3855\" style=\"width: 500px\" class=\"wp-caption aligncenter\"><img loading=\"lazy\" decoding=\"async\" class=\"size-full wp-image-3855\" alt=\"FABIO GODOY\" src=\"http:\/\/www.curva1.com.ar\/wp-content\/uploads\/2013\/02\/fabio-godoy-tc-cuyano-0481.jpg\" width=\"500\" height=\"281\" srcset=\"https:\/\/curva1.com.ar\/wp-content\/uploads\/2013\/02\/fabio-godoy-tc-cuyano-0481.jpg 500w, https:\/\/curva1.com.ar\/wp-content\/uploads\/2013\/02\/fabio-godoy-tc-cuyano-0481-300x169.jpg 300w\" sizes=\"auto, (max-width: 500px) 100vw, 500px\" \/><figcaption id=\"caption-attachment-3855\" class=\"wp-caption-text\">FABIO GODOY<\/figcaption><\/figure>\n<p>El piloto del TC Cuyano realizar\u00e1 su primera prueba de la temporada 2013 a bordo del Ford Falcon que le prepara la familia Iruela.<\/p>\n<p><strong>&#8220;Con Fabio probaremos el pr\u00f3ximo s\u00e1bado en el aut\u00f3dromo. Fui a marcar los parciales y vamos a comenzar a prepararnos para el a\u00f1o&#8221;<\/strong> explic\u00f3 Ariel Iruela a Curva 1.<\/p>\n<p><strong>&#8220;En esta temporada tambi\u00e9n contaremos en nuestro equipo con la Chevy de Marcos Serra y el Torino con motor Ford que manejar\u00e1 el sanjuanino Fabricio Benedetti&#8221;<\/strong> finaliz\u00f3.<\/p>\n","protected":false},"excerpt":{"rendered":"<p>El piloto del TC Cuyano realizar\u00e1 su primera prueba de la temporada 2013 a bordo<\/p>\n","protected":false},"author":1,"featured_media":3855,"comment_status":"open","ping_status":"closed","sticky":false,"template":"","format":"standard","meta":{"footnotes":""},"categories":[1],"tags":[],"class_list":["post-3854","post","type-post","status-publish","format-standard","has-post-thumbnail","hentry","category-zonal-cuyano"],"featured_image_urls":{"full":["https:\/\/curva1.com.ar\/wp-content\/uploads\/2013\/02\/fabio-godoy-tc-cuyano-0481.jpg",500,281,false],"thumbnail":["https:\/\/curva1.com.ar\/wp-content\/uploads\/2013\/02\/fabio-godoy-tc-cuyano-0481-300x169.jpg",300,169,true],"medium":["https:\/\/curva1.com.ar\/wp-content\/uploads\/2013\/02\/fabio-godoy-tc-cuyano-0481.jpg",500,281,false],"medium_large":["https:\/\/curva1.com.ar\/wp-content\/uploads\/2013\/02\/fabio-godoy-tc-cuyano-0481.jpg",500,281,false],"large":["https:\/\/curva1.com.ar\/wp-content\/uploads\/2013\/02\/fabio-godoy-tc-cuyano-0481.jpg",500,281,false],"1536x1536":["https:\/\/curva1.com.ar\/wp-content\/uploads\/2013\/02\/fabio-godoy-tc-cuyano-0481.jpg",500,281,false],"2048x2048":["https:\/\/curva1.com.ar\/wp-content\/uploads\/2013\/02\/fabio-godoy-tc-cuyano-0481.jpg",500,281,false],"chromenews-featured":["https:\/\/curva1.com.ar\/wp-content\/uploads\/2013\/02\/fabio-godoy-tc-cuyano-0481.jpg",500,281,false],"chromenews-large":["https:\/\/curva1.com.ar\/wp-content\/uploads\/2013\/02\/fabio-godoy-tc-cuyano-0481.jpg",500,281,false],"chromenews-medium":["https:\/\/curva1.com.ar\/wp-content\/uploads\/2013\/02\/fabio-godoy-tc-cuyano-0481.jpg",500,281,false]},"author_info":{"display_name":"Jos\u00e9 Bravo","author_link":"https:\/\/curva1.com.ar\/?author=1"},"category_info":"<a href=\"https:\/\/curva1.com.ar\/?cat=1\" rel=\"category\">Zonal Cuyano<\/a>","tag_info":"Zonal Cuyano","comment_count":"0","_links":{"self":[{"href":"https:\/\/curva1.com.ar\/index.php?rest_route=\/wp\/v2\/posts\/3854","targetHints":{"allow":["GET"]}}],"collection":[{"href":"https:\/\/curva1.com.ar\/index.php?rest_route=\/wp\/v2\/posts"}],"about":[{"href":"https:\/\/curva1.com.ar\/index.php?rest_route=\/wp\/v2\/types\/post"}],"author":[{"embeddable":true,"href":"https:\/\/curva1.com.ar\/index.php?rest_route=\/wp\/v2\/users\/1"}],"replies":[{"embeddable":true,"href":"https:\/\/curva1.com.ar\/index.php?rest_route=%2Fwp%2Fv2%2Fcomments&post=3854"}],"version-history":[{"count":2,"href":"https:\/\/curva1.com.ar\/index.php?rest_route=\/wp\/v2\/posts\/3854\/revisions"}],"predecessor-version":[{"id":3857,"href":"https:\/\/curva1.com.ar\/index.php?rest_route=\/wp\/v2\/posts\/3854\/revisions\/3857"}],"wp:featuredmedia":[{"embeddable":true,"href":"https:\/\/curva1.com.ar\/index.php?rest_route=\/wp\/v2\/media\/3855"}],"wp:attachment":[{"href":"https:\/\/curva1.com.ar\/index.php?rest_route=%2Fwp%2Fv2%2Fmedia&parent=3854"}],"wp:term":[{"taxonomy":"category","embeddable":true,"href":"https:\/\/curva1.com.ar\/index.php?rest_route=%2Fwp%2Fv2%2Fcategories&post=3854"},{"taxonomy":"post_tag","embeddable":true,"href":"https:\/\/curva1.com.ar\/index.php?rest_route=%2Fwp%2Fv2%2Ftags&post=3854"}],"curies":[{"name":"wp","href":"https:\/\/api.w.org\/{rel}","templated":true}]}}