{"id":3859,"date":"2013-02-07T15:23:48","date_gmt":"2013-02-07T18:23:48","guid":{"rendered":"http:\/\/www.curva1.com.ar\/?p=3859"},"modified":"2013-02-07T15:28:01","modified_gmt":"2013-02-07T18:28:01","slug":"lopez-es-un-auto-que-cuando-se-pone-derecho-va-muy-bien","status":"publish","type":"post","link":"https:\/\/curva1.com.ar\/?p=3859","title":{"rendered":"Pechito L\u00f3pez &#8220;El Dodge cuando se pone derecho va muy bien&#8221;"},"content":{"rendered":"<p><img loading=\"lazy\" decoding=\"async\" class=\"aligncenter size-full wp-image-3860\" alt=\"BCXC5oECcAA216s\" src=\"http:\/\/www.curva1.com.ar\/wp-content\/uploads\/2013\/02\/BCXC5oECcAA216s.jpg\" width=\"500\" height=\"281\" srcset=\"https:\/\/curva1.com.ar\/wp-content\/uploads\/2013\/02\/BCXC5oECcAA216s.jpg 500w, https:\/\/curva1.com.ar\/wp-content\/uploads\/2013\/02\/BCXC5oECcAA216s-300x169.jpg 300w\" sizes=\"auto, (max-width: 500px) 100vw, 500px\" \/><\/p>\n<p>Despu\u00e9s de dejar Chevroler para subirse a Dodge, Jos\u00e9 Mar\u00eda L\u00f3pez est\u00e1 listo para iniciar el a\u00f1o del Turismo Carretera en el aut\u00f3dromo de Mar de Aj\u00f3.<\/p>\n<p><strong>&#8220;Estamos con muchas ganas de arrancar, con desaf\u00edos nuevos junto a todo el equipo<\/strong>&#8220;, dijo &#8220;Pechito&#8221; L\u00f3pez este mi\u00e9rcoles en Campeones por Radio Rivadavia AM630.<\/p>\n<p>El cordob\u00e9s estuvo probando el martes en 9 de Julio y comparti\u00f3 las sensaciones que le dej\u00f3 el Dodge del Oil Competici\u00f3n: <strong>&#8220;Las pruebas m\u00edas quiz\u00e1s no fueron 100% positivas, pero fue positivo haber estado arriba del auto y no haber tenido grandes problemas. Igual soy de los que piensan que lo importante es la carrera y soy de focalizarme mucho en eso&#8221;.<\/strong><\/p>\n<p>Respecto a la impresi\u00f3n que le dej\u00f3 el auto, L\u00f3pez agreg\u00f3: <strong>&#8220;Fue buena. Quiz\u00e1s uno imaginaba un auto mucho m\u00e1s estable, pero se ve que las condiciones de pista en 9 de Julio hicieron que el auto sea m\u00e1s ind\u00f3cil en la parte trasera, pero el balance general me gust\u00f3&#8221;.<\/strong><\/p>\n<p><strong>&#8220;La potencia que brinda de abajo es linda, parecida a lo que estaba acostumbrado con el Torino. Es un auto que cuando se pone derecho va muy bien. Hay que tratar de hacerlo doblar bien y ah\u00ed se puede lograr una herramienta muy grande&#8221;.<\/strong><\/p>\n<p>&#8220;Pechito&#8221; tambi\u00e9n se mostro conforme con los motores de Rody Agut luego de que la motorizaci\u00f3n sea un dolor de cabeza para el cordob\u00e9s durante la pasada temporada. <strong>&#8220;Sent\u00ed que estaba manejando una potencia muy buena ayer y eso es fundamental&#8221;.<\/strong><\/p>\n<p>Campeones.<\/p>\n","protected":false},"excerpt":{"rendered":"<p>Despu\u00e9s de dejar Chevroler para subirse a Dodge, Jos\u00e9 Mar\u00eda L\u00f3pez est\u00e1 listo para iniciar<\/p>\n","protected":false},"author":1,"featured_media":3860,"comment_status":"open","ping_status":"closed","sticky":false,"template":"","format":"standard","meta":{"footnotes":""},"categories":[6],"tags":[],"class_list":["post-3859","post","type-post","status-publish","format-standard","has-post-thumbnail","hentry","category-nacionales"],"featured_image_urls":{"full":["https:\/\/curva1.com.ar\/wp-content\/uploads\/2013\/02\/BCXC5oECcAA216s.jpg",500,281,false],"thumbnail":["https:\/\/curva1.com.ar\/wp-content\/uploads\/2013\/02\/BCXC5oECcAA216s-300x169.jpg",300,169,true],"medium":["https:\/\/curva1.com.ar\/wp-content\/uploads\/2013\/02\/BCXC5oECcAA216s.jpg",500,281,false],"medium_large":["https:\/\/curva1.com.ar\/wp-content\/uploads\/2013\/02\/BCXC5oECcAA216s.jpg",500,281,false],"large":["https:\/\/curva1.com.ar\/wp-content\/uploads\/2013\/02\/BCXC5oECcAA216s.jpg",500,281,false],"1536x1536":["https:\/\/curva1.com.ar\/wp-content\/uploads\/2013\/02\/BCXC5oECcAA216s.jpg",500,281,false],"2048x2048":["https:\/\/curva1.com.ar\/wp-content\/uploads\/2013\/02\/BCXC5oECcAA216s.jpg",500,281,false],"chromenews-featured":["https:\/\/curva1.com.ar\/wp-content\/uploads\/2013\/02\/BCXC5oECcAA216s.jpg",500,281,false],"chromenews-large":["https:\/\/curva1.com.ar\/wp-content\/uploads\/2013\/02\/BCXC5oECcAA216s.jpg",500,281,false],"chromenews-medium":["https:\/\/curva1.com.ar\/wp-content\/uploads\/2013\/02\/BCXC5oECcAA216s.jpg",500,281,false]},"author_info":{"display_name":"Jos\u00e9 Bravo","author_link":"https:\/\/curva1.com.ar\/?author=1"},"category_info":"<a href=\"https:\/\/curva1.com.ar\/?cat=6\" rel=\"category\">Nacionales<\/a>","tag_info":"Nacionales","comment_count":"0","_links":{"self":[{"href":"https:\/\/curva1.com.ar\/index.php?rest_route=\/wp\/v2\/posts\/3859","targetHints":{"allow":["GET"]}}],"collection":[{"href":"https:\/\/curva1.com.ar\/index.php?rest_route=\/wp\/v2\/posts"}],"about":[{"href":"https:\/\/curva1.com.ar\/index.php?rest_route=\/wp\/v2\/types\/post"}],"author":[{"embeddable":true,"href":"https:\/\/curva1.com.ar\/index.php?rest_route=\/wp\/v2\/users\/1"}],"replies":[{"embeddable":true,"href":"https:\/\/curva1.com.ar\/index.php?rest_route=%2Fwp%2Fv2%2Fcomments&post=3859"}],"version-history":[{"count":3,"href":"https:\/\/curva1.com.ar\/index.php?rest_route=\/wp\/v2\/posts\/3859\/revisions"}],"predecessor-version":[{"id":3862,"href":"https:\/\/curva1.com.ar\/index.php?rest_route=\/wp\/v2\/posts\/3859\/revisions\/3862"}],"wp:featuredmedia":[{"embeddable":true,"href":"https:\/\/curva1.com.ar\/index.php?rest_route=\/wp\/v2\/media\/3860"}],"wp:attachment":[{"href":"https:\/\/curva1.com.ar\/index.php?rest_route=%2Fwp%2Fv2%2Fmedia&parent=3859"}],"wp:term":[{"taxonomy":"category","embeddable":true,"href":"https:\/\/curva1.com.ar\/index.php?rest_route=%2Fwp%2Fv2%2Fcategories&post=3859"},{"taxonomy":"post_tag","embeddable":true,"href":"https:\/\/curva1.com.ar\/index.php?rest_route=%2Fwp%2Fv2%2Ftags&post=3859"}],"curies":[{"name":"wp","href":"https:\/\/api.w.org\/{rel}","templated":true}]}}