{"id":3889,"date":"2013-02-08T16:47:53","date_gmt":"2013-02-08T19:47:53","guid":{"rendered":"http:\/\/www.curva1.com.ar\/?p=3889"},"modified":"2013-02-08T16:47:53","modified_gmt":"2013-02-08T19:47:53","slug":"canapino-se-llevo-con-la-pole-provisional-del-tc-en-mar-de-ajo","status":"publish","type":"post","link":"https:\/\/curva1.com.ar\/?p=3889","title":{"rendered":"Canapino se llev\u00f3 con la pole provisional del TC en Mar de Aj\u00f3"},"content":{"rendered":"<p><img loading=\"lazy\" decoding=\"async\" class=\"aligncenter size-full wp-image-3896\" alt=\"cat58s\" src=\"http:\/\/www.curva1.com.ar\/wp-content\/uploads\/2013\/02\/cat58s.jpg\" width=\"500\" height=\"281\" srcset=\"https:\/\/curva1.com.ar\/wp-content\/uploads\/2013\/02\/cat58s.jpg 500w, https:\/\/curva1.com.ar\/wp-content\/uploads\/2013\/02\/cat58s-300x169.jpg 300w\" sizes=\"auto, (max-width: 500px) 100vw, 500px\" \/><\/p>\n<p>El piloto arrecife\u00f1o se adue\u00f1\u00f3 de la clasificaci\u00f3n de viernes para el Turismo Carretera quedando como el mejor posicionado en el Gran Premio Plusmar de Mar de Aj\u00f3.<\/p>\n<p>Aprovechando al m\u00e1ximo el andar del Chevrolet atendido por su padre y motorizado por Johnny Laboritto, Agust\u00edn Canapino pudo quedar al frente de la primera clasificaci\u00f3n del Turismo Carretera en el Aut\u00f3dromo Rotonda de Mar de Aj\u00f3, Circuito Ruben Luis Di Palma.<\/p>\n<p>Con un tiempo de 1m38s431 el arrecife\u00f1o fue el m\u00e1s veloz llevando mucha alegr\u00eda al box y capitalizando un auto que se mostr\u00f3 potente y que le permiti\u00f3 conseguir el mejor registro en su \u00fanica vuelta r\u00e1pida, pensando en la temperatura de los neum\u00e1ticos y el calor en pista.<\/p>\n<p>Detr\u00e1s del andar de Canapino se ubic\u00f3 Juan Manuel Silva con el Ford, el chaque\u00f1o logr\u00f3 quedar a 402 mil\u00e9simas del puntero ubic\u00e1ndose como el mejor del segundo quinto y relegando a Christian Ledesma, quien con el Chevrolet finaliz\u00f3 tercero a 696 mil\u00e9simas y le dio a Alberto Canapino la posibilidad de que tenga los tres autos que tiene a su cargo junto con Guillermo Cruzzetti en la punta del clasificador, en tanto que Jos\u00e9 Mar\u00eda L\u00f3pez redonde\u00f3 un buen inicio con la Dodge quedando cuarto, a pesar de un despiste que perjudic\u00f3 un poco la trompa de la unidad, mientras que Mat\u00edas Rossi cerr\u00f3 el pelot\u00f3n de los primeros cinco con el Chevrolet.<\/p>\n<p>En lo que respecta a los cinco siguientes Diego Aventin no pudo aprovechar el andar en los entrenamientos y cay\u00f3 del primer puesto al sexto, seguido por la Dodge de Leonel Pern\u00eda, el Ford de Gabriel Ponce de Le\u00f3n y el de Omar Mart\u00ednez, en tanto que el Chevrolet de Mariano Altuna redonde\u00f3 los diez primeros puestos. El campe\u00f3n de la m\u00e1xima, Mauro Giallombardo, finaliz\u00f3 en la 16\u00ba posici\u00f3n y Esteban Guerrieri cerr\u00f3 su primera clasifica desde la 39\u00aa posici\u00f3n.<\/p>\n<p>La actividad sabatina del Turismo Carretera se iniciar\u00e1 a las 11:05 con el segundo entrenamiento y tendr\u00e1 su continuidad a las 14:05 con la clasificaci\u00f3n definitiva.<\/p>\n<p style=\"padding-left: 30px;\">Mira la 1\u00ba Clasificaci\u00f3n completa del d\u00eda viernes <a href=\"http:\/\/www.actc.org.ar\/modules\/ppcev\/downloadpdf.php?idrace=309&amp;idround=2\" target=\"_blank\">ACA<\/a><\/p>\n","protected":false},"excerpt":{"rendered":"<p>El piloto arrecife\u00f1o se adue\u00f1\u00f3 de la clasificaci\u00f3n de viernes para el Turismo Carretera quedando<\/p>\n","protected":false},"author":1,"featured_media":3896,"comment_status":"open","ping_status":"closed","sticky":false,"template":"","format":"standard","meta":{"footnotes":""},"categories":[6],"tags":[],"class_list":["post-3889","post","type-post","status-publish","format-standard","has-post-thumbnail","hentry","category-nacionales"],"featured_image_urls":{"full":["https:\/\/curva1.com.ar\/wp-content\/uploads\/2013\/02\/cat58s.jpg",500,281,false],"thumbnail":["https:\/\/curva1.com.ar\/wp-content\/uploads\/2013\/02\/cat58s-300x169.jpg",300,169,true],"medium":["https:\/\/curva1.com.ar\/wp-content\/uploads\/2013\/02\/cat58s.jpg",500,281,false],"medium_large":["https:\/\/curva1.com.ar\/wp-content\/uploads\/2013\/02\/cat58s.jpg",500,281,false],"large":["https:\/\/curva1.com.ar\/wp-content\/uploads\/2013\/02\/cat58s.jpg",500,281,false],"1536x1536":["https:\/\/curva1.com.ar\/wp-content\/uploads\/2013\/02\/cat58s.jpg",500,281,false],"2048x2048":["https:\/\/curva1.com.ar\/wp-content\/uploads\/2013\/02\/cat58s.jpg",500,281,false],"chromenews-featured":["https:\/\/curva1.com.ar\/wp-content\/uploads\/2013\/02\/cat58s.jpg",500,281,false],"chromenews-large":["https:\/\/curva1.com.ar\/wp-content\/uploads\/2013\/02\/cat58s.jpg",500,281,false],"chromenews-medium":["https:\/\/curva1.com.ar\/wp-content\/uploads\/2013\/02\/cat58s.jpg",500,281,false]},"author_info":{"display_name":"Jos\u00e9 Bravo","author_link":"https:\/\/curva1.com.ar\/?author=1"},"category_info":"<a href=\"https:\/\/curva1.com.ar\/?cat=6\" rel=\"category\">Nacionales<\/a>","tag_info":"Nacionales","comment_count":"0","_links":{"self":[{"href":"https:\/\/curva1.com.ar\/index.php?rest_route=\/wp\/v2\/posts\/3889","targetHints":{"allow":["GET"]}}],"collection":[{"href":"https:\/\/curva1.com.ar\/index.php?rest_route=\/wp\/v2\/posts"}],"about":[{"href":"https:\/\/curva1.com.ar\/index.php?rest_route=\/wp\/v2\/types\/post"}],"author":[{"embeddable":true,"href":"https:\/\/curva1.com.ar\/index.php?rest_route=\/wp\/v2\/users\/1"}],"replies":[{"embeddable":true,"href":"https:\/\/curva1.com.ar\/index.php?rest_route=%2Fwp%2Fv2%2Fcomments&post=3889"}],"version-history":[{"count":3,"href":"https:\/\/curva1.com.ar\/index.php?rest_route=\/wp\/v2\/posts\/3889\/revisions"}],"predecessor-version":[{"id":3898,"href":"https:\/\/curva1.com.ar\/index.php?rest_route=\/wp\/v2\/posts\/3889\/revisions\/3898"}],"wp:featuredmedia":[{"embeddable":true,"href":"https:\/\/curva1.com.ar\/index.php?rest_route=\/wp\/v2\/media\/3896"}],"wp:attachment":[{"href":"https:\/\/curva1.com.ar\/index.php?rest_route=%2Fwp%2Fv2%2Fmedia&parent=3889"}],"wp:term":[{"taxonomy":"category","embeddable":true,"href":"https:\/\/curva1.com.ar\/index.php?rest_route=%2Fwp%2Fv2%2Fcategories&post=3889"},{"taxonomy":"post_tag","embeddable":true,"href":"https:\/\/curva1.com.ar\/index.php?rest_route=%2Fwp%2Fv2%2Ftags&post=3889"}],"curies":[{"name":"wp","href":"https:\/\/api.w.org\/{rel}","templated":true}]}}