{"id":38924,"date":"2022-03-01T10:57:30","date_gmt":"2022-03-01T13:57:30","guid":{"rendered":"http:\/\/curva1.com.ar\/?p=38924"},"modified":"2022-03-01T10:57:30","modified_gmt":"2022-03-01T13:57:30","slug":"vicino-no-pudo-largar-la-final-en-el-tn-en-bahia-blanca","status":"publish","type":"post","link":"https:\/\/curva1.com.ar\/?p=38924","title":{"rendered":"Vicino no pudo largar la final en el TN en Bah\u00eda Blanca"},"content":{"rendered":"<p><img loading=\"lazy\" decoding=\"async\" class=\"aligncenter size-full wp-image-38925\" src=\"http:\/\/curva1.com.ar\/wp-content\/uploads\/2022\/03\/10380_ex-2025-20220226.jpg\" alt=\"\" width=\"1755\" height=\"987\" srcset=\"https:\/\/curva1.com.ar\/wp-content\/uploads\/2022\/03\/10380_ex-2025-20220226.jpg 1755w, https:\/\/curva1.com.ar\/wp-content\/uploads\/2022\/03\/10380_ex-2025-20220226-960x540.jpg 960w, https:\/\/curva1.com.ar\/wp-content\/uploads\/2022\/03\/10380_ex-2025-20220226-300x169.jpg 300w, https:\/\/curva1.com.ar\/wp-content\/uploads\/2022\/03\/10380_ex-2025-20220226-768x432.jpg 768w, https:\/\/curva1.com.ar\/wp-content\/uploads\/2022\/03\/10380_ex-2025-20220226-1536x864.jpg 1536w, https:\/\/curva1.com.ar\/wp-content\/uploads\/2022\/03\/10380_ex-2025-20220226-700x394.jpg 700w\" sizes=\"auto, (max-width: 1755px) 100vw, 1755px\" \/><\/p>\n<p>Lucas Vicino tuvo complicaciones con la caja de cambios de su Toyota Corolla y no pudo largar la primera final del a\u00f1o de la Clase 3 del Turismo Nacional, que se present\u00f3 en Bah\u00eda Blanca.<\/p>\n<p>El maipucino clasific\u00f3 35\u00b0 entre los 42 participantes, pero luego en la serie hizo un gran trabajo. Parti\u00f3 und\u00e9cimo y logr\u00f3 llegar 4\u00b0 con un auto rendidor y los cambios hechos por sus mec\u00e1nicos.<\/p>\n<p>La caja de cambios lo traicion\u00f3 antes de la carrera del domingo y Vicino no pudo ser de la partida. Juan Manuel Urcera (408) gan\u00f3, seguido de Jer\u00f3nimo Teti (Cruze) y Fabrizio Pezzini (Corolla).<\/p>\n<p>El TN tendr\u00e1 su continuidad los d\u00edas 18, 19 y 20 de marzo en el Aut\u00f3dromo Parque Ciudad de Paran\u00e1 (Entre R\u00edos).<\/p>\n","protected":false},"excerpt":{"rendered":"<p>Lucas Vicino tuvo complicaciones con la caja de cambios de su Toyota Corolla y no<\/p>\n","protected":false},"author":1,"featured_media":38925,"comment_status":"closed","ping_status":"closed","sticky":false,"template":"","format":"standard","meta":{"footnotes":""},"categories":[6],"tags":[],"class_list":["post-38924","post","type-post","status-publish","format-standard","has-post-thumbnail","hentry","category-nacionales"],"featured_image_urls":{"full":["https:\/\/curva1.com.ar\/wp-content\/uploads\/2022\/03\/10380_ex-2025-20220226.jpg",1755,987,false],"thumbnail":["https:\/\/curva1.com.ar\/wp-content\/uploads\/2022\/03\/10380_ex-2025-20220226-300x169.jpg",300,169,true],"medium":["https:\/\/curva1.com.ar\/wp-content\/uploads\/2022\/03\/10380_ex-2025-20220226-960x540.jpg",960,540,true],"medium_large":["https:\/\/curva1.com.ar\/wp-content\/uploads\/2022\/03\/10380_ex-2025-20220226-768x432.jpg",640,360,true],"large":["https:\/\/curva1.com.ar\/wp-content\/uploads\/2022\/03\/10380_ex-2025-20220226-960x540.jpg",640,360,true],"1536x1536":["https:\/\/curva1.com.ar\/wp-content\/uploads\/2022\/03\/10380_ex-2025-20220226-1536x864.jpg",1536,864,true],"2048x2048":["https:\/\/curva1.com.ar\/wp-content\/uploads\/2022\/03\/10380_ex-2025-20220226.jpg",1755,987,false],"chromenews-featured":["https:\/\/curva1.com.ar\/wp-content\/uploads\/2022\/03\/10380_ex-2025-20220226.jpg",1024,576,false],"chromenews-large":["https:\/\/curva1.com.ar\/wp-content\/uploads\/2022\/03\/10380_ex-2025-20220226.jpg",825,464,false],"chromenews-medium":["https:\/\/curva1.com.ar\/wp-content\/uploads\/2022\/03\/10380_ex-2025-20220226.jpg",590,332,false]},"author_info":{"display_name":"Jos\u00e9 Bravo","author_link":"https:\/\/curva1.com.ar\/?author=1"},"category_info":"<a href=\"https:\/\/curva1.com.ar\/?cat=6\" rel=\"category\">Nacionales<\/a>","tag_info":"Nacionales","comment_count":"0","yoast_head":"<!-- This site is optimized with the Yoast SEO Premium plugin v14.7 - https:\/\/yoast.com\/wordpress\/plugins\/seo\/ -->\n<title>Vicino no pudo largar la final en el TN en Bah\u00eda Blanca - Curva 1<\/title>\n<meta name=\"robots\" content=\"index, follow\" \/>\n<meta name=\"googlebot\" content=\"index, follow, max-snippet:-1, max-image-preview:large, max-video-preview:-1\" \/>\n<meta name=\"bingbot\" content=\"index, follow, max-snippet:-1, max-image-preview:large, max-video-preview:-1\" \/>\n<link rel=\"canonical\" href=\"https:\/\/curva1.com.ar\/?p=38924\" \/>\n<meta property=\"og:locale\" content=\"en_US\" \/>\n<meta property=\"og:type\" content=\"article\" \/>\n<meta property=\"og:title\" content=\"Vicino no pudo largar la final en el TN en Bah\u00eda Blanca - Curva 1\" \/>\n<meta property=\"og:description\" content=\"Lucas Vicino tuvo complicaciones con la caja de cambios de su Toyota Corolla y no\" \/>\n<meta property=\"og:url\" content=\"https:\/\/curva1.com.ar\/?p=38924\" \/>\n<meta property=\"og:site_name\" content=\"Curva 1\" \/>\n<meta property=\"article:publisher\" content=\"https:\/\/www.facebook.com\/revistacurva1\/\" \/>\n<meta property=\"article:published_time\" content=\"2022-03-01T13:57:30+00:00\" \/>\n<meta property=\"og:image\" content=\"https:\/\/curva1.com.ar\/wp-content\/uploads\/2022\/03\/10380_ex-2025-20220226.jpg\" \/>\n\t<meta property=\"og:image:width\" content=\"1755\" \/>\n\t<meta property=\"og:image:height\" content=\"987\" \/>\n<meta property=\"fb:app_id\" content=\"1593067817533208\" \/>\n<meta name=\"twitter:card\" content=\"summary_large_image\" \/>\n<meta name=\"twitter:creator\" content=\"@curva1mendoza\" \/>\n<meta name=\"twitter:site\" content=\"@curva1mendoza\" \/>\n<script type=\"application\/ld+json\" class=\"yoast-schema-graph\">{\"@context\":\"https:\/\/schema.org\",\"@graph\":[{\"@type\":\"WebSite\",\"@id\":\"https:\/\/curva1.com.ar\/#website\",\"url\":\"https:\/\/curva1.com.ar\/\",\"name\":\"Curva 1\",\"description\":\"Automovilismo de Mendoza\",\"potentialAction\":[{\"@type\":\"SearchAction\",\"target\":\"https:\/\/curva1.com.ar\/?s={search_term_string}\",\"query-input\":\"required name=search_term_string\"}],\"inLanguage\":\"en-US\"},{\"@type\":\"ImageObject\",\"@id\":\"https:\/\/curva1.com.ar\/?p=38924#primaryimage\",\"inLanguage\":\"en-US\",\"url\":\"https:\/\/curva1.com.ar\/wp-content\/uploads\/2022\/03\/10380_ex-2025-20220226.jpg\",\"width\":1755,\"height\":987},{\"@type\":\"WebPage\",\"@id\":\"https:\/\/curva1.com.ar\/?p=38924#webpage\",\"url\":\"https:\/\/curva1.com.ar\/?p=38924\",\"name\":\"Vicino no pudo largar la final en el TN en Bah\\u00eda Blanca - Curva 1\",\"isPartOf\":{\"@id\":\"https:\/\/curva1.com.ar\/#website\"},\"primaryImageOfPage\":{\"@id\":\"https:\/\/curva1.com.ar\/?p=38924#primaryimage\"},\"datePublished\":\"2022-03-01T13:57:30+00:00\",\"dateModified\":\"2022-03-01T13:57:30+00:00\",\"author\":{\"@id\":\"https:\/\/curva1.com.ar\/#\/schema\/person\/f5fd12984d70df7314fbd9ab42f31033\"},\"inLanguage\":\"en-US\",\"potentialAction\":[{\"@type\":\"ReadAction\",\"target\":[\"https:\/\/curva1.com.ar\/?p=38924\"]}]},{\"@type\":[\"Person\"],\"@id\":\"https:\/\/curva1.com.ar\/#\/schema\/person\/f5fd12984d70df7314fbd9ab42f31033\",\"name\":\"Jos\\u00e9 Bravo\",\"image\":{\"@type\":\"ImageObject\",\"@id\":\"https:\/\/curva1.com.ar\/#personlogo\",\"inLanguage\":\"en-US\",\"url\":\"https:\/\/secure.gravatar.com\/avatar\/3ae0b1fdc6ddeb723a6e6c23609ed39de1d40a94b8112fd2c0c2032e2dabf28b?s=96&d=identicon&r=g\",\"caption\":\"Jos\\u00e9 Bravo\"}}]}<\/script>\n<!-- \/ Yoast SEO Premium plugin. -->","_links":{"self":[{"href":"https:\/\/curva1.com.ar\/index.php?rest_route=\/wp\/v2\/posts\/38924","targetHints":{"allow":["GET"]}}],"collection":[{"href":"https:\/\/curva1.com.ar\/index.php?rest_route=\/wp\/v2\/posts"}],"about":[{"href":"https:\/\/curva1.com.ar\/index.php?rest_route=\/wp\/v2\/types\/post"}],"author":[{"embeddable":true,"href":"https:\/\/curva1.com.ar\/index.php?rest_route=\/wp\/v2\/users\/1"}],"replies":[{"embeddable":true,"href":"https:\/\/curva1.com.ar\/index.php?rest_route=%2Fwp%2Fv2%2Fcomments&post=38924"}],"version-history":[{"count":1,"href":"https:\/\/curva1.com.ar\/index.php?rest_route=\/wp\/v2\/posts\/38924\/revisions"}],"predecessor-version":[{"id":38926,"href":"https:\/\/curva1.com.ar\/index.php?rest_route=\/wp\/v2\/posts\/38924\/revisions\/38926"}],"wp:featuredmedia":[{"embeddable":true,"href":"https:\/\/curva1.com.ar\/index.php?rest_route=\/wp\/v2\/media\/38925"}],"wp:attachment":[{"href":"https:\/\/curva1.com.ar\/index.php?rest_route=%2Fwp%2Fv2%2Fmedia&parent=38924"}],"wp:term":[{"taxonomy":"category","embeddable":true,"href":"https:\/\/curva1.com.ar\/index.php?rest_route=%2Fwp%2Fv2%2Fcategories&post=38924"},{"taxonomy":"post_tag","embeddable":true,"href":"https:\/\/curva1.com.ar\/index.php?rest_route=%2Fwp%2Fv2%2Ftags&post=38924"}],"curies":[{"name":"wp","href":"https:\/\/api.w.org\/{rel}","templated":true}]}}