{"id":39054,"date":"2022-03-09T21:23:41","date_gmt":"2022-03-10T00:23:41","guid":{"rendered":"http:\/\/curva1.com.ar\/?p=39054"},"modified":"2022-03-09T21:36:43","modified_gmt":"2022-03-10T00:36:43","slug":"esta-imagen-no-se-vera-mas-porque-malizia-construye-otro-auto","status":"publish","type":"post","link":"https:\/\/curva1.com.ar\/?p=39054","title":{"rendered":"Esta imagen no se ver\u00e1 m\u00e1s, porque Malizia construye otro auto"},"content":{"rendered":"<p><img loading=\"lazy\" decoding=\"async\" class=\"aligncenter size-full wp-image-39055\" src=\"http:\/\/curva1.com.ar\/wp-content\/uploads\/2022\/03\/IMG_0906.jpg\" alt=\"\" width=\"1000\" height=\"563\" srcset=\"https:\/\/curva1.com.ar\/wp-content\/uploads\/2022\/03\/IMG_0906.jpg 1000w, https:\/\/curva1.com.ar\/wp-content\/uploads\/2022\/03\/IMG_0906-960x540.jpg 960w, https:\/\/curva1.com.ar\/wp-content\/uploads\/2022\/03\/IMG_0906-300x169.jpg 300w, https:\/\/curva1.com.ar\/wp-content\/uploads\/2022\/03\/IMG_0906-768x432.jpg 768w, https:\/\/curva1.com.ar\/wp-content\/uploads\/2022\/03\/IMG_0906-700x394.jpg 700w\" sizes=\"auto, (max-width: 1000px) 100vw, 1000px\" \/><\/p>\n<p>La imagen que vimos durante varias carreras del 2021 quedar\u00e1n en la historia. El VW Gacel de Ayrton Malizia pele\u00e1ndole a los Toyota Etios, Gol Trend y Renault Clio ya fue.<\/p>\n<p><strong>&#8220;Para este a\u00f1o nos dieron de baja la homologaci\u00f3n del Gacel para la Clase 2, por tanto no podremos competir m\u00e1s. Es todo de boca, escrito no hay nada&#8221;<\/strong> dijo el preparador Yayi Malizia en referencia a que todav\u00eda Federaci\u00f3n no publica ning\u00fan reglamento 2022.<\/p>\n<p>Por su parte, el piloto, Ayrton explic\u00f3 <strong>&#8220;estamos construyendo un VW Gol. Mario Malizia, padre de Pablo, nos regal\u00f3 el casco de un golcito y lo estamos repasando, armando y todo, pero falta todav\u00eda. Seguiremos dando pelea, ya que el Gacel no va m\u00e1s&#8221;.<\/strong><\/p>\n<p>Ayrton y su Gacel terminaron 6\u00b0 en el campeonato 2021 de la Clase 2 con dos podios: 1\u00b0 fecha en San Mart\u00edn y 2\u00b0 fecha en Villicum.<\/p>\n","protected":false},"excerpt":{"rendered":"<p>La imagen que vimos durante varias carreras del 2021 quedar\u00e1n en la historia. El VW<\/p>\n","protected":false},"author":1,"featured_media":39055,"comment_status":"closed","ping_status":"closed","sticky":false,"template":"","format":"standard","meta":{"footnotes":""},"categories":[1],"tags":[],"class_list":["post-39054","post","type-post","status-publish","format-standard","has-post-thumbnail","hentry","category-zonal-cuyano"],"featured_image_urls":{"full":["https:\/\/curva1.com.ar\/wp-content\/uploads\/2022\/03\/IMG_0906.jpg",1000,563,false],"thumbnail":["https:\/\/curva1.com.ar\/wp-content\/uploads\/2022\/03\/IMG_0906-300x169.jpg",300,169,true],"medium":["https:\/\/curva1.com.ar\/wp-content\/uploads\/2022\/03\/IMG_0906-960x540.jpg",960,540,true],"medium_large":["https:\/\/curva1.com.ar\/wp-content\/uploads\/2022\/03\/IMG_0906-768x432.jpg",640,360,true],"large":["https:\/\/curva1.com.ar\/wp-content\/uploads\/2022\/03\/IMG_0906-960x540.jpg",640,360,true],"1536x1536":["https:\/\/curva1.com.ar\/wp-content\/uploads\/2022\/03\/IMG_0906.jpg",1000,563,false],"2048x2048":["https:\/\/curva1.com.ar\/wp-content\/uploads\/2022\/03\/IMG_0906.jpg",1000,563,false],"chromenews-featured":["https:\/\/curva1.com.ar\/wp-content\/uploads\/2022\/03\/IMG_0906.jpg",1000,563,false],"chromenews-large":["https:\/\/curva1.com.ar\/wp-content\/uploads\/2022\/03\/IMG_0906.jpg",825,464,false],"chromenews-medium":["https:\/\/curva1.com.ar\/wp-content\/uploads\/2022\/03\/IMG_0906.jpg",590,332,false]},"author_info":{"display_name":"Jos\u00e9 Bravo","author_link":"https:\/\/curva1.com.ar\/?author=1"},"category_info":"<a href=\"https:\/\/curva1.com.ar\/?cat=1\" rel=\"category\">Zonal Cuyano<\/a>","tag_info":"Zonal Cuyano","comment_count":"0","yoast_head":"<!-- This site is optimized with the Yoast SEO Premium plugin v14.7 - https:\/\/yoast.com\/wordpress\/plugins\/seo\/ -->\n<title>Esta imagen no se ver\u00e1 m\u00e1s, porque Malizia construye otro auto - Curva 1<\/title>\n<meta name=\"robots\" content=\"index, follow\" \/>\n<meta name=\"googlebot\" content=\"index, follow, max-snippet:-1, max-image-preview:large, max-video-preview:-1\" \/>\n<meta name=\"bingbot\" content=\"index, follow, max-snippet:-1, max-image-preview:large, max-video-preview:-1\" \/>\n<link rel=\"canonical\" href=\"https:\/\/curva1.com.ar\/?p=39054\" \/>\n<meta property=\"og:locale\" content=\"en_US\" \/>\n<meta property=\"og:type\" content=\"article\" \/>\n<meta property=\"og:title\" content=\"Esta imagen no se ver\u00e1 m\u00e1s, porque Malizia construye otro auto - Curva 1\" \/>\n<meta property=\"og:description\" content=\"La imagen que vimos durante varias carreras del 2021 quedar\u00e1n en la historia. El VW\" \/>\n<meta property=\"og:url\" content=\"https:\/\/curva1.com.ar\/?p=39054\" \/>\n<meta property=\"og:site_name\" content=\"Curva 1\" \/>\n<meta property=\"article:publisher\" content=\"https:\/\/www.facebook.com\/revistacurva1\/\" \/>\n<meta property=\"article:published_time\" content=\"2022-03-10T00:23:41+00:00\" \/>\n<meta property=\"article:modified_time\" content=\"2022-03-10T00:36:43+00:00\" \/>\n<meta property=\"og:image\" content=\"https:\/\/curva1.com.ar\/wp-content\/uploads\/2022\/03\/IMG_0906.jpg\" \/>\n\t<meta property=\"og:image:width\" content=\"1000\" \/>\n\t<meta property=\"og:image:height\" content=\"563\" \/>\n<meta property=\"fb:app_id\" content=\"1593067817533208\" \/>\n<meta name=\"twitter:card\" content=\"summary_large_image\" \/>\n<meta name=\"twitter:creator\" content=\"@curva1mendoza\" \/>\n<meta name=\"twitter:site\" content=\"@curva1mendoza\" \/>\n<script type=\"application\/ld+json\" class=\"yoast-schema-graph\">{\"@context\":\"https:\/\/schema.org\",\"@graph\":[{\"@type\":\"WebSite\",\"@id\":\"https:\/\/curva1.com.ar\/#website\",\"url\":\"https:\/\/curva1.com.ar\/\",\"name\":\"Curva 1\",\"description\":\"Automovilismo de Mendoza\",\"potentialAction\":[{\"@type\":\"SearchAction\",\"target\":\"https:\/\/curva1.com.ar\/?s={search_term_string}\",\"query-input\":\"required name=search_term_string\"}],\"inLanguage\":\"en-US\"},{\"@type\":\"ImageObject\",\"@id\":\"https:\/\/curva1.com.ar\/?p=39054#primaryimage\",\"inLanguage\":\"en-US\",\"url\":\"https:\/\/curva1.com.ar\/wp-content\/uploads\/2022\/03\/IMG_0906.jpg\",\"width\":1000,\"height\":563},{\"@type\":\"WebPage\",\"@id\":\"https:\/\/curva1.com.ar\/?p=39054#webpage\",\"url\":\"https:\/\/curva1.com.ar\/?p=39054\",\"name\":\"Esta imagen no se ver\\u00e1 m\\u00e1s, porque Malizia construye otro auto - Curva 1\",\"isPartOf\":{\"@id\":\"https:\/\/curva1.com.ar\/#website\"},\"primaryImageOfPage\":{\"@id\":\"https:\/\/curva1.com.ar\/?p=39054#primaryimage\"},\"datePublished\":\"2022-03-10T00:23:41+00:00\",\"dateModified\":\"2022-03-10T00:36:43+00:00\",\"author\":{\"@id\":\"https:\/\/curva1.com.ar\/#\/schema\/person\/f5fd12984d70df7314fbd9ab42f31033\"},\"inLanguage\":\"en-US\",\"potentialAction\":[{\"@type\":\"ReadAction\",\"target\":[\"https:\/\/curva1.com.ar\/?p=39054\"]}]},{\"@type\":[\"Person\"],\"@id\":\"https:\/\/curva1.com.ar\/#\/schema\/person\/f5fd12984d70df7314fbd9ab42f31033\",\"name\":\"Jos\\u00e9 Bravo\",\"image\":{\"@type\":\"ImageObject\",\"@id\":\"https:\/\/curva1.com.ar\/#personlogo\",\"inLanguage\":\"en-US\",\"url\":\"https:\/\/secure.gravatar.com\/avatar\/3ae0b1fdc6ddeb723a6e6c23609ed39de1d40a94b8112fd2c0c2032e2dabf28b?s=96&d=identicon&r=g\",\"caption\":\"Jos\\u00e9 Bravo\"}}]}<\/script>\n<!-- \/ Yoast SEO Premium plugin. -->","_links":{"self":[{"href":"https:\/\/curva1.com.ar\/index.php?rest_route=\/wp\/v2\/posts\/39054","targetHints":{"allow":["GET"]}}],"collection":[{"href":"https:\/\/curva1.com.ar\/index.php?rest_route=\/wp\/v2\/posts"}],"about":[{"href":"https:\/\/curva1.com.ar\/index.php?rest_route=\/wp\/v2\/types\/post"}],"author":[{"embeddable":true,"href":"https:\/\/curva1.com.ar\/index.php?rest_route=\/wp\/v2\/users\/1"}],"replies":[{"embeddable":true,"href":"https:\/\/curva1.com.ar\/index.php?rest_route=%2Fwp%2Fv2%2Fcomments&post=39054"}],"version-history":[{"count":2,"href":"https:\/\/curva1.com.ar\/index.php?rest_route=\/wp\/v2\/posts\/39054\/revisions"}],"predecessor-version":[{"id":39061,"href":"https:\/\/curva1.com.ar\/index.php?rest_route=\/wp\/v2\/posts\/39054\/revisions\/39061"}],"wp:featuredmedia":[{"embeddable":true,"href":"https:\/\/curva1.com.ar\/index.php?rest_route=\/wp\/v2\/media\/39055"}],"wp:attachment":[{"href":"https:\/\/curva1.com.ar\/index.php?rest_route=%2Fwp%2Fv2%2Fmedia&parent=39054"}],"wp:term":[{"taxonomy":"category","embeddable":true,"href":"https:\/\/curva1.com.ar\/index.php?rest_route=%2Fwp%2Fv2%2Fcategories&post=39054"},{"taxonomy":"post_tag","embeddable":true,"href":"https:\/\/curva1.com.ar\/index.php?rest_route=%2Fwp%2Fv2%2Ftags&post=39054"}],"curies":[{"name":"wp","href":"https:\/\/api.w.org\/{rel}","templated":true}]}}