{"id":3927,"date":"2013-02-12T22:58:47","date_gmt":"2013-02-13T01:58:47","guid":{"rendered":"http:\/\/www.curva1.com.ar\/?p=3927"},"modified":"2013-02-12T22:58:47","modified_gmt":"2013-02-13T01:58:47","slug":"peluche-caceres-mostro-el-auto-que-usara-en-el-tc2000","status":"publish","type":"post","link":"https:\/\/curva1.com.ar\/?p=3927","title":{"rendered":"Peluche C\u00e1ceres mostr\u00f3 el auto que usar\u00e1 en el TC2000"},"content":{"rendered":"<p><img loading=\"lazy\" decoding=\"async\" class=\"aligncenter size-full wp-image-3928\" alt=\"BC8UDZsCUAEc_d2.jpg large\" src=\"http:\/\/www.curva1.com.ar\/wp-content\/uploads\/2013\/02\/BC8UDZsCUAEc_d2.jpg-large.jpg\" width=\"500\" height=\"281\" srcset=\"https:\/\/curva1.com.ar\/wp-content\/uploads\/2013\/02\/BC8UDZsCUAEc_d2.jpg-large.jpg 500w, https:\/\/curva1.com.ar\/wp-content\/uploads\/2013\/02\/BC8UDZsCUAEc_d2.jpg-large-300x169.jpg 300w\" sizes=\"auto, (max-width: 500px) 100vw, 500px\" \/><\/p>\n<p>El piloto de San Mart\u00edn que este a\u00f1o incursionar\u00e1 en autos con techo, mostr\u00f3 como ser\u00e1 el Peugeot 307 que usar\u00e1 en el TC2000.<\/p>\n<p>La primera fecha est\u00e1 pactada para el 10 de marzo.<\/p>\n","protected":false},"excerpt":{"rendered":"<p>El piloto de San Mart\u00edn que este a\u00f1o incursionar\u00e1 en autos con techo, mostr\u00f3 como<\/p>\n","protected":false},"author":1,"featured_media":3928,"comment_status":"open","ping_status":"closed","sticky":false,"template":"","format":"standard","meta":{"footnotes":""},"categories":[6],"tags":[],"class_list":["post-3927","post","type-post","status-publish","format-standard","has-post-thumbnail","hentry","category-nacionales"],"featured_image_urls":{"full":["https:\/\/curva1.com.ar\/wp-content\/uploads\/2013\/02\/BC8UDZsCUAEc_d2.jpg-large.jpg",500,281,false],"thumbnail":["https:\/\/curva1.com.ar\/wp-content\/uploads\/2013\/02\/BC8UDZsCUAEc_d2.jpg-large-300x169.jpg",300,169,true],"medium":["https:\/\/curva1.com.ar\/wp-content\/uploads\/2013\/02\/BC8UDZsCUAEc_d2.jpg-large.jpg",500,281,false],"medium_large":["https:\/\/curva1.com.ar\/wp-content\/uploads\/2013\/02\/BC8UDZsCUAEc_d2.jpg-large.jpg",500,281,false],"large":["https:\/\/curva1.com.ar\/wp-content\/uploads\/2013\/02\/BC8UDZsCUAEc_d2.jpg-large.jpg",500,281,false],"1536x1536":["https:\/\/curva1.com.ar\/wp-content\/uploads\/2013\/02\/BC8UDZsCUAEc_d2.jpg-large.jpg",500,281,false],"2048x2048":["https:\/\/curva1.com.ar\/wp-content\/uploads\/2013\/02\/BC8UDZsCUAEc_d2.jpg-large.jpg",500,281,false],"chromenews-featured":["https:\/\/curva1.com.ar\/wp-content\/uploads\/2013\/02\/BC8UDZsCUAEc_d2.jpg-large.jpg",500,281,false],"chromenews-large":["https:\/\/curva1.com.ar\/wp-content\/uploads\/2013\/02\/BC8UDZsCUAEc_d2.jpg-large.jpg",500,281,false],"chromenews-medium":["https:\/\/curva1.com.ar\/wp-content\/uploads\/2013\/02\/BC8UDZsCUAEc_d2.jpg-large.jpg",500,281,false]},"author_info":{"display_name":"Jos\u00e9 Bravo","author_link":"https:\/\/curva1.com.ar\/?author=1"},"category_info":"<a href=\"https:\/\/curva1.com.ar\/?cat=6\" rel=\"category\">Nacionales<\/a>","tag_info":"Nacionales","comment_count":"0","_links":{"self":[{"href":"https:\/\/curva1.com.ar\/index.php?rest_route=\/wp\/v2\/posts\/3927","targetHints":{"allow":["GET"]}}],"collection":[{"href":"https:\/\/curva1.com.ar\/index.php?rest_route=\/wp\/v2\/posts"}],"about":[{"href":"https:\/\/curva1.com.ar\/index.php?rest_route=\/wp\/v2\/types\/post"}],"author":[{"embeddable":true,"href":"https:\/\/curva1.com.ar\/index.php?rest_route=\/wp\/v2\/users\/1"}],"replies":[{"embeddable":true,"href":"https:\/\/curva1.com.ar\/index.php?rest_route=%2Fwp%2Fv2%2Fcomments&post=3927"}],"version-history":[{"count":2,"href":"https:\/\/curva1.com.ar\/index.php?rest_route=\/wp\/v2\/posts\/3927\/revisions"}],"predecessor-version":[{"id":3930,"href":"https:\/\/curva1.com.ar\/index.php?rest_route=\/wp\/v2\/posts\/3927\/revisions\/3930"}],"wp:featuredmedia":[{"embeddable":true,"href":"https:\/\/curva1.com.ar\/index.php?rest_route=\/wp\/v2\/media\/3928"}],"wp:attachment":[{"href":"https:\/\/curva1.com.ar\/index.php?rest_route=%2Fwp%2Fv2%2Fmedia&parent=3927"}],"wp:term":[{"taxonomy":"category","embeddable":true,"href":"https:\/\/curva1.com.ar\/index.php?rest_route=%2Fwp%2Fv2%2Fcategories&post=3927"},{"taxonomy":"post_tag","embeddable":true,"href":"https:\/\/curva1.com.ar\/index.php?rest_route=%2Fwp%2Fv2%2Ftags&post=3927"}],"curies":[{"name":"wp","href":"https:\/\/api.w.org\/{rel}","templated":true}]}}