{"id":39706,"date":"2022-04-29T11:43:25","date_gmt":"2022-04-29T14:43:25","guid":{"rendered":"http:\/\/curva1.com.ar\/?p=39706"},"modified":"2022-04-29T11:43:25","modified_gmt":"2022-04-29T14:43:25","slug":"nuevo-diseno-para-el-promo-del-sanjuanino-ema-esposito","status":"publish","type":"post","link":"https:\/\/curva1.com.ar\/?p=39706","title":{"rendered":"Nuevo dise\u00f1o para el &#8220;promo&#8221; del sanjuanino Ema Esp\u00f3sito"},"content":{"rendered":"<p>Con estos colores Emanuel Esposito tendr\u00e1 la Promocional Fiat del Zonal Cuyano que se presenta este finde en San Luis.<\/p>\n<p>El piloto sanjuanino est\u00e1 confirmado para correr en el Rosendo Hern\u00e1ndez.<\/p>\n<p><img loading=\"lazy\" decoding=\"async\" class=\"aligncenter size-full wp-image-39707\" src=\"http:\/\/curva1.com.ar\/wp-content\/uploads\/2022\/04\/278981070_5041481665887914_4818952500985778652_n.jpg\" alt=\"\" width=\"1080\" height=\"757\" srcset=\"https:\/\/curva1.com.ar\/wp-content\/uploads\/2022\/04\/278981070_5041481665887914_4818952500985778652_n.jpg 1080w, https:\/\/curva1.com.ar\/wp-content\/uploads\/2022\/04\/278981070_5041481665887914_4818952500985778652_n-770x540.jpg 770w, https:\/\/curva1.com.ar\/wp-content\/uploads\/2022\/04\/278981070_5041481665887914_4818952500985778652_n-768x538.jpg 768w\" sizes=\"auto, (max-width: 1080px) 100vw, 1080px\" \/><\/p>\n","protected":false},"excerpt":{"rendered":"<p>Con estos colores Emanuel Esposito tendr\u00e1 la Promocional Fiat del Zonal Cuyano que se presenta<\/p>\n","protected":false},"author":1,"featured_media":39707,"comment_status":"closed","ping_status":"closed","sticky":false,"template":"","format":"standard","meta":{"footnotes":""},"categories":[1],"tags":[],"class_list":["post-39706","post","type-post","status-publish","format-standard","has-post-thumbnail","hentry","category-zonal-cuyano"],"featured_image_urls":{"full":["https:\/\/curva1.com.ar\/wp-content\/uploads\/2022\/04\/278981070_5041481665887914_4818952500985778652_n.jpg",1080,757,false],"thumbnail":["https:\/\/curva1.com.ar\/wp-content\/uploads\/2022\/04\/278981070_5041481665887914_4818952500985778652_n-300x169.jpg",300,169,true],"medium":["https:\/\/curva1.com.ar\/wp-content\/uploads\/2022\/04\/278981070_5041481665887914_4818952500985778652_n-770x540.jpg",770,540,true],"medium_large":["https:\/\/curva1.com.ar\/wp-content\/uploads\/2022\/04\/278981070_5041481665887914_4818952500985778652_n-768x538.jpg",640,448,true],"large":["https:\/\/curva1.com.ar\/wp-content\/uploads\/2022\/04\/278981070_5041481665887914_4818952500985778652_n-770x540.jpg",640,449,true],"1536x1536":["https:\/\/curva1.com.ar\/wp-content\/uploads\/2022\/04\/278981070_5041481665887914_4818952500985778652_n.jpg",1080,757,false],"2048x2048":["https:\/\/curva1.com.ar\/wp-content\/uploads\/2022\/04\/278981070_5041481665887914_4818952500985778652_n.jpg",1080,757,false],"chromenews-featured":["https:\/\/curva1.com.ar\/wp-content\/uploads\/2022\/04\/278981070_5041481665887914_4818952500985778652_n.jpg",1024,718,false],"chromenews-large":["https:\/\/curva1.com.ar\/wp-content\/uploads\/2022\/04\/278981070_5041481665887914_4818952500985778652_n.jpg",820,575,false],"chromenews-medium":["https:\/\/curva1.com.ar\/wp-content\/uploads\/2022\/04\/278981070_5041481665887914_4818952500985778652_n.jpg",585,410,false]},"author_info":{"display_name":"Jos\u00e9 Bravo","author_link":"https:\/\/curva1.com.ar\/?author=1"},"category_info":"<a href=\"https:\/\/curva1.com.ar\/?cat=1\" rel=\"category\">Zonal Cuyano<\/a>","tag_info":"Zonal Cuyano","comment_count":"0","yoast_head":"<!-- This site is optimized with the Yoast SEO Premium plugin v14.7 - https:\/\/yoast.com\/wordpress\/plugins\/seo\/ -->\n<title>Nuevo dise\u00f1o para el &quot;promo&quot; del sanjuanino Ema Esp\u00f3sito - Curva 1<\/title>\n<meta name=\"robots\" content=\"index, follow\" \/>\n<meta name=\"googlebot\" content=\"index, follow, max-snippet:-1, max-image-preview:large, max-video-preview:-1\" \/>\n<meta name=\"bingbot\" content=\"index, follow, max-snippet:-1, max-image-preview:large, max-video-preview:-1\" \/>\n<link rel=\"canonical\" href=\"https:\/\/curva1.com.ar\/?p=39706\" \/>\n<meta property=\"og:locale\" content=\"en_US\" \/>\n<meta property=\"og:type\" content=\"article\" \/>\n<meta property=\"og:title\" content=\"Nuevo dise\u00f1o para el &quot;promo&quot; del sanjuanino Ema Esp\u00f3sito - Curva 1\" \/>\n<meta property=\"og:description\" content=\"Con estos colores Emanuel Esposito tendr\u00e1 la Promocional Fiat del Zonal Cuyano que se presenta\" \/>\n<meta property=\"og:url\" content=\"https:\/\/curva1.com.ar\/?p=39706\" \/>\n<meta property=\"og:site_name\" content=\"Curva 1\" \/>\n<meta property=\"article:publisher\" content=\"https:\/\/www.facebook.com\/revistacurva1\/\" \/>\n<meta property=\"article:published_time\" content=\"2022-04-29T14:43:25+00:00\" \/>\n<meta property=\"og:image\" content=\"https:\/\/curva1.com.ar\/wp-content\/uploads\/2022\/04\/278981070_5041481665887914_4818952500985778652_n.jpg\" \/>\n\t<meta property=\"og:image:width\" content=\"1080\" \/>\n\t<meta property=\"og:image:height\" content=\"757\" \/>\n<meta property=\"fb:app_id\" content=\"1593067817533208\" \/>\n<meta name=\"twitter:card\" content=\"summary_large_image\" \/>\n<meta name=\"twitter:creator\" content=\"@curva1mendoza\" \/>\n<meta name=\"twitter:site\" content=\"@curva1mendoza\" \/>\n<script type=\"application\/ld+json\" class=\"yoast-schema-graph\">{\"@context\":\"https:\/\/schema.org\",\"@graph\":[{\"@type\":\"WebSite\",\"@id\":\"https:\/\/curva1.com.ar\/#website\",\"url\":\"https:\/\/curva1.com.ar\/\",\"name\":\"Curva 1\",\"description\":\"Automovilismo de Mendoza\",\"potentialAction\":[{\"@type\":\"SearchAction\",\"target\":\"https:\/\/curva1.com.ar\/?s={search_term_string}\",\"query-input\":\"required name=search_term_string\"}],\"inLanguage\":\"en-US\"},{\"@type\":\"ImageObject\",\"@id\":\"https:\/\/curva1.com.ar\/?p=39706#primaryimage\",\"inLanguage\":\"en-US\",\"url\":\"https:\/\/curva1.com.ar\/wp-content\/uploads\/2022\/04\/278981070_5041481665887914_4818952500985778652_n.jpg\",\"width\":1080,\"height\":757},{\"@type\":\"WebPage\",\"@id\":\"https:\/\/curva1.com.ar\/?p=39706#webpage\",\"url\":\"https:\/\/curva1.com.ar\/?p=39706\",\"name\":\"Nuevo dise\\u00f1o para el \\\"promo\\\" del sanjuanino Ema Esp\\u00f3sito - Curva 1\",\"isPartOf\":{\"@id\":\"https:\/\/curva1.com.ar\/#website\"},\"primaryImageOfPage\":{\"@id\":\"https:\/\/curva1.com.ar\/?p=39706#primaryimage\"},\"datePublished\":\"2022-04-29T14:43:25+00:00\",\"dateModified\":\"2022-04-29T14:43:25+00:00\",\"author\":{\"@id\":\"https:\/\/curva1.com.ar\/#\/schema\/person\/f5fd12984d70df7314fbd9ab42f31033\"},\"inLanguage\":\"en-US\",\"potentialAction\":[{\"@type\":\"ReadAction\",\"target\":[\"https:\/\/curva1.com.ar\/?p=39706\"]}]},{\"@type\":[\"Person\"],\"@id\":\"https:\/\/curva1.com.ar\/#\/schema\/person\/f5fd12984d70df7314fbd9ab42f31033\",\"name\":\"Jos\\u00e9 Bravo\",\"image\":{\"@type\":\"ImageObject\",\"@id\":\"https:\/\/curva1.com.ar\/#personlogo\",\"inLanguage\":\"en-US\",\"url\":\"https:\/\/secure.gravatar.com\/avatar\/3ae0b1fdc6ddeb723a6e6c23609ed39de1d40a94b8112fd2c0c2032e2dabf28b?s=96&d=identicon&r=g\",\"caption\":\"Jos\\u00e9 Bravo\"}}]}<\/script>\n<!-- \/ Yoast SEO Premium plugin. -->","_links":{"self":[{"href":"https:\/\/curva1.com.ar\/index.php?rest_route=\/wp\/v2\/posts\/39706","targetHints":{"allow":["GET"]}}],"collection":[{"href":"https:\/\/curva1.com.ar\/index.php?rest_route=\/wp\/v2\/posts"}],"about":[{"href":"https:\/\/curva1.com.ar\/index.php?rest_route=\/wp\/v2\/types\/post"}],"author":[{"embeddable":true,"href":"https:\/\/curva1.com.ar\/index.php?rest_route=\/wp\/v2\/users\/1"}],"replies":[{"embeddable":true,"href":"https:\/\/curva1.com.ar\/index.php?rest_route=%2Fwp%2Fv2%2Fcomments&post=39706"}],"version-history":[{"count":1,"href":"https:\/\/curva1.com.ar\/index.php?rest_route=\/wp\/v2\/posts\/39706\/revisions"}],"predecessor-version":[{"id":39708,"href":"https:\/\/curva1.com.ar\/index.php?rest_route=\/wp\/v2\/posts\/39706\/revisions\/39708"}],"wp:featuredmedia":[{"embeddable":true,"href":"https:\/\/curva1.com.ar\/index.php?rest_route=\/wp\/v2\/media\/39707"}],"wp:attachment":[{"href":"https:\/\/curva1.com.ar\/index.php?rest_route=%2Fwp%2Fv2%2Fmedia&parent=39706"}],"wp:term":[{"taxonomy":"category","embeddable":true,"href":"https:\/\/curva1.com.ar\/index.php?rest_route=%2Fwp%2Fv2%2Fcategories&post=39706"},{"taxonomy":"post_tag","embeddable":true,"href":"https:\/\/curva1.com.ar\/index.php?rest_route=%2Fwp%2Fv2%2Ftags&post=39706"}],"curies":[{"name":"wp","href":"https:\/\/api.w.org\/{rel}","templated":true}]}}