{"id":39910,"date":"2022-05-20T11:27:38","date_gmt":"2022-05-20T14:27:38","guid":{"rendered":"http:\/\/curva1.com.ar\/?p=39910"},"modified":"2022-05-20T11:27:38","modified_gmt":"2022-05-20T14:27:38","slug":"agustin-palau-desembarca-en-la-fabrica-de-talentos","status":"publish","type":"post","link":"https:\/\/curva1.com.ar\/?p=39910","title":{"rendered":"Agust\u00edn Palau desembarca en la f\u00e1brica de talentos"},"content":{"rendered":"<p><img loading=\"lazy\" decoding=\"async\" class=\"aligncenter size-full wp-image-39911\" src=\"http:\/\/curva1.com.ar\/wp-content\/uploads\/2022\/05\/unnamed-2-3.jpg\" alt=\"\" width=\"1280\" height=\"853\" srcset=\"https:\/\/curva1.com.ar\/wp-content\/uploads\/2022\/05\/unnamed-2-3.jpg 1280w, https:\/\/curva1.com.ar\/wp-content\/uploads\/2022\/05\/unnamed-2-3-810x540.jpg 810w, https:\/\/curva1.com.ar\/wp-content\/uploads\/2022\/05\/unnamed-2-3-768x512.jpg 768w\" sizes=\"auto, (max-width: 1280px) 100vw, 1280px\" \/><\/p>\n<p><strong>El joven piloto mendocino, de \u00faltimo paso por el TR Series, correr\u00e1 en Neuqu\u00e9n en la F\u00f3rmula Nacional con un auto del Croizet Racing.<\/strong><\/p>\n<div>La\u00a0<strong>F\u00f3rmula Nacional\u00a0<\/strong>se presentar\u00e1 este fin de semana en\u00a0<strong>Neuqu\u00e9n\u00a0<\/strong>para cumplir la tercera fecha de su temporada, que hasta el momento tiene como l\u00edder del campeonato a Thomas Pozner.<\/p>\n<p>Y tras su paso por el Top Race Series, el mendocino\u00a0<strong>Agust\u00edn Palau<\/strong>\u00a0har\u00e1 su debut en la categor\u00eda escuela del automovilismo argentino. El joven piloto de\u00a0<strong>San Mart\u00edn<\/strong>\u00a0correr\u00e1 con un auto del\u00a0<strong>Croizet Racing<\/strong>\u00a0y tendr\u00e1 atenci\u00f3n en pista de Sebasti\u00e1n Corsi.<\/p>\n<p><em>\u201cLamentablemente no pudimos continuar en el Series, pero r\u00e1pidamente llegamos a un acuerdo para correr en la F\u00f3rmula. Estoy seguro que es una categor\u00eda que me ayudar\u00e1 mucho a crecer como piloto y eso para mi es muy importante ya que reci\u00e9n estoy arrancando a nivel nacional\u201d<\/em>, manifest\u00f3\u00a0<strong>Agust\u00edn<\/strong>, quien adem\u00e1s a\u00f1adi\u00f3:\u00a0<em>\u201cTendr\u00e9 que adaptarme lo m\u00e1s r\u00e1pido posible a la categor\u00eda y tengo confianza en andar muy bien si es que el auto nos acompa\u00f1a\u201d<\/em>.<\/p>\n<p>La actividad para\u00a0<strong>Palau\u00a0<\/strong>comenzar\u00e1 este\u00a0<strong>viernes\u00a0<\/strong>con dos entrenamientos; mientras que el\u00a0<strong>s\u00e1bado\u00a0<\/strong>(desde las 12.40) tendr\u00e1 la clasificaci\u00f3n y posterior s\u00faper clasificaci\u00f3n y desde las 15.20 disputar\u00e1 el\u00a0<strong>Sprint\u00a0<\/strong>a 10 vueltas. Para el\u00a0<strong>domingo\u00a0<\/strong>est\u00e1 prevista la\u00a0<strong>final<\/strong>, a las 8.40, a 20 minutos + 1 vuelta.<\/div>\n<p><img loading=\"lazy\" decoding=\"async\" class=\"aligncenter size-full wp-image-39912\" src=\"http:\/\/curva1.com.ar\/wp-content\/uploads\/2022\/05\/unnamed-1-3.jpg\" alt=\"\" width=\"750\" height=\"430\" \/> <img loading=\"lazy\" decoding=\"async\" class=\"aligncenter size-full wp-image-39913\" src=\"http:\/\/curva1.com.ar\/wp-content\/uploads\/2022\/05\/unnamed-9.jpg\" alt=\"\" width=\"1280\" height=\"850\" srcset=\"https:\/\/curva1.com.ar\/wp-content\/uploads\/2022\/05\/unnamed-9.jpg 1280w, https:\/\/curva1.com.ar\/wp-content\/uploads\/2022\/05\/unnamed-9-813x540.jpg 813w, https:\/\/curva1.com.ar\/wp-content\/uploads\/2022\/05\/unnamed-9-768x510.jpg 768w\" sizes=\"auto, (max-width: 1280px) 100vw, 1280px\" \/><\/p>\n","protected":false},"excerpt":{"rendered":"<p>El joven piloto mendocino, de \u00faltimo paso por el TR Series, correr\u00e1 en Neuqu\u00e9n en<\/p>\n","protected":false},"author":1,"featured_media":39911,"comment_status":"closed","ping_status":"closed","sticky":false,"template":"","format":"standard","meta":{"footnotes":""},"categories":[6],"tags":[],"class_list":["post-39910","post","type-post","status-publish","format-standard","has-post-thumbnail","hentry","category-nacionales"],"featured_image_urls":{"full":["https:\/\/curva1.com.ar\/wp-content\/uploads\/2022\/05\/unnamed-2-3.jpg",1280,853,false],"thumbnail":["https:\/\/curva1.com.ar\/wp-content\/uploads\/2022\/05\/unnamed-2-3-300x169.jpg",300,169,true],"medium":["https:\/\/curva1.com.ar\/wp-content\/uploads\/2022\/05\/unnamed-2-3-810x540.jpg",810,540,true],"medium_large":["https:\/\/curva1.com.ar\/wp-content\/uploads\/2022\/05\/unnamed-2-3-768x512.jpg",640,427,true],"large":["https:\/\/curva1.com.ar\/wp-content\/uploads\/2022\/05\/unnamed-2-3-810x540.jpg",640,427,true],"1536x1536":["https:\/\/curva1.com.ar\/wp-content\/uploads\/2022\/05\/unnamed-2-3.jpg",1280,853,false],"2048x2048":["https:\/\/curva1.com.ar\/wp-content\/uploads\/2022\/05\/unnamed-2-3.jpg",1280,853,false],"chromenews-featured":["https:\/\/curva1.com.ar\/wp-content\/uploads\/2022\/05\/unnamed-2-3.jpg",1024,682,false],"chromenews-large":["https:\/\/curva1.com.ar\/wp-content\/uploads\/2022\/05\/unnamed-2-3.jpg",825,550,false],"chromenews-medium":["https:\/\/curva1.com.ar\/wp-content\/uploads\/2022\/05\/unnamed-2-3.jpg",590,393,false]},"author_info":{"display_name":"Jos\u00e9 Bravo","author_link":"https:\/\/curva1.com.ar\/?author=1"},"category_info":"<a href=\"https:\/\/curva1.com.ar\/?cat=6\" rel=\"category\">Nacionales<\/a>","tag_info":"Nacionales","comment_count":"0","yoast_head":"<!-- This site is optimized with the Yoast SEO Premium plugin v14.7 - https:\/\/yoast.com\/wordpress\/plugins\/seo\/ -->\n<title>Agust\u00edn Palau desembarca en la f\u00e1brica de talentos - Curva 1<\/title>\n<meta name=\"robots\" content=\"index, follow\" \/>\n<meta name=\"googlebot\" content=\"index, follow, max-snippet:-1, max-image-preview:large, max-video-preview:-1\" \/>\n<meta name=\"bingbot\" content=\"index, follow, max-snippet:-1, max-image-preview:large, max-video-preview:-1\" \/>\n<link rel=\"canonical\" href=\"https:\/\/curva1.com.ar\/?p=39910\" \/>\n<meta property=\"og:locale\" content=\"en_US\" \/>\n<meta property=\"og:type\" content=\"article\" \/>\n<meta property=\"og:title\" content=\"Agust\u00edn Palau desembarca en la f\u00e1brica de talentos - Curva 1\" \/>\n<meta property=\"og:description\" content=\"El joven piloto mendocino, de \u00faltimo paso por el TR Series, correr\u00e1 en Neuqu\u00e9n en\" \/>\n<meta property=\"og:url\" content=\"https:\/\/curva1.com.ar\/?p=39910\" \/>\n<meta property=\"og:site_name\" content=\"Curva 1\" \/>\n<meta property=\"article:publisher\" content=\"https:\/\/www.facebook.com\/revistacurva1\/\" \/>\n<meta property=\"article:published_time\" content=\"2022-05-20T14:27:38+00:00\" \/>\n<meta property=\"og:image\" content=\"https:\/\/curva1.com.ar\/wp-content\/uploads\/2022\/05\/unnamed-2-3.jpg\" \/>\n\t<meta property=\"og:image:width\" content=\"1280\" \/>\n\t<meta property=\"og:image:height\" content=\"853\" \/>\n<meta property=\"fb:app_id\" content=\"1593067817533208\" \/>\n<meta name=\"twitter:card\" content=\"summary_large_image\" \/>\n<meta name=\"twitter:creator\" content=\"@curva1mendoza\" \/>\n<meta name=\"twitter:site\" content=\"@curva1mendoza\" \/>\n<script type=\"application\/ld+json\" class=\"yoast-schema-graph\">{\"@context\":\"https:\/\/schema.org\",\"@graph\":[{\"@type\":\"WebSite\",\"@id\":\"https:\/\/curva1.com.ar\/#website\",\"url\":\"https:\/\/curva1.com.ar\/\",\"name\":\"Curva 1\",\"description\":\"Automovilismo de Mendoza\",\"potentialAction\":[{\"@type\":\"SearchAction\",\"target\":\"https:\/\/curva1.com.ar\/?s={search_term_string}\",\"query-input\":\"required name=search_term_string\"}],\"inLanguage\":\"en-US\"},{\"@type\":\"ImageObject\",\"@id\":\"https:\/\/curva1.com.ar\/?p=39910#primaryimage\",\"inLanguage\":\"en-US\",\"url\":\"https:\/\/curva1.com.ar\/wp-content\/uploads\/2022\/05\/unnamed-2-3.jpg\",\"width\":1280,\"height\":853},{\"@type\":\"WebPage\",\"@id\":\"https:\/\/curva1.com.ar\/?p=39910#webpage\",\"url\":\"https:\/\/curva1.com.ar\/?p=39910\",\"name\":\"Agust\\u00edn Palau desembarca en la f\\u00e1brica de talentos - Curva 1\",\"isPartOf\":{\"@id\":\"https:\/\/curva1.com.ar\/#website\"},\"primaryImageOfPage\":{\"@id\":\"https:\/\/curva1.com.ar\/?p=39910#primaryimage\"},\"datePublished\":\"2022-05-20T14:27:38+00:00\",\"dateModified\":\"2022-05-20T14:27:38+00:00\",\"author\":{\"@id\":\"https:\/\/curva1.com.ar\/#\/schema\/person\/f5fd12984d70df7314fbd9ab42f31033\"},\"inLanguage\":\"en-US\",\"potentialAction\":[{\"@type\":\"ReadAction\",\"target\":[\"https:\/\/curva1.com.ar\/?p=39910\"]}]},{\"@type\":[\"Person\"],\"@id\":\"https:\/\/curva1.com.ar\/#\/schema\/person\/f5fd12984d70df7314fbd9ab42f31033\",\"name\":\"Jos\\u00e9 Bravo\",\"image\":{\"@type\":\"ImageObject\",\"@id\":\"https:\/\/curva1.com.ar\/#personlogo\",\"inLanguage\":\"en-US\",\"url\":\"https:\/\/secure.gravatar.com\/avatar\/3ae0b1fdc6ddeb723a6e6c23609ed39de1d40a94b8112fd2c0c2032e2dabf28b?s=96&d=identicon&r=g\",\"caption\":\"Jos\\u00e9 Bravo\"}}]}<\/script>\n<!-- \/ Yoast SEO Premium plugin. -->","_links":{"self":[{"href":"https:\/\/curva1.com.ar\/index.php?rest_route=\/wp\/v2\/posts\/39910","targetHints":{"allow":["GET"]}}],"collection":[{"href":"https:\/\/curva1.com.ar\/index.php?rest_route=\/wp\/v2\/posts"}],"about":[{"href":"https:\/\/curva1.com.ar\/index.php?rest_route=\/wp\/v2\/types\/post"}],"author":[{"embeddable":true,"href":"https:\/\/curva1.com.ar\/index.php?rest_route=\/wp\/v2\/users\/1"}],"replies":[{"embeddable":true,"href":"https:\/\/curva1.com.ar\/index.php?rest_route=%2Fwp%2Fv2%2Fcomments&post=39910"}],"version-history":[{"count":1,"href":"https:\/\/curva1.com.ar\/index.php?rest_route=\/wp\/v2\/posts\/39910\/revisions"}],"predecessor-version":[{"id":39914,"href":"https:\/\/curva1.com.ar\/index.php?rest_route=\/wp\/v2\/posts\/39910\/revisions\/39914"}],"wp:featuredmedia":[{"embeddable":true,"href":"https:\/\/curva1.com.ar\/index.php?rest_route=\/wp\/v2\/media\/39911"}],"wp:attachment":[{"href":"https:\/\/curva1.com.ar\/index.php?rest_route=%2Fwp%2Fv2%2Fmedia&parent=39910"}],"wp:term":[{"taxonomy":"category","embeddable":true,"href":"https:\/\/curva1.com.ar\/index.php?rest_route=%2Fwp%2Fv2%2Fcategories&post=39910"},{"taxonomy":"post_tag","embeddable":true,"href":"https:\/\/curva1.com.ar\/index.php?rest_route=%2Fwp%2Fv2%2Ftags&post=39910"}],"curies":[{"name":"wp","href":"https:\/\/api.w.org\/{rel}","templated":true}]}}