{"id":40082,"date":"2022-05-31T12:48:44","date_gmt":"2022-05-31T15:48:44","guid":{"rendered":"http:\/\/curva1.com.ar\/?p=40082"},"modified":"2022-05-31T12:48:44","modified_gmt":"2022-05-31T15:48:44","slug":"varias-practicas-en-la-previa-del-72-gp-vendimia","status":"publish","type":"post","link":"https:\/\/curva1.com.ar\/?p=40082","title":{"rendered":"Varias pr\u00e1cticas en la previa del 72\u00b0 GP Vendimia"},"content":{"rendered":"<p><img loading=\"lazy\" decoding=\"async\" class=\"aligncenter size-full wp-image-40083\" src=\"http:\/\/curva1.com.ar\/wp-content\/uploads\/2022\/05\/unnamed-2-4.jpg\" alt=\"\" width=\"1164\" height=\"655\" srcset=\"https:\/\/curva1.com.ar\/wp-content\/uploads\/2022\/05\/unnamed-2-4.jpg 1164w, https:\/\/curva1.com.ar\/wp-content\/uploads\/2022\/05\/unnamed-2-4-960x540.jpg 960w, https:\/\/curva1.com.ar\/wp-content\/uploads\/2022\/05\/unnamed-2-4-300x169.jpg 300w, https:\/\/curva1.com.ar\/wp-content\/uploads\/2022\/05\/unnamed-2-4-768x432.jpg 768w, https:\/\/curva1.com.ar\/wp-content\/uploads\/2022\/05\/unnamed-2-4-700x394.jpg 700w\" sizes=\"auto, (max-width: 1164px) 100vw, 1164px\" \/><\/p>\n<p>En San Mart\u00edn se ultiman detalles y varios pilotos probaron sus autos para llegar de la mejor forma a la tercera fecha de la temporada.<\/p>\n<p>Ya transitamos la semana de la velocidad en Mendoza. Es que tranquilamente podemos llamarla de esa forma si tomamos en cuenta que estamos en la antesala de un nuevo Gran Premio Vendimia, la cual marcar\u00e1 la continuidad de la temporada del Zonal Cuyano con la disputa de su tercera fecha.<\/p>\n<p>La edici\u00f3n n\u00famero 72 se correr\u00e1 en el aut\u00f3dromo Ciudad de San Mart\u00edn y all\u00ed se intensificaron los trabajos para lucir de la mejor forma ante la emblem\u00e1tica competencia.<\/p>\n<p>De hecho durante el fin de semana qu\u00e9 pas\u00f3 varios pilotos aprovecharon para probar sus unidades. Una de las grandes novedades fue el ensayo de Gustavo Santib\u00e1\u00f1ez sobre sus dos autos, el Peugeot 207 y el Renault Clio. Vale destacar que nuevamente estar\u00e1 corriendo en el Zonal Cuyano Ezequiel Bosio, aunque en esta ocasi\u00f3n lo har\u00e1 en el Peugeot y Santiba\u00f1ez volver\u00e1 al Renault.<\/p>\n<p>Tambi\u00e9n estuvo probando su Chevrolet de TC Cuyano Carlos Bacchiochi y Antonio Torrent volver\u00e1 al Zonal con un Fiat Uno, con el cual gir\u00f3 en San Mart\u00edn. Adem\u00e1s, Mart\u00edn G\u00f3mez, Lautaro Chapla, Iv\u00e1n Maya, Iv\u00e1n Ram\u00edrez y Yamil Gazze probaron sus autos de la Promocional Fiat. Mientras que Andr\u00e9s Palau retornar\u00e1 al Zonal Cuyano tras su ensayo sobre el VW Gol que era propiedad de Javito N\u00fa\u00f1ez.<\/p>\n<p>De esta manera reci\u00e9n el pr\u00f3ximo viernes con las pruebas libres retornar\u00e1 la acci\u00f3n en pista, la cual obviamente continuar\u00e1 el s\u00e1bado y domingo con la actividad oficial del Gran Premio Vendimia.<\/p>\n<p>Un hecho distintivo, entre tantos otros que se ver\u00e1n el fin de semana, tiene que ver con la identificaci\u00f3n de cada piloto en su box. Una iniciativa que llev\u00f3 adelante APATC en conjunto con los clubes, la FEMAD y la AAV.<\/p>\n<p>Ya est\u00e1 todo encaminado para disfrutar de una fiesta tuerca que se extender\u00e1 desde el viernes hasta el domingo en el aut\u00f3dromo de San Mart\u00edn y con entradas muy accesibles, ya que la general tendr\u00e1 un costo de $500 y el ingreso a boxes ser\u00e1 de $800; mientras que para el estacionamiento se deber\u00e1 abonar $500.<\/p>\n<p><img loading=\"lazy\" decoding=\"async\" class=\"aligncenter size-full wp-image-40084\" src=\"http:\/\/curva1.com.ar\/wp-content\/uploads\/2022\/05\/unnamed-1-5.jpg\" alt=\"\" width=\"1595\" height=\"897\" srcset=\"https:\/\/curva1.com.ar\/wp-content\/uploads\/2022\/05\/unnamed-1-5.jpg 1595w, https:\/\/curva1.com.ar\/wp-content\/uploads\/2022\/05\/unnamed-1-5-960x540.jpg 960w, https:\/\/curva1.com.ar\/wp-content\/uploads\/2022\/05\/unnamed-1-5-300x169.jpg 300w, https:\/\/curva1.com.ar\/wp-content\/uploads\/2022\/05\/unnamed-1-5-768x432.jpg 768w, https:\/\/curva1.com.ar\/wp-content\/uploads\/2022\/05\/unnamed-1-5-1536x864.jpg 1536w, https:\/\/curva1.com.ar\/wp-content\/uploads\/2022\/05\/unnamed-1-5-700x394.jpg 700w\" sizes=\"auto, (max-width: 1595px) 100vw, 1595px\" \/> <img loading=\"lazy\" decoding=\"async\" class=\"aligncenter size-full wp-image-40085\" src=\"http:\/\/curva1.com.ar\/wp-content\/uploads\/2022\/05\/unnamed-3-3.jpg\" alt=\"\" width=\"1332\" height=\"749\" srcset=\"https:\/\/curva1.com.ar\/wp-content\/uploads\/2022\/05\/unnamed-3-3.jpg 1332w, https:\/\/curva1.com.ar\/wp-content\/uploads\/2022\/05\/unnamed-3-3-960x540.jpg 960w, https:\/\/curva1.com.ar\/wp-content\/uploads\/2022\/05\/unnamed-3-3-300x169.jpg 300w, https:\/\/curva1.com.ar\/wp-content\/uploads\/2022\/05\/unnamed-3-3-768x432.jpg 768w, https:\/\/curva1.com.ar\/wp-content\/uploads\/2022\/05\/unnamed-3-3-700x394.jpg 700w\" sizes=\"auto, (max-width: 1332px) 100vw, 1332px\" \/><\/p>\n","protected":false},"excerpt":{"rendered":"<p>En San Mart\u00edn se ultiman detalles y varios pilotos probaron sus autos para llegar de<\/p>\n","protected":false},"author":1,"featured_media":40083,"comment_status":"closed","ping_status":"closed","sticky":false,"template":"","format":"standard","meta":{"footnotes":""},"categories":[1],"tags":[],"class_list":["post-40082","post","type-post","status-publish","format-standard","has-post-thumbnail","hentry","category-zonal-cuyano"],"featured_image_urls":{"full":["https:\/\/curva1.com.ar\/wp-content\/uploads\/2022\/05\/unnamed-2-4.jpg",1164,655,false],"thumbnail":["https:\/\/curva1.com.ar\/wp-content\/uploads\/2022\/05\/unnamed-2-4-300x169.jpg",300,169,true],"medium":["https:\/\/curva1.com.ar\/wp-content\/uploads\/2022\/05\/unnamed-2-4-960x540.jpg",960,540,true],"medium_large":["https:\/\/curva1.com.ar\/wp-content\/uploads\/2022\/05\/unnamed-2-4-768x432.jpg",640,360,true],"large":["https:\/\/curva1.com.ar\/wp-content\/uploads\/2022\/05\/unnamed-2-4-960x540.jpg",640,360,true],"1536x1536":["https:\/\/curva1.com.ar\/wp-content\/uploads\/2022\/05\/unnamed-2-4.jpg",1164,655,false],"2048x2048":["https:\/\/curva1.com.ar\/wp-content\/uploads\/2022\/05\/unnamed-2-4.jpg",1164,655,false],"chromenews-featured":["https:\/\/curva1.com.ar\/wp-content\/uploads\/2022\/05\/unnamed-2-4.jpg",1024,576,false],"chromenews-large":["https:\/\/curva1.com.ar\/wp-content\/uploads\/2022\/05\/unnamed-2-4.jpg",825,464,false],"chromenews-medium":["https:\/\/curva1.com.ar\/wp-content\/uploads\/2022\/05\/unnamed-2-4.jpg",590,332,false]},"author_info":{"display_name":"Jos\u00e9 Bravo","author_link":"https:\/\/curva1.com.ar\/?author=1"},"category_info":"<a href=\"https:\/\/curva1.com.ar\/?cat=1\" rel=\"category\">Zonal Cuyano<\/a>","tag_info":"Zonal Cuyano","comment_count":"0","yoast_head":"<!-- This site is optimized with the Yoast SEO Premium plugin v14.7 - https:\/\/yoast.com\/wordpress\/plugins\/seo\/ -->\n<title>Varias pr\u00e1cticas en la previa del 72\u00b0 GP Vendimia - Curva 1<\/title>\n<meta name=\"robots\" content=\"index, follow\" \/>\n<meta name=\"googlebot\" content=\"index, follow, max-snippet:-1, max-image-preview:large, max-video-preview:-1\" \/>\n<meta name=\"bingbot\" content=\"index, follow, max-snippet:-1, max-image-preview:large, max-video-preview:-1\" \/>\n<link rel=\"canonical\" href=\"https:\/\/curva1.com.ar\/?p=40082\" \/>\n<meta property=\"og:locale\" content=\"en_US\" \/>\n<meta property=\"og:type\" content=\"article\" \/>\n<meta property=\"og:title\" content=\"Varias pr\u00e1cticas en la previa del 72\u00b0 GP Vendimia - Curva 1\" \/>\n<meta property=\"og:description\" content=\"En San Mart\u00edn se ultiman detalles y varios pilotos probaron sus autos para llegar de\" \/>\n<meta property=\"og:url\" content=\"https:\/\/curva1.com.ar\/?p=40082\" \/>\n<meta property=\"og:site_name\" content=\"Curva 1\" \/>\n<meta property=\"article:publisher\" content=\"https:\/\/www.facebook.com\/revistacurva1\/\" \/>\n<meta property=\"article:published_time\" content=\"2022-05-31T15:48:44+00:00\" \/>\n<meta property=\"og:image\" content=\"https:\/\/curva1.com.ar\/wp-content\/uploads\/2022\/05\/unnamed-2-4.jpg\" \/>\n\t<meta property=\"og:image:width\" content=\"1164\" \/>\n\t<meta property=\"og:image:height\" content=\"655\" \/>\n<meta property=\"fb:app_id\" content=\"1593067817533208\" \/>\n<meta name=\"twitter:card\" content=\"summary_large_image\" \/>\n<meta name=\"twitter:creator\" content=\"@curva1mendoza\" \/>\n<meta name=\"twitter:site\" content=\"@curva1mendoza\" \/>\n<script type=\"application\/ld+json\" class=\"yoast-schema-graph\">{\"@context\":\"https:\/\/schema.org\",\"@graph\":[{\"@type\":\"WebSite\",\"@id\":\"https:\/\/curva1.com.ar\/#website\",\"url\":\"https:\/\/curva1.com.ar\/\",\"name\":\"Curva 1\",\"description\":\"Automovilismo de Mendoza\",\"potentialAction\":[{\"@type\":\"SearchAction\",\"target\":\"https:\/\/curva1.com.ar\/?s={search_term_string}\",\"query-input\":\"required name=search_term_string\"}],\"inLanguage\":\"en-US\"},{\"@type\":\"ImageObject\",\"@id\":\"https:\/\/curva1.com.ar\/?p=40082#primaryimage\",\"inLanguage\":\"en-US\",\"url\":\"https:\/\/curva1.com.ar\/wp-content\/uploads\/2022\/05\/unnamed-2-4.jpg\",\"width\":1164,\"height\":655},{\"@type\":\"WebPage\",\"@id\":\"https:\/\/curva1.com.ar\/?p=40082#webpage\",\"url\":\"https:\/\/curva1.com.ar\/?p=40082\",\"name\":\"Varias pr\\u00e1cticas en la previa del 72\\u00b0 GP Vendimia - Curva 1\",\"isPartOf\":{\"@id\":\"https:\/\/curva1.com.ar\/#website\"},\"primaryImageOfPage\":{\"@id\":\"https:\/\/curva1.com.ar\/?p=40082#primaryimage\"},\"datePublished\":\"2022-05-31T15:48:44+00:00\",\"dateModified\":\"2022-05-31T15:48:44+00:00\",\"author\":{\"@id\":\"https:\/\/curva1.com.ar\/#\/schema\/person\/f5fd12984d70df7314fbd9ab42f31033\"},\"inLanguage\":\"en-US\",\"potentialAction\":[{\"@type\":\"ReadAction\",\"target\":[\"https:\/\/curva1.com.ar\/?p=40082\"]}]},{\"@type\":[\"Person\"],\"@id\":\"https:\/\/curva1.com.ar\/#\/schema\/person\/f5fd12984d70df7314fbd9ab42f31033\",\"name\":\"Jos\\u00e9 Bravo\",\"image\":{\"@type\":\"ImageObject\",\"@id\":\"https:\/\/curva1.com.ar\/#personlogo\",\"inLanguage\":\"en-US\",\"url\":\"https:\/\/secure.gravatar.com\/avatar\/3ae0b1fdc6ddeb723a6e6c23609ed39de1d40a94b8112fd2c0c2032e2dabf28b?s=96&d=identicon&r=g\",\"caption\":\"Jos\\u00e9 Bravo\"}}]}<\/script>\n<!-- \/ Yoast SEO Premium plugin. -->","_links":{"self":[{"href":"https:\/\/curva1.com.ar\/index.php?rest_route=\/wp\/v2\/posts\/40082","targetHints":{"allow":["GET"]}}],"collection":[{"href":"https:\/\/curva1.com.ar\/index.php?rest_route=\/wp\/v2\/posts"}],"about":[{"href":"https:\/\/curva1.com.ar\/index.php?rest_route=\/wp\/v2\/types\/post"}],"author":[{"embeddable":true,"href":"https:\/\/curva1.com.ar\/index.php?rest_route=\/wp\/v2\/users\/1"}],"replies":[{"embeddable":true,"href":"https:\/\/curva1.com.ar\/index.php?rest_route=%2Fwp%2Fv2%2Fcomments&post=40082"}],"version-history":[{"count":1,"href":"https:\/\/curva1.com.ar\/index.php?rest_route=\/wp\/v2\/posts\/40082\/revisions"}],"predecessor-version":[{"id":40086,"href":"https:\/\/curva1.com.ar\/index.php?rest_route=\/wp\/v2\/posts\/40082\/revisions\/40086"}],"wp:featuredmedia":[{"embeddable":true,"href":"https:\/\/curva1.com.ar\/index.php?rest_route=\/wp\/v2\/media\/40083"}],"wp:attachment":[{"href":"https:\/\/curva1.com.ar\/index.php?rest_route=%2Fwp%2Fv2%2Fmedia&parent=40082"}],"wp:term":[{"taxonomy":"category","embeddable":true,"href":"https:\/\/curva1.com.ar\/index.php?rest_route=%2Fwp%2Fv2%2Fcategories&post=40082"},{"taxonomy":"post_tag","embeddable":true,"href":"https:\/\/curva1.com.ar\/index.php?rest_route=%2Fwp%2Fv2%2Ftags&post=40082"}],"curies":[{"name":"wp","href":"https:\/\/api.w.org\/{rel}","templated":true}]}}