{"id":4014,"date":"2013-02-14T23:24:05","date_gmt":"2013-02-15T02:24:05","guid":{"rendered":"http:\/\/www.curva1.com.ar\/?p=4014"},"modified":"2013-02-15T20:45:07","modified_gmt":"2013-02-15T23:45:07","slug":"dos-autos-de-tc-cuyano-probaron-en-el-autodromo-de-san-martin","status":"publish","type":"post","link":"https:\/\/curva1.com.ar\/?p=4014","title":{"rendered":"Dos autos de TC Cuyano probaron en el aut\u00f3dromo de San Mart\u00edn"},"content":{"rendered":"<p><img loading=\"lazy\" decoding=\"async\" class=\"alignleft size-full wp-image-4015\" alt=\"P18014410481\" src=\"http:\/\/www.curva1.com.ar\/wp-content\/uploads\/2013\/02\/P18014410481.jpg\" width=\"300\" height=\"169\" \/>Fue el s\u00e1bado pasado y como preparaci\u00f3n para la temporada 2013.<\/p>\n<p>Uno de ellos fue Fabio Godoy\u00a0 con su Ford (foto) quien adem\u00e1s hoy dej\u00f3 su auto para que lo comenzar\u00e1n a plotear.<\/p>\n<p>El otro fue Eduardo L\u00f3pez (ex piloto de la Monomarca Fairlane) que gir\u00f3 en su Torino con el que prentende incorporarse a la categor\u00eda.<\/p>\n","protected":false},"excerpt":{"rendered":"<p>Fue el s\u00e1bado pasado y como preparaci\u00f3n para la temporada 2013. Uno de ellos fue<\/p>\n","protected":false},"author":1,"featured_media":4015,"comment_status":"open","ping_status":"closed","sticky":false,"template":"","format":"standard","meta":{"footnotes":""},"categories":[1],"tags":[],"class_list":["post-4014","post","type-post","status-publish","format-standard","has-post-thumbnail","hentry","category-zonal-cuyano"],"featured_image_urls":{"full":["https:\/\/curva1.com.ar\/wp-content\/uploads\/2013\/02\/P18014410481.jpg",300,169,false],"thumbnail":["https:\/\/curva1.com.ar\/wp-content\/uploads\/2013\/02\/P18014410481.jpg",300,169,false],"medium":["https:\/\/curva1.com.ar\/wp-content\/uploads\/2013\/02\/P18014410481.jpg",300,169,false],"medium_large":["https:\/\/curva1.com.ar\/wp-content\/uploads\/2013\/02\/P18014410481.jpg",300,169,false],"large":["https:\/\/curva1.com.ar\/wp-content\/uploads\/2013\/02\/P18014410481.jpg",300,169,false],"1536x1536":["https:\/\/curva1.com.ar\/wp-content\/uploads\/2013\/02\/P18014410481.jpg",300,169,false],"2048x2048":["https:\/\/curva1.com.ar\/wp-content\/uploads\/2013\/02\/P18014410481.jpg",300,169,false],"chromenews-featured":["https:\/\/curva1.com.ar\/wp-content\/uploads\/2013\/02\/P18014410481.jpg",300,169,false],"chromenews-large":["https:\/\/curva1.com.ar\/wp-content\/uploads\/2013\/02\/P18014410481.jpg",300,169,false],"chromenews-medium":["https:\/\/curva1.com.ar\/wp-content\/uploads\/2013\/02\/P18014410481.jpg",300,169,false]},"author_info":{"display_name":"Jos\u00e9 Bravo","author_link":"https:\/\/curva1.com.ar\/?author=1"},"category_info":"<a href=\"https:\/\/curva1.com.ar\/?cat=1\" rel=\"category\">Zonal Cuyano<\/a>","tag_info":"Zonal Cuyano","comment_count":"0","_links":{"self":[{"href":"https:\/\/curva1.com.ar\/index.php?rest_route=\/wp\/v2\/posts\/4014","targetHints":{"allow":["GET"]}}],"collection":[{"href":"https:\/\/curva1.com.ar\/index.php?rest_route=\/wp\/v2\/posts"}],"about":[{"href":"https:\/\/curva1.com.ar\/index.php?rest_route=\/wp\/v2\/types\/post"}],"author":[{"embeddable":true,"href":"https:\/\/curva1.com.ar\/index.php?rest_route=\/wp\/v2\/users\/1"}],"replies":[{"embeddable":true,"href":"https:\/\/curva1.com.ar\/index.php?rest_route=%2Fwp%2Fv2%2Fcomments&post=4014"}],"version-history":[{"count":4,"href":"https:\/\/curva1.com.ar\/index.php?rest_route=\/wp\/v2\/posts\/4014\/revisions"}],"predecessor-version":[{"id":4017,"href":"https:\/\/curva1.com.ar\/index.php?rest_route=\/wp\/v2\/posts\/4014\/revisions\/4017"}],"wp:featuredmedia":[{"embeddable":true,"href":"https:\/\/curva1.com.ar\/index.php?rest_route=\/wp\/v2\/media\/4015"}],"wp:attachment":[{"href":"https:\/\/curva1.com.ar\/index.php?rest_route=%2Fwp%2Fv2%2Fmedia&parent=4014"}],"wp:term":[{"taxonomy":"category","embeddable":true,"href":"https:\/\/curva1.com.ar\/index.php?rest_route=%2Fwp%2Fv2%2Fcategories&post=4014"},{"taxonomy":"post_tag","embeddable":true,"href":"https:\/\/curva1.com.ar\/index.php?rest_route=%2Fwp%2Fv2%2Ftags&post=4014"}],"curies":[{"name":"wp","href":"https:\/\/api.w.org\/{rel}","templated":true}]}}