{"id":40307,"date":"2022-08-02T17:33:22","date_gmt":"2022-08-02T20:33:22","guid":{"rendered":"http:\/\/curva1.com.ar\/?p=40307"},"modified":"2022-08-02T17:33:22","modified_gmt":"2022-08-02T20:33:22","slug":"enorme-podio-de-gaby-bombini-en-san-juan-villicum","status":"publish","type":"post","link":"https:\/\/curva1.com.ar\/?p=40307","title":{"rendered":"Enorme podio de Gaby Bombini en San Juan Villicum"},"content":{"rendered":"<p><img loading=\"lazy\" decoding=\"async\" class=\"aligncenter size-full wp-image-40308\" src=\"http:\/\/curva1.com.ar\/wp-content\/uploads\/2022\/08\/unnamed-9.jpg\" alt=\"\" width=\"1240\" height=\"821\" srcset=\"https:\/\/curva1.com.ar\/wp-content\/uploads\/2022\/08\/unnamed-9.jpg 1240w, https:\/\/curva1.com.ar\/wp-content\/uploads\/2022\/08\/unnamed-9-816x540.jpg 816w, https:\/\/curva1.com.ar\/wp-content\/uploads\/2022\/08\/unnamed-9-768x508.jpg 768w\" sizes=\"auto, (max-width: 1240px) 100vw, 1240px\" \/><\/p>\n<p>El\u00a0<strong>Zonal Cuyano\u00a0<\/strong>disput\u00f3 la quinta fecha de su campeonato en el aut\u00f3dromo<strong>\u00a0El Villicum<\/strong>\u00a0de San Juan y all\u00ed\u00a0<strong>Gabriel Bombini\u00a0<\/strong>se luci\u00f3 logrando su primer podio dentro de la competitiva\u00a0<strong>Clase 2<\/strong>.<\/p>\n<p>El piloto de Las Heras, al mando del\u00a0<strong>Renault Clio<\/strong>\u00a0atendido por el equipo de\u00a0<strong>Nicol\u00e1s Magad\u00e1n<\/strong>, redonde\u00f3 un gran fin de semana siendo siempre protagonista.<\/p>\n<p>Despu\u00e9s de haber quedado en el top cinco en los entrenamientos,\u00a0<em><strong>Gaby\u00a0<\/strong><\/em>sufri\u00f3 con la puesta a punto y en la clasificaci\u00f3n se vio retrasado a la P12, lo cual hizo que partiera sexto en su bater\u00eda. Y desde comenz\u00f3 a construir\u00a0<strong>una gran tarea\u00a0<\/strong>ya que culmin\u00f3 cuarto la bater\u00eda.<\/p>\n<p>En la final parti\u00f3 desde la octava posici\u00f3n y en base a un ritmo b\u00e1rbaro fue avanzando con contundencia hasta llegar al\u00a0<strong>segundo lugar<\/strong>\u00a0y as\u00ed recibir la bandera a cuadros. Un resultado que le depara un gran porvenir en una categor\u00eda ultra competitiva y en la que quiere pelear cosas grandes.<\/p>\n<p>\u201c<em>Estoy inmensamente feliz por lo logrado y la verdad que nos llena de energ\u00eda a futuro. La clasificaci\u00f3n nos condicion\u00f3 much\u00edsimo, porque con el auto que ten\u00eda estoy seguro que estaba para ganar de haber largado un poco m\u00e1s adelante. De todos modos para nosotros esto es un gran resultado y lo disfrutamos much\u00edsimo. Quiero compartir esta alegr\u00eda con mis amigos, con mi grupo incondicional de sponsors, con los chicos del equipo a quien estoy muy agradecido y puntualmente con mi familia sobre todo mi pap\u00e1 Eduardo. La dedicatoria especial es a la memoria de mi abuelo Tito ya que me acord\u00e9 mucho de \u00e9l cuando me bajaron la bandera\u201d<\/em>, manifest\u00f3 claramente emocionado Gabriel.<\/p>\n<p>El pr\u00f3ximo desaf\u00edo para\u00a0<strong>Bombini\u00a0<\/strong>en el\u00a0<strong>Zonal Cuyano<\/strong>\u00a0ser\u00e1 el 3 y 4 de septiembre en\u00a0<strong>San Mart\u00edn<\/strong>, cuando se dispute la sexta fecha de la temporada.<\/p>\n<p><img loading=\"lazy\" decoding=\"async\" class=\"aligncenter size-full wp-image-40309\" src=\"http:\/\/curva1.com.ar\/wp-content\/uploads\/2022\/08\/unnamed-10.jpg\" alt=\"\" width=\"1240\" height=\"667\" srcset=\"https:\/\/curva1.com.ar\/wp-content\/uploads\/2022\/08\/unnamed-10.jpg 1240w, https:\/\/curva1.com.ar\/wp-content\/uploads\/2022\/08\/unnamed-10-960x516.jpg 960w, https:\/\/curva1.com.ar\/wp-content\/uploads\/2022\/08\/unnamed-10-768x413.jpg 768w\" sizes=\"auto, (max-width: 1240px) 100vw, 1240px\" \/> <img loading=\"lazy\" decoding=\"async\" class=\"aligncenter size-full wp-image-40310\" src=\"http:\/\/curva1.com.ar\/wp-content\/uploads\/2022\/08\/unnamed-8.jpg\" alt=\"\" width=\"1240\" height=\"651\" srcset=\"https:\/\/curva1.com.ar\/wp-content\/uploads\/2022\/08\/unnamed-8.jpg 1240w, https:\/\/curva1.com.ar\/wp-content\/uploads\/2022\/08\/unnamed-8-960x504.jpg 960w, https:\/\/curva1.com.ar\/wp-content\/uploads\/2022\/08\/unnamed-8-768x403.jpg 768w\" sizes=\"auto, (max-width: 1240px) 100vw, 1240px\" \/> <img loading=\"lazy\" decoding=\"async\" class=\"aligncenter size-full wp-image-40311\" src=\"http:\/\/curva1.com.ar\/wp-content\/uploads\/2022\/08\/unnamed-7.jpg\" alt=\"\" width=\"1240\" height=\"821\" srcset=\"https:\/\/curva1.com.ar\/wp-content\/uploads\/2022\/08\/unnamed-7.jpg 1240w, https:\/\/curva1.com.ar\/wp-content\/uploads\/2022\/08\/unnamed-7-816x540.jpg 816w, https:\/\/curva1.com.ar\/wp-content\/uploads\/2022\/08\/unnamed-7-768x508.jpg 768w\" sizes=\"auto, (max-width: 1240px) 100vw, 1240px\" \/> <img loading=\"lazy\" decoding=\"async\" class=\"aligncenter size-full wp-image-40312\" src=\"http:\/\/curva1.com.ar\/wp-content\/uploads\/2022\/08\/unnamed-6.jpg\" alt=\"\" width=\"1240\" height=\"821\" srcset=\"https:\/\/curva1.com.ar\/wp-content\/uploads\/2022\/08\/unnamed-6.jpg 1240w, https:\/\/curva1.com.ar\/wp-content\/uploads\/2022\/08\/unnamed-6-816x540.jpg 816w, https:\/\/curva1.com.ar\/wp-content\/uploads\/2022\/08\/unnamed-6-768x508.jpg 768w\" sizes=\"auto, (max-width: 1240px) 100vw, 1240px\" \/> <img loading=\"lazy\" decoding=\"async\" class=\"aligncenter size-full wp-image-40313\" src=\"http:\/\/curva1.com.ar\/wp-content\/uploads\/2022\/08\/unnamed-5.jpg\" alt=\"\" width=\"1240\" height=\"821\" srcset=\"https:\/\/curva1.com.ar\/wp-content\/uploads\/2022\/08\/unnamed-5.jpg 1240w, https:\/\/curva1.com.ar\/wp-content\/uploads\/2022\/08\/unnamed-5-816x540.jpg 816w, https:\/\/curva1.com.ar\/wp-content\/uploads\/2022\/08\/unnamed-5-768x508.jpg 768w\" sizes=\"auto, (max-width: 1240px) 100vw, 1240px\" \/><\/p>\n","protected":false},"excerpt":{"rendered":"<p>El\u00a0Zonal Cuyano\u00a0disput\u00f3 la quinta fecha de su campeonato en el aut\u00f3dromo\u00a0El Villicum\u00a0de San Juan y<\/p>\n","protected":false},"author":1,"featured_media":40313,"comment_status":"closed","ping_status":"closed","sticky":false,"template":"","format":"standard","meta":{"footnotes":""},"categories":[1],"tags":[],"class_list":["post-40307","post","type-post","status-publish","format-standard","has-post-thumbnail","hentry","category-zonal-cuyano"],"featured_image_urls":{"full":["https:\/\/curva1.com.ar\/wp-content\/uploads\/2022\/08\/unnamed-5.jpg",1240,821,false],"thumbnail":["https:\/\/curva1.com.ar\/wp-content\/uploads\/2022\/08\/unnamed-5-300x169.jpg",300,169,true],"medium":["https:\/\/curva1.com.ar\/wp-content\/uploads\/2022\/08\/unnamed-5-816x540.jpg",816,540,true],"medium_large":["https:\/\/curva1.com.ar\/wp-content\/uploads\/2022\/08\/unnamed-5-768x508.jpg",640,423,true],"large":["https:\/\/curva1.com.ar\/wp-content\/uploads\/2022\/08\/unnamed-5-816x540.jpg",640,424,true],"1536x1536":["https:\/\/curva1.com.ar\/wp-content\/uploads\/2022\/08\/unnamed-5.jpg",1240,821,false],"2048x2048":["https:\/\/curva1.com.ar\/wp-content\/uploads\/2022\/08\/unnamed-5.jpg",1240,821,false],"chromenews-featured":["https:\/\/curva1.com.ar\/wp-content\/uploads\/2022\/08\/unnamed-5.jpg",1024,678,false],"chromenews-large":["https:\/\/curva1.com.ar\/wp-content\/uploads\/2022\/08\/unnamed-5.jpg",825,546,false],"chromenews-medium":["https:\/\/curva1.com.ar\/wp-content\/uploads\/2022\/08\/unnamed-5.jpg",590,391,false]},"author_info":{"display_name":"Jos\u00e9 Bravo","author_link":"https:\/\/curva1.com.ar\/?author=1"},"category_info":"<a href=\"https:\/\/curva1.com.ar\/?cat=1\" rel=\"category\">Zonal Cuyano<\/a>","tag_info":"Zonal Cuyano","comment_count":"0","yoast_head":"<!-- This site is optimized with the Yoast SEO Premium plugin v14.7 - https:\/\/yoast.com\/wordpress\/plugins\/seo\/ -->\n<title>Enorme podio de Gaby Bombini en San Juan Villicum - Curva 1<\/title>\n<meta name=\"robots\" content=\"index, follow\" \/>\n<meta name=\"googlebot\" content=\"index, follow, max-snippet:-1, max-image-preview:large, max-video-preview:-1\" \/>\n<meta name=\"bingbot\" content=\"index, follow, max-snippet:-1, max-image-preview:large, max-video-preview:-1\" \/>\n<link rel=\"canonical\" href=\"https:\/\/curva1.com.ar\/?p=40307\" \/>\n<meta property=\"og:locale\" content=\"en_US\" \/>\n<meta property=\"og:type\" content=\"article\" \/>\n<meta property=\"og:title\" content=\"Enorme podio de Gaby Bombini en San Juan Villicum - Curva 1\" \/>\n<meta property=\"og:description\" content=\"El\u00a0Zonal Cuyano\u00a0disput\u00f3 la quinta fecha de su campeonato en el aut\u00f3dromo\u00a0El Villicum\u00a0de San Juan y\" \/>\n<meta property=\"og:url\" content=\"https:\/\/curva1.com.ar\/?p=40307\" \/>\n<meta property=\"og:site_name\" content=\"Curva 1\" \/>\n<meta property=\"article:publisher\" content=\"https:\/\/www.facebook.com\/revistacurva1\/\" \/>\n<meta property=\"article:published_time\" content=\"2022-08-02T20:33:22+00:00\" \/>\n<meta property=\"og:image\" content=\"https:\/\/curva1.com.ar\/wp-content\/uploads\/2022\/08\/unnamed-5.jpg\" \/>\n\t<meta property=\"og:image:width\" content=\"1240\" \/>\n\t<meta property=\"og:image:height\" content=\"821\" \/>\n<meta property=\"fb:app_id\" content=\"1593067817533208\" \/>\n<meta name=\"twitter:card\" content=\"summary_large_image\" \/>\n<meta name=\"twitter:creator\" content=\"@curva1mendoza\" \/>\n<meta name=\"twitter:site\" content=\"@curva1mendoza\" \/>\n<script type=\"application\/ld+json\" class=\"yoast-schema-graph\">{\"@context\":\"https:\/\/schema.org\",\"@graph\":[{\"@type\":\"WebSite\",\"@id\":\"https:\/\/curva1.com.ar\/#website\",\"url\":\"https:\/\/curva1.com.ar\/\",\"name\":\"Curva 1\",\"description\":\"Automovilismo de Mendoza\",\"potentialAction\":[{\"@type\":\"SearchAction\",\"target\":\"https:\/\/curva1.com.ar\/?s={search_term_string}\",\"query-input\":\"required name=search_term_string\"}],\"inLanguage\":\"en-US\"},{\"@type\":\"ImageObject\",\"@id\":\"https:\/\/curva1.com.ar\/?p=40307#primaryimage\",\"inLanguage\":\"en-US\",\"url\":\"https:\/\/curva1.com.ar\/wp-content\/uploads\/2022\/08\/unnamed-5.jpg\",\"width\":1240,\"height\":821},{\"@type\":\"WebPage\",\"@id\":\"https:\/\/curva1.com.ar\/?p=40307#webpage\",\"url\":\"https:\/\/curva1.com.ar\/?p=40307\",\"name\":\"Enorme podio de Gaby Bombini en San Juan Villicum - Curva 1\",\"isPartOf\":{\"@id\":\"https:\/\/curva1.com.ar\/#website\"},\"primaryImageOfPage\":{\"@id\":\"https:\/\/curva1.com.ar\/?p=40307#primaryimage\"},\"datePublished\":\"2022-08-02T20:33:22+00:00\",\"dateModified\":\"2022-08-02T20:33:22+00:00\",\"author\":{\"@id\":\"https:\/\/curva1.com.ar\/#\/schema\/person\/f5fd12984d70df7314fbd9ab42f31033\"},\"inLanguage\":\"en-US\",\"potentialAction\":[{\"@type\":\"ReadAction\",\"target\":[\"https:\/\/curva1.com.ar\/?p=40307\"]}]},{\"@type\":[\"Person\"],\"@id\":\"https:\/\/curva1.com.ar\/#\/schema\/person\/f5fd12984d70df7314fbd9ab42f31033\",\"name\":\"Jos\\u00e9 Bravo\",\"image\":{\"@type\":\"ImageObject\",\"@id\":\"https:\/\/curva1.com.ar\/#personlogo\",\"inLanguage\":\"en-US\",\"url\":\"https:\/\/secure.gravatar.com\/avatar\/3ae0b1fdc6ddeb723a6e6c23609ed39de1d40a94b8112fd2c0c2032e2dabf28b?s=96&d=identicon&r=g\",\"caption\":\"Jos\\u00e9 Bravo\"}}]}<\/script>\n<!-- \/ Yoast SEO Premium plugin. -->","_links":{"self":[{"href":"https:\/\/curva1.com.ar\/index.php?rest_route=\/wp\/v2\/posts\/40307","targetHints":{"allow":["GET"]}}],"collection":[{"href":"https:\/\/curva1.com.ar\/index.php?rest_route=\/wp\/v2\/posts"}],"about":[{"href":"https:\/\/curva1.com.ar\/index.php?rest_route=\/wp\/v2\/types\/post"}],"author":[{"embeddable":true,"href":"https:\/\/curva1.com.ar\/index.php?rest_route=\/wp\/v2\/users\/1"}],"replies":[{"embeddable":true,"href":"https:\/\/curva1.com.ar\/index.php?rest_route=%2Fwp%2Fv2%2Fcomments&post=40307"}],"version-history":[{"count":1,"href":"https:\/\/curva1.com.ar\/index.php?rest_route=\/wp\/v2\/posts\/40307\/revisions"}],"predecessor-version":[{"id":40314,"href":"https:\/\/curva1.com.ar\/index.php?rest_route=\/wp\/v2\/posts\/40307\/revisions\/40314"}],"wp:featuredmedia":[{"embeddable":true,"href":"https:\/\/curva1.com.ar\/index.php?rest_route=\/wp\/v2\/media\/40313"}],"wp:attachment":[{"href":"https:\/\/curva1.com.ar\/index.php?rest_route=%2Fwp%2Fv2%2Fmedia&parent=40307"}],"wp:term":[{"taxonomy":"category","embeddable":true,"href":"https:\/\/curva1.com.ar\/index.php?rest_route=%2Fwp%2Fv2%2Fcategories&post=40307"},{"taxonomy":"post_tag","embeddable":true,"href":"https:\/\/curva1.com.ar\/index.php?rest_route=%2Fwp%2Fv2%2Ftags&post=40307"}],"curies":[{"name":"wp","href":"https:\/\/api.w.org\/{rel}","templated":true}]}}