{"id":4054,"date":"2013-02-18T12:28:04","date_gmt":"2013-02-18T15:28:04","guid":{"rendered":"http:\/\/www.curva1.com.ar\/?p=4054"},"modified":"2013-02-18T12:28:04","modified_gmt":"2013-02-18T15:28:04","slug":"julian-flamarique-se-salio-la-goma-trasera-y-me-dejo-a-pie","status":"publish","type":"post","link":"https:\/\/curva1.com.ar\/?p=4054","title":{"rendered":"Juli\u00e1n Flamarique: \u201cSe sali\u00f3 la goma trasera y me dej\u00f3 a pie\u201d"},"content":{"rendered":"<p><img loading=\"lazy\" decoding=\"async\" class=\"aligncenter size-full wp-image-4055\" alt=\"823380_10152581713350113_1283554263_o\" src=\"http:\/\/www.curva1.com.ar\/wp-content\/uploads\/2013\/02\/823380_10152581713350113_1283554263_o.jpg\" width=\"500\" height=\"281\" srcset=\"https:\/\/curva1.com.ar\/wp-content\/uploads\/2013\/02\/823380_10152581713350113_1283554263_o.jpg 500w, https:\/\/curva1.com.ar\/wp-content\/uploads\/2013\/02\/823380_10152581713350113_1283554263_o-300x169.jpg 300w\" sizes=\"auto, (max-width: 500px) 100vw, 500px\" \/><\/p>\n<p>El piloto de Godoy Cruz podr\u00eda haber estado entre los pilotos del equipo Vittar que subieron al podio, despu\u00e9s de haber recuperado posiciones en las series. Pero no pudo terminar la carrera y qued\u00f3 en el puesto 32.<\/p>\n<p><strong>\u201cFue una pena porque en la serie largamos 8\u00b0 y termin\u00e9 4\u00b0. En la final largu\u00e9 7\u00b0 y peleamos en el 5\u00b0 puesto en la carrera. Con Moriatis complicado y Estivill largando humo podr\u00edamos haber aspirado a un tercero lugar, como m\u00ednimo. Pero se me corto los radios de una llanta, se sali\u00f3 la goma trasera y me dejo a pie. Todav\u00eda quedan 11 fechas y creo que en otros circuitos podemos andar mejor\u201d.<\/strong><\/p>\n<p>Los Andes.<\/p>\n","protected":false},"excerpt":{"rendered":"<p>El piloto de Godoy Cruz podr\u00eda haber estado entre los pilotos del equipo Vittar que<\/p>\n","protected":false},"author":1,"featured_media":4055,"comment_status":"open","ping_status":"closed","sticky":false,"template":"","format":"standard","meta":{"footnotes":""},"categories":[6],"tags":[],"class_list":["post-4054","post","type-post","status-publish","format-standard","has-post-thumbnail","hentry","category-nacionales"],"featured_image_urls":{"full":["https:\/\/curva1.com.ar\/wp-content\/uploads\/2013\/02\/823380_10152581713350113_1283554263_o.jpg",500,281,false],"thumbnail":["https:\/\/curva1.com.ar\/wp-content\/uploads\/2013\/02\/823380_10152581713350113_1283554263_o-300x169.jpg",300,169,true],"medium":["https:\/\/curva1.com.ar\/wp-content\/uploads\/2013\/02\/823380_10152581713350113_1283554263_o.jpg",500,281,false],"medium_large":["https:\/\/curva1.com.ar\/wp-content\/uploads\/2013\/02\/823380_10152581713350113_1283554263_o.jpg",500,281,false],"large":["https:\/\/curva1.com.ar\/wp-content\/uploads\/2013\/02\/823380_10152581713350113_1283554263_o.jpg",500,281,false],"1536x1536":["https:\/\/curva1.com.ar\/wp-content\/uploads\/2013\/02\/823380_10152581713350113_1283554263_o.jpg",500,281,false],"2048x2048":["https:\/\/curva1.com.ar\/wp-content\/uploads\/2013\/02\/823380_10152581713350113_1283554263_o.jpg",500,281,false],"chromenews-featured":["https:\/\/curva1.com.ar\/wp-content\/uploads\/2013\/02\/823380_10152581713350113_1283554263_o.jpg",500,281,false],"chromenews-large":["https:\/\/curva1.com.ar\/wp-content\/uploads\/2013\/02\/823380_10152581713350113_1283554263_o.jpg",500,281,false],"chromenews-medium":["https:\/\/curva1.com.ar\/wp-content\/uploads\/2013\/02\/823380_10152581713350113_1283554263_o.jpg",500,281,false]},"author_info":{"display_name":"Jos\u00e9 Bravo","author_link":"https:\/\/curva1.com.ar\/?author=1"},"category_info":"<a href=\"https:\/\/curva1.com.ar\/?cat=6\" rel=\"category\">Nacionales<\/a>","tag_info":"Nacionales","comment_count":"0","_links":{"self":[{"href":"https:\/\/curva1.com.ar\/index.php?rest_route=\/wp\/v2\/posts\/4054","targetHints":{"allow":["GET"]}}],"collection":[{"href":"https:\/\/curva1.com.ar\/index.php?rest_route=\/wp\/v2\/posts"}],"about":[{"href":"https:\/\/curva1.com.ar\/index.php?rest_route=\/wp\/v2\/types\/post"}],"author":[{"embeddable":true,"href":"https:\/\/curva1.com.ar\/index.php?rest_route=\/wp\/v2\/users\/1"}],"replies":[{"embeddable":true,"href":"https:\/\/curva1.com.ar\/index.php?rest_route=%2Fwp%2Fv2%2Fcomments&post=4054"}],"version-history":[{"count":2,"href":"https:\/\/curva1.com.ar\/index.php?rest_route=\/wp\/v2\/posts\/4054\/revisions"}],"predecessor-version":[{"id":4057,"href":"https:\/\/curva1.com.ar\/index.php?rest_route=\/wp\/v2\/posts\/4054\/revisions\/4057"}],"wp:featuredmedia":[{"embeddable":true,"href":"https:\/\/curva1.com.ar\/index.php?rest_route=\/wp\/v2\/media\/4055"}],"wp:attachment":[{"href":"https:\/\/curva1.com.ar\/index.php?rest_route=%2Fwp%2Fv2%2Fmedia&parent=4054"}],"wp:term":[{"taxonomy":"category","embeddable":true,"href":"https:\/\/curva1.com.ar\/index.php?rest_route=%2Fwp%2Fv2%2Fcategories&post=4054"},{"taxonomy":"post_tag","embeddable":true,"href":"https:\/\/curva1.com.ar\/index.php?rest_route=%2Fwp%2Fv2%2Ftags&post=4054"}],"curies":[{"name":"wp","href":"https:\/\/api.w.org\/{rel}","templated":true}]}}