{"id":4064,"date":"2013-02-18T21:36:02","date_gmt":"2013-02-19T00:36:02","guid":{"rendered":"http:\/\/www.curva1.com.ar\/?p=4064"},"modified":"2013-02-18T23:53:13","modified_gmt":"2013-02-19T02:53:13","slug":"javier-mesa-y-ariel-martinez-triunfaron-en-la-sexta-del-speedway-el-santo","status":"publish","type":"post","link":"https:\/\/curva1.com.ar\/?p=4064","title":{"rendered":"Mesa y Mart\u00ednez triunfaron en la sexta del Speedway El Santo"},"content":{"rendered":"<p><img loading=\"lazy\" decoding=\"async\" class=\"aligncenter size-full wp-image-4065\" alt=\"IMG_6374\" src=\"http:\/\/www.curva1.com.ar\/wp-content\/uploads\/2013\/02\/IMG_6374.jpg\" width=\"500\" height=\"281\" srcset=\"https:\/\/curva1.com.ar\/wp-content\/uploads\/2013\/02\/IMG_6374.jpg 500w, https:\/\/curva1.com.ar\/wp-content\/uploads\/2013\/02\/IMG_6374-300x169.jpg 300w\" sizes=\"auto, (max-width: 500px) 100vw, 500px\" \/><\/p>\n<p>Anoche se llev\u00f3 a cabo una nueva fecha del speedway El Santo donde hubo carreras entretenidas en todas sus categor\u00edas. No se cont\u00f3 con el espect\u00e1culo del supercross.<\/p>\n<p>En la categor\u00eda de autos 850 la final fue para Javier Mesa, seguido por Sergio Segura, Mauro G\u00f3mez de la Torre, Juan Adrover, Dar\u00edo Dur\u00e1n y Marcelo Moreno. Fue una carrera con muchos roces y choques.<\/p>\n<p>En la categor\u00eda Speedweros triunf\u00f3 Ariel Mart\u00ednez<img loading=\"lazy\" decoding=\"async\" class=\"aligncenter size-full wp-image-4087\" alt=\"IMd19\" src=\"http:\/\/www.curva1.com.ar\/wp-content\/uploads\/2013\/02\/IMd19.jpg\" width=\"500\" height=\"281\" srcset=\"https:\/\/curva1.com.ar\/wp-content\/uploads\/2013\/02\/IMd19.jpg 500w, https:\/\/curva1.com.ar\/wp-content\/uploads\/2013\/02\/IMd19-300x169.jpg 300w\" sizes=\"auto, (max-width: 500px) 100vw, 500px\" \/>, escoltado por Flavio Mart\u00ednez, Popa Catai, Willy S\u00e1nchez y Adri\u00e1n De Carolis. En la primera vuelta hubo bandera roja por el vuelco de Federico Catai. Luego hubo otra bandera roja por un acciente entre los hermanos Torrent (<a href=\"http:\/\/www.curva1.com.ar\/?p=4075\" target=\"_blank\"><strong>ver aparte<\/strong><\/a>) donde hubo una demora de dos vueltas para sacar la bandera roja y parar la competencia.<\/p>\n<p>No contamos con las clasificaciones de motos.<\/p>\n<p><img loading=\"lazy\" decoding=\"async\" class=\"aligncenter size-full wp-image-4067\" alt=\"IMG_6394\" src=\"http:\/\/www.curva1.com.ar\/wp-content\/uploads\/2013\/02\/IMG_6394.jpg\" width=\"500\" height=\"281\" srcset=\"https:\/\/curva1.com.ar\/wp-content\/uploads\/2013\/02\/IMG_6394.jpg 500w, https:\/\/curva1.com.ar\/wp-content\/uploads\/2013\/02\/IMG_6394-300x169.jpg 300w\" sizes=\"auto, (max-width: 500px) 100vw, 500px\" \/><\/p>\n<p>&nbsp;<\/p>\n","protected":false},"excerpt":{"rendered":"<p>Anoche se llev\u00f3 a cabo una nueva fecha del speedway El Santo donde hubo carreras<\/p>\n","protected":false},"author":1,"featured_media":4065,"comment_status":"open","ping_status":"closed","sticky":false,"template":"","format":"standard","meta":{"footnotes":""},"categories":[5],"tags":[],"class_list":["post-4064","post","type-post","status-publish","format-standard","has-post-thumbnail","hentry","category-speedway"],"featured_image_urls":{"full":["https:\/\/curva1.com.ar\/wp-content\/uploads\/2013\/02\/IMG_6374.jpg",500,281,false],"thumbnail":["https:\/\/curva1.com.ar\/wp-content\/uploads\/2013\/02\/IMG_6374-300x169.jpg",300,169,true],"medium":["https:\/\/curva1.com.ar\/wp-content\/uploads\/2013\/02\/IMG_6374.jpg",500,281,false],"medium_large":["https:\/\/curva1.com.ar\/wp-content\/uploads\/2013\/02\/IMG_6374.jpg",500,281,false],"large":["https:\/\/curva1.com.ar\/wp-content\/uploads\/2013\/02\/IMG_6374.jpg",500,281,false],"1536x1536":["https:\/\/curva1.com.ar\/wp-content\/uploads\/2013\/02\/IMG_6374.jpg",500,281,false],"2048x2048":["https:\/\/curva1.com.ar\/wp-content\/uploads\/2013\/02\/IMG_6374.jpg",500,281,false],"chromenews-featured":["https:\/\/curva1.com.ar\/wp-content\/uploads\/2013\/02\/IMG_6374.jpg",500,281,false],"chromenews-large":["https:\/\/curva1.com.ar\/wp-content\/uploads\/2013\/02\/IMG_6374.jpg",500,281,false],"chromenews-medium":["https:\/\/curva1.com.ar\/wp-content\/uploads\/2013\/02\/IMG_6374.jpg",500,281,false]},"author_info":{"display_name":"Jos\u00e9 Bravo","author_link":"https:\/\/curva1.com.ar\/?author=1"},"category_info":"<a href=\"https:\/\/curva1.com.ar\/?cat=5\" rel=\"category\">Speedway<\/a>","tag_info":"Speedway","comment_count":"0","_links":{"self":[{"href":"https:\/\/curva1.com.ar\/index.php?rest_route=\/wp\/v2\/posts\/4064","targetHints":{"allow":["GET"]}}],"collection":[{"href":"https:\/\/curva1.com.ar\/index.php?rest_route=\/wp\/v2\/posts"}],"about":[{"href":"https:\/\/curva1.com.ar\/index.php?rest_route=\/wp\/v2\/types\/post"}],"author":[{"embeddable":true,"href":"https:\/\/curva1.com.ar\/index.php?rest_route=\/wp\/v2\/users\/1"}],"replies":[{"embeddable":true,"href":"https:\/\/curva1.com.ar\/index.php?rest_route=%2Fwp%2Fv2%2Fcomments&post=4064"}],"version-history":[{"count":5,"href":"https:\/\/curva1.com.ar\/index.php?rest_route=\/wp\/v2\/posts\/4064\/revisions"}],"predecessor-version":[{"id":4088,"href":"https:\/\/curva1.com.ar\/index.php?rest_route=\/wp\/v2\/posts\/4064\/revisions\/4088"}],"wp:featuredmedia":[{"embeddable":true,"href":"https:\/\/curva1.com.ar\/index.php?rest_route=\/wp\/v2\/media\/4065"}],"wp:attachment":[{"href":"https:\/\/curva1.com.ar\/index.php?rest_route=%2Fwp%2Fv2%2Fmedia&parent=4064"}],"wp:term":[{"taxonomy":"category","embeddable":true,"href":"https:\/\/curva1.com.ar\/index.php?rest_route=%2Fwp%2Fv2%2Fcategories&post=4064"},{"taxonomy":"post_tag","embeddable":true,"href":"https:\/\/curva1.com.ar\/index.php?rest_route=%2Fwp%2Fv2%2Ftags&post=4064"}],"curies":[{"name":"wp","href":"https:\/\/api.w.org\/{rel}","templated":true}]}}