{"id":40802,"date":"2022-12-01T10:00:09","date_gmt":"2022-12-01T13:00:09","guid":{"rendered":"http:\/\/curva1.com.ar\/?p=40802"},"modified":"2022-12-01T12:00:16","modified_gmt":"2022-12-01T15:00:16","slug":"franco-pandolfino-grito-campeon-en-el-superbike-brasil","status":"publish","type":"post","link":"https:\/\/curva1.com.ar\/?p=40802","title":{"rendered":"Franco Pandolfino grit\u00f3 &#8220;Campe\u00f3n&#8221; en el Superbike Brasil"},"content":{"rendered":"<p><img loading=\"lazy\" decoding=\"async\" class=\"aligncenter size-full wp-image-40803\" src=\"http:\/\/curva1.com.ar\/wp-content\/uploads\/2022\/12\/WhatsApp-Image-2022-11-27-at-21.10.08.jpeg\" alt=\"\" width=\"1600\" height=\"1066\" srcset=\"https:\/\/curva1.com.ar\/wp-content\/uploads\/2022\/12\/WhatsApp-Image-2022-11-27-at-21.10.08.jpeg 1600w, https:\/\/curva1.com.ar\/wp-content\/uploads\/2022\/12\/WhatsApp-Image-2022-11-27-at-21.10.08-811x540.jpeg 811w, https:\/\/curva1.com.ar\/wp-content\/uploads\/2022\/12\/WhatsApp-Image-2022-11-27-at-21.10.08-768x512.jpeg 768w, https:\/\/curva1.com.ar\/wp-content\/uploads\/2022\/12\/WhatsApp-Image-2022-11-27-at-21.10.08-1536x1023.jpeg 1536w\" sizes=\"auto, (max-width: 1600px) 100vw, 1600px\" \/><\/p>\n<p>El piloto de Mendoza se qued\u00f3 con todos los laureles tras un espectacular fin de semana disputado en Interlagos. Emoci\u00f3n plena en el equipo Luvizotto Racing Team.<\/p>\n<p>El mendocino Franco Pandolfino se qued\u00f3 con el t\u00edtulo del Superbike de Brasil, tras ganar en la \u00faltima etapa del certamen disputada en el circuito internacional de Interlagos. Lo hizo en la categor\u00eda Supersport 600 Pro Evolution.<\/p>\n<p>Dicen que \u201ccampe\u00f3n se nace, no se hace\u201d. Justamente, aquel vencedor de temporadas atr\u00e1s en la 600 volvi\u00f3 a escribir su nombre entre los mejores pilotos del continente y en un trazado con tanta historia como en el de esta ocasi\u00f3n.<\/p>\n<p>El a\u00f1o estuvo lleno de pruebas y los campeones est\u00e1n para eso, para enfrentarlas a todas y saber superarlas con sacrificio y la cabeza fr\u00eda. No hubo cuesti\u00f3n que impidiera que el \u201cTurbo\u201d Pandolfino no la dejara en el camino, por lo que es m\u00e1s que merecida la victoria.<\/p>\n<p>Esta fecha no fue la excepci\u00f3n, porque el lasherino sali\u00f3 convencido de la provincia en que esta era la oportunidad de recuperar los laureles perdidos. Desde la clasificaci\u00f3n se vio a un deportista mendocino hecho un rayo en la pista y eso dio sus frutos.<\/p>\n<p>Franco Pandolfino no titube\u00f3 en ning\u00fan momento. El hombre del Luvizotto Racing Team pas\u00f3 la bandera a cuadros, mirando por el espejo retrovisor a sus m\u00e1ximos perseguidores que no le pudieron acortar el paso arrasador en ning\u00fan momento (entre ellos Durval Careca, el l\u00edder provisorio de la divisional).<\/p>\n<p>Una vez cerrada la carrera, Pandolfino expres\u00f3: <strong>\u201cEstoy muy feliz por el resultado, haber logrado el t\u00edtulo despu\u00e9s de tanto trabajo y sacrificio. Contento por todo el equipo y su compromiso que han tenido. Muy feliz por todos los m\u00edos que me acompa\u00f1an siempre, y contento de compartir este festejo y cierre de a\u00f1o con Caro que ha estado en todos los momentos durante el campeonato\u201d,<\/strong> concluy\u00f3.<\/p>\n<p><img loading=\"lazy\" decoding=\"async\" class=\"aligncenter size-full wp-image-40804\" src=\"http:\/\/curva1.com.ar\/wp-content\/uploads\/2022\/12\/WhatsApp-Image-2022-11-27-at-21.10.05.jpeg\" alt=\"\" width=\"1280\" height=\"896\" srcset=\"https:\/\/curva1.com.ar\/wp-content\/uploads\/2022\/12\/WhatsApp-Image-2022-11-27-at-21.10.05.jpeg 1280w, https:\/\/curva1.com.ar\/wp-content\/uploads\/2022\/12\/WhatsApp-Image-2022-11-27-at-21.10.05-771x540.jpeg 771w, https:\/\/curva1.com.ar\/wp-content\/uploads\/2022\/12\/WhatsApp-Image-2022-11-27-at-21.10.05-768x538.jpeg 768w\" sizes=\"auto, (max-width: 1280px) 100vw, 1280px\" \/> <img loading=\"lazy\" decoding=\"async\" class=\"aligncenter size-full wp-image-40805\" src=\"http:\/\/curva1.com.ar\/wp-content\/uploads\/2022\/12\/WhatsApp-Image-2022-11-27-at-21.10.04.jpeg\" alt=\"\" width=\"1280\" height=\"852\" srcset=\"https:\/\/curva1.com.ar\/wp-content\/uploads\/2022\/12\/WhatsApp-Image-2022-11-27-at-21.10.04.jpeg 1280w, https:\/\/curva1.com.ar\/wp-content\/uploads\/2022\/12\/WhatsApp-Image-2022-11-27-at-21.10.04-811x540.jpeg 811w, https:\/\/curva1.com.ar\/wp-content\/uploads\/2022\/12\/WhatsApp-Image-2022-11-27-at-21.10.04-768x511.jpeg 768w\" sizes=\"auto, (max-width: 1280px) 100vw, 1280px\" \/> <img loading=\"lazy\" decoding=\"async\" class=\"aligncenter size-full wp-image-40806\" src=\"http:\/\/curva1.com.ar\/wp-content\/uploads\/2022\/12\/WhatsApp-Image-2022-11-27-at-21.10.06.jpeg\" alt=\"\" width=\"1600\" height=\"1066\" srcset=\"https:\/\/curva1.com.ar\/wp-content\/uploads\/2022\/12\/WhatsApp-Image-2022-11-27-at-21.10.06.jpeg 1600w, https:\/\/curva1.com.ar\/wp-content\/uploads\/2022\/12\/WhatsApp-Image-2022-11-27-at-21.10.06-811x540.jpeg 811w, https:\/\/curva1.com.ar\/wp-content\/uploads\/2022\/12\/WhatsApp-Image-2022-11-27-at-21.10.06-768x512.jpeg 768w, https:\/\/curva1.com.ar\/wp-content\/uploads\/2022\/12\/WhatsApp-Image-2022-11-27-at-21.10.06-1536x1023.jpeg 1536w\" sizes=\"auto, (max-width: 1600px) 100vw, 1600px\" \/><\/p>\n","protected":false},"excerpt":{"rendered":"<p>El piloto de Mendoza se qued\u00f3 con todos los laureles tras un espectacular fin de<\/p>\n","protected":false},"author":1,"featured_media":40803,"comment_status":"closed","ping_status":"closed","sticky":false,"template":"","format":"standard","meta":{"footnotes":""},"categories":[10],"tags":[],"class_list":["post-40802","post","type-post","status-publish","format-standard","has-post-thumbnail","hentry","category-motos"],"featured_image_urls":{"full":["https:\/\/curva1.com.ar\/wp-content\/uploads\/2022\/12\/WhatsApp-Image-2022-11-27-at-21.10.08.jpeg",1600,1066,false],"thumbnail":["https:\/\/curva1.com.ar\/wp-content\/uploads\/2022\/12\/WhatsApp-Image-2022-11-27-at-21.10.08-300x169.jpeg",300,169,true],"medium":["https:\/\/curva1.com.ar\/wp-content\/uploads\/2022\/12\/WhatsApp-Image-2022-11-27-at-21.10.08-811x540.jpeg",811,540,true],"medium_large":["https:\/\/curva1.com.ar\/wp-content\/uploads\/2022\/12\/WhatsApp-Image-2022-11-27-at-21.10.08-768x512.jpeg",640,427,true],"large":["https:\/\/curva1.com.ar\/wp-content\/uploads\/2022\/12\/WhatsApp-Image-2022-11-27-at-21.10.08-811x540.jpeg",640,426,true],"1536x1536":["https:\/\/curva1.com.ar\/wp-content\/uploads\/2022\/12\/WhatsApp-Image-2022-11-27-at-21.10.08-1536x1023.jpeg",1536,1023,true],"2048x2048":["https:\/\/curva1.com.ar\/wp-content\/uploads\/2022\/12\/WhatsApp-Image-2022-11-27-at-21.10.08.jpeg",1600,1066,false],"chromenews-featured":["https:\/\/curva1.com.ar\/wp-content\/uploads\/2022\/12\/WhatsApp-Image-2022-11-27-at-21.10.08.jpeg",1024,682,false],"chromenews-large":["https:\/\/curva1.com.ar\/wp-content\/uploads\/2022\/12\/WhatsApp-Image-2022-11-27-at-21.10.08.jpeg",825,550,false],"chromenews-medium":["https:\/\/curva1.com.ar\/wp-content\/uploads\/2022\/12\/WhatsApp-Image-2022-11-27-at-21.10.08.jpeg",590,393,false]},"author_info":{"display_name":"Jos\u00e9 Bravo","author_link":"https:\/\/curva1.com.ar\/?author=1"},"category_info":"<a href=\"https:\/\/curva1.com.ar\/?cat=10\" rel=\"category\">Motos<\/a>","tag_info":"Motos","comment_count":"0","yoast_head":"<!-- This site is optimized with the Yoast SEO Premium plugin v14.7 - https:\/\/yoast.com\/wordpress\/plugins\/seo\/ -->\n<title>Franco Pandolfino grit\u00f3 &quot;Campe\u00f3n&quot; en el Superbike Brasil - Curva 1<\/title>\n<meta name=\"robots\" content=\"index, follow\" \/>\n<meta name=\"googlebot\" content=\"index, follow, max-snippet:-1, max-image-preview:large, max-video-preview:-1\" \/>\n<meta name=\"bingbot\" content=\"index, follow, max-snippet:-1, max-image-preview:large, max-video-preview:-1\" \/>\n<link rel=\"canonical\" href=\"https:\/\/curva1.com.ar\/?p=40802\" \/>\n<meta property=\"og:locale\" content=\"en_US\" \/>\n<meta property=\"og:type\" content=\"article\" \/>\n<meta property=\"og:title\" content=\"Franco Pandolfino grit\u00f3 &quot;Campe\u00f3n&quot; en el Superbike Brasil - Curva 1\" \/>\n<meta property=\"og:description\" content=\"El piloto de Mendoza se qued\u00f3 con todos los laureles tras un espectacular fin de\" \/>\n<meta property=\"og:url\" content=\"https:\/\/curva1.com.ar\/?p=40802\" \/>\n<meta property=\"og:site_name\" content=\"Curva 1\" \/>\n<meta property=\"article:publisher\" content=\"https:\/\/www.facebook.com\/revistacurva1\/\" \/>\n<meta property=\"article:published_time\" content=\"2022-12-01T13:00:09+00:00\" \/>\n<meta property=\"article:modified_time\" content=\"2022-12-01T15:00:16+00:00\" \/>\n<meta property=\"og:image\" content=\"https:\/\/curva1.com.ar\/wp-content\/uploads\/2022\/12\/WhatsApp-Image-2022-11-27-at-21.10.08.jpeg\" \/>\n\t<meta property=\"og:image:width\" content=\"1600\" \/>\n\t<meta property=\"og:image:height\" content=\"1066\" \/>\n<meta property=\"fb:app_id\" content=\"1593067817533208\" \/>\n<meta name=\"twitter:card\" content=\"summary_large_image\" \/>\n<meta name=\"twitter:creator\" content=\"@curva1mendoza\" \/>\n<meta name=\"twitter:site\" content=\"@curva1mendoza\" \/>\n<script type=\"application\/ld+json\" class=\"yoast-schema-graph\">{\"@context\":\"https:\/\/schema.org\",\"@graph\":[{\"@type\":\"WebSite\",\"@id\":\"https:\/\/curva1.com.ar\/#website\",\"url\":\"https:\/\/curva1.com.ar\/\",\"name\":\"Curva 1\",\"description\":\"Automovilismo de Mendoza\",\"potentialAction\":[{\"@type\":\"SearchAction\",\"target\":\"https:\/\/curva1.com.ar\/?s={search_term_string}\",\"query-input\":\"required name=search_term_string\"}],\"inLanguage\":\"en-US\"},{\"@type\":\"ImageObject\",\"@id\":\"https:\/\/curva1.com.ar\/?p=40802#primaryimage\",\"inLanguage\":\"en-US\",\"url\":\"https:\/\/curva1.com.ar\/wp-content\/uploads\/2022\/12\/WhatsApp-Image-2022-11-27-at-21.10.08.jpeg\",\"width\":1600,\"height\":1066},{\"@type\":\"WebPage\",\"@id\":\"https:\/\/curva1.com.ar\/?p=40802#webpage\",\"url\":\"https:\/\/curva1.com.ar\/?p=40802\",\"name\":\"Franco Pandolfino grit\\u00f3 \\\"Campe\\u00f3n\\\" en el Superbike Brasil - Curva 1\",\"isPartOf\":{\"@id\":\"https:\/\/curva1.com.ar\/#website\"},\"primaryImageOfPage\":{\"@id\":\"https:\/\/curva1.com.ar\/?p=40802#primaryimage\"},\"datePublished\":\"2022-12-01T13:00:09+00:00\",\"dateModified\":\"2022-12-01T15:00:16+00:00\",\"author\":{\"@id\":\"https:\/\/curva1.com.ar\/#\/schema\/person\/f5fd12984d70df7314fbd9ab42f31033\"},\"inLanguage\":\"en-US\",\"potentialAction\":[{\"@type\":\"ReadAction\",\"target\":[\"https:\/\/curva1.com.ar\/?p=40802\"]}]},{\"@type\":[\"Person\"],\"@id\":\"https:\/\/curva1.com.ar\/#\/schema\/person\/f5fd12984d70df7314fbd9ab42f31033\",\"name\":\"Jos\\u00e9 Bravo\",\"image\":{\"@type\":\"ImageObject\",\"@id\":\"https:\/\/curva1.com.ar\/#personlogo\",\"inLanguage\":\"en-US\",\"url\":\"https:\/\/secure.gravatar.com\/avatar\/3ae0b1fdc6ddeb723a6e6c23609ed39de1d40a94b8112fd2c0c2032e2dabf28b?s=96&d=identicon&r=g\",\"caption\":\"Jos\\u00e9 Bravo\"}}]}<\/script>\n<!-- \/ Yoast SEO Premium plugin. -->","_links":{"self":[{"href":"https:\/\/curva1.com.ar\/index.php?rest_route=\/wp\/v2\/posts\/40802","targetHints":{"allow":["GET"]}}],"collection":[{"href":"https:\/\/curva1.com.ar\/index.php?rest_route=\/wp\/v2\/posts"}],"about":[{"href":"https:\/\/curva1.com.ar\/index.php?rest_route=\/wp\/v2\/types\/post"}],"author":[{"embeddable":true,"href":"https:\/\/curva1.com.ar\/index.php?rest_route=\/wp\/v2\/users\/1"}],"replies":[{"embeddable":true,"href":"https:\/\/curva1.com.ar\/index.php?rest_route=%2Fwp%2Fv2%2Fcomments&post=40802"}],"version-history":[{"count":1,"href":"https:\/\/curva1.com.ar\/index.php?rest_route=\/wp\/v2\/posts\/40802\/revisions"}],"predecessor-version":[{"id":40807,"href":"https:\/\/curva1.com.ar\/index.php?rest_route=\/wp\/v2\/posts\/40802\/revisions\/40807"}],"wp:featuredmedia":[{"embeddable":true,"href":"https:\/\/curva1.com.ar\/index.php?rest_route=\/wp\/v2\/media\/40803"}],"wp:attachment":[{"href":"https:\/\/curva1.com.ar\/index.php?rest_route=%2Fwp%2Fv2%2Fmedia&parent=40802"}],"wp:term":[{"taxonomy":"category","embeddable":true,"href":"https:\/\/curva1.com.ar\/index.php?rest_route=%2Fwp%2Fv2%2Fcategories&post=40802"},{"taxonomy":"post_tag","embeddable":true,"href":"https:\/\/curva1.com.ar\/index.php?rest_route=%2Fwp%2Fv2%2Ftags&post=40802"}],"curies":[{"name":"wp","href":"https:\/\/api.w.org\/{rel}","templated":true}]}}