{"id":40894,"date":"2022-12-29T11:39:20","date_gmt":"2022-12-29T14:39:20","guid":{"rendered":"http:\/\/curva1.com.ar\/?p=40894"},"modified":"2022-12-29T11:39:20","modified_gmt":"2022-12-29T14:39:20","slug":"los-mendocinos-en-el-rally-dakar-2023","status":"publish","type":"post","link":"https:\/\/curva1.com.ar\/?p=40894","title":{"rendered":"Los mendocinos en el Rally Dakar 2023"},"content":{"rendered":"<p><img loading=\"lazy\" decoding=\"async\" class=\"aligncenter size-full wp-image-40896\" src=\"http:\/\/curva1.com.ar\/wp-content\/uploads\/2022\/12\/cdaeats.jpg\" alt=\"\" width=\"960\" height=\"540\" srcset=\"https:\/\/curva1.com.ar\/wp-content\/uploads\/2022\/12\/cdaeats.jpg 960w, https:\/\/curva1.com.ar\/wp-content\/uploads\/2022\/12\/cdaeats-300x169.jpg 300w, https:\/\/curva1.com.ar\/wp-content\/uploads\/2022\/12\/cdaeats-768x432.jpg 768w, https:\/\/curva1.com.ar\/wp-content\/uploads\/2022\/12\/cdaeats-700x394.jpg 700w\" sizes=\"auto, (max-width: 960px) 100vw, 960px\" \/><\/p>\n<p>Orly Terranova, Sebasti\u00e1n Halpern, Franco Caimi y Francisco Moreno encabezan la lista de 9 mendocinos en el Rally Dakar 2023.<\/p>\n<p>Con el pr\u00f3logo que comenzar\u00e1 en Yeda, el pr\u00f3ximo s\u00e1bado 31 de diciembre comenzar\u00e1 en Arabia Saudita la 45ta. edici\u00f3n de la carrera m\u00e1s extrema del mundo: el Rally Dakar 2023 que tendr\u00e1 entre sus participantes a una nutrida legi\u00f3n de mendocinos.<\/p>\n<p>Por cuarto a\u00f1o consecutivo la carrera tendr\u00e1 como escenario el desierto de Arabia Saudita con un recorrido de 8.549 kil\u00f3metros, de los cuales 4.706 son de especiales cronometrados.<\/p>\n<p>Entre los 365 veh\u00edculos que partir\u00e1n en una de las playas del mar Rojo, habr\u00e1 31 argentinos y entre ellos se destaca la legi\u00f3n mendocina encabezada por algunos ya experimentados como Orly Terranova, Sebasti\u00e1n Halpern y Franco Caimi.<\/p>\n<p>Lo cierto es que Mendoza contar\u00e1 en el Rally Dakar 2023 con representantes en autos, motos, quads, UTV y prototipos ligeros.<\/p>\n<p><strong>Los mendocinos en el Rally Dakar 2023<\/strong><\/p>\n<p>37 Franco Caimi &#8211; Motos<br \/>\n42 Stefano Caimi &#8211; Motos<br \/>\n154 Francisco Moreno &#8211; Cuatris<br \/>\n208 Orlando Terranova &#8211; Autos<br \/>\n212 Sebasti\u00e1n Halpern &#8211; Bernardo Graue (navegante) &#8211; Autos<br \/>\n220 &#8211; Juan Cruz Yacopini &#8211; Autos<br \/>\n335 Bruno Jacomy (navegante) &#8211; Autos (UVT)<br \/>\n430 Ricardo Torlaschi (navegante) &#8211; Autos (Prototipos ligeros)<\/p>\n<p><strong>El Rally Dakar 2023<\/strong><\/p>\n<p>31\/12 Pr\u00f3logo Yeda &#8211; Ha&#8217;il (10 km.)<br \/>\n1\/1 Sea Camp 603 km. (368 km. de especial)<br \/>\n2\/1 Hail &#8211; Al Qaisumah 590 km. (441 km. de especial)<br \/>\n3\/1 Al Qaisumah 669 km (447 km. de especial)<br \/>\n4\/1 Al Qaisumah &#8211; Riyadh 573 km. (425 km. de especial)<br \/>\n5\/1 Riyadh 646 km. (375 km. de especial)<br \/>\n6\/1 Riyadh 877 km. (466 km. de especial)<br \/>\n7\/1 Riyadh &#8211; Al Dawadimi 641 km. (473 km. de especial)<br \/>\n8\/1 Al Dawadimi &#8211; Wadi Ad Dawasir 722 km. (407 km. de especial)<br \/>\n9\/1 Descanso<br \/>\n10\/1 Riyadh &#8211; Haradh 710 km. (439 km. de especial)<br \/>\n11\/1 Wadi Ad Dawasir &#8211; Bisha 623 km. (114 km. de especial)<br \/>\n12\/1 Bisha &#8211; Yeda etapa marat\u00f3n de 426 km. (275 km de especial)<br \/>\n13\/1 Bisha 375 km. (185 km. de especial)<br \/>\n14\/1 Schaiba &#8211; Hofuf &#8211; 669 km. (154 km. de especial)<br \/>\n15\/1 Hofuf a Dammam 414 km. (136 km. de especial)<\/p>\n<p>Diario Uno.<\/p>\n","protected":false},"excerpt":{"rendered":"<p>Orly Terranova, Sebasti\u00e1n Halpern, Franco Caimi y Francisco Moreno encabezan la lista de 9 mendocinos<\/p>\n","protected":false},"author":1,"featured_media":40896,"comment_status":"closed","ping_status":"closed","sticky":false,"template":"","format":"standard","meta":{"footnotes":""},"categories":[1],"tags":[],"class_list":["post-40894","post","type-post","status-publish","format-standard","has-post-thumbnail","hentry","category-zonal-cuyano"],"featured_image_urls":{"full":["https:\/\/curva1.com.ar\/wp-content\/uploads\/2022\/12\/cdaeats.jpg",960,540,false],"thumbnail":["https:\/\/curva1.com.ar\/wp-content\/uploads\/2022\/12\/cdaeats-300x169.jpg",300,169,true],"medium":["https:\/\/curva1.com.ar\/wp-content\/uploads\/2022\/12\/cdaeats.jpg",960,540,false],"medium_large":["https:\/\/curva1.com.ar\/wp-content\/uploads\/2022\/12\/cdaeats-768x432.jpg",640,360,true],"large":["https:\/\/curva1.com.ar\/wp-content\/uploads\/2022\/12\/cdaeats.jpg",640,360,false],"1536x1536":["https:\/\/curva1.com.ar\/wp-content\/uploads\/2022\/12\/cdaeats.jpg",960,540,false],"2048x2048":["https:\/\/curva1.com.ar\/wp-content\/uploads\/2022\/12\/cdaeats.jpg",960,540,false],"chromenews-featured":["https:\/\/curva1.com.ar\/wp-content\/uploads\/2022\/12\/cdaeats.jpg",960,540,false],"chromenews-large":["https:\/\/curva1.com.ar\/wp-content\/uploads\/2022\/12\/cdaeats.jpg",825,464,false],"chromenews-medium":["https:\/\/curva1.com.ar\/wp-content\/uploads\/2022\/12\/cdaeats.jpg",590,332,false]},"author_info":{"display_name":"Jos\u00e9 Bravo","author_link":"https:\/\/curva1.com.ar\/?author=1"},"category_info":"<a href=\"https:\/\/curva1.com.ar\/?cat=1\" rel=\"category\">Zonal Cuyano<\/a>","tag_info":"Zonal Cuyano","comment_count":"0","yoast_head":"<!-- This site is optimized with the Yoast SEO Premium plugin v14.7 - https:\/\/yoast.com\/wordpress\/plugins\/seo\/ -->\n<title>Los mendocinos en el Rally Dakar 2023 - Curva 1<\/title>\n<meta name=\"robots\" content=\"index, follow\" \/>\n<meta name=\"googlebot\" content=\"index, follow, max-snippet:-1, max-image-preview:large, max-video-preview:-1\" \/>\n<meta name=\"bingbot\" content=\"index, follow, max-snippet:-1, max-image-preview:large, max-video-preview:-1\" \/>\n<link rel=\"canonical\" href=\"https:\/\/curva1.com.ar\/?p=40894\" \/>\n<meta property=\"og:locale\" content=\"en_US\" \/>\n<meta property=\"og:type\" content=\"article\" \/>\n<meta property=\"og:title\" content=\"Los mendocinos en el Rally Dakar 2023 - Curva 1\" \/>\n<meta property=\"og:description\" content=\"Orly Terranova, Sebasti\u00e1n Halpern, Franco Caimi y Francisco Moreno encabezan la lista de 9 mendocinos\" \/>\n<meta property=\"og:url\" content=\"https:\/\/curva1.com.ar\/?p=40894\" \/>\n<meta property=\"og:site_name\" content=\"Curva 1\" \/>\n<meta property=\"article:publisher\" content=\"https:\/\/www.facebook.com\/revistacurva1\/\" \/>\n<meta property=\"article:published_time\" content=\"2022-12-29T14:39:20+00:00\" \/>\n<meta property=\"og:image\" content=\"https:\/\/curva1.com.ar\/wp-content\/uploads\/2022\/12\/cdaeats.jpg\" \/>\n\t<meta property=\"og:image:width\" content=\"960\" \/>\n\t<meta property=\"og:image:height\" content=\"540\" \/>\n<meta property=\"fb:app_id\" content=\"1593067817533208\" \/>\n<meta name=\"twitter:card\" content=\"summary_large_image\" \/>\n<meta name=\"twitter:creator\" content=\"@curva1mendoza\" \/>\n<meta name=\"twitter:site\" content=\"@curva1mendoza\" \/>\n<script type=\"application\/ld+json\" class=\"yoast-schema-graph\">{\"@context\":\"https:\/\/schema.org\",\"@graph\":[{\"@type\":\"WebSite\",\"@id\":\"https:\/\/curva1.com.ar\/#website\",\"url\":\"https:\/\/curva1.com.ar\/\",\"name\":\"Curva 1\",\"description\":\"Automovilismo de Mendoza\",\"potentialAction\":[{\"@type\":\"SearchAction\",\"target\":\"https:\/\/curva1.com.ar\/?s={search_term_string}\",\"query-input\":\"required name=search_term_string\"}],\"inLanguage\":\"en-US\"},{\"@type\":\"ImageObject\",\"@id\":\"https:\/\/curva1.com.ar\/?p=40894#primaryimage\",\"inLanguage\":\"en-US\",\"url\":\"https:\/\/curva1.com.ar\/wp-content\/uploads\/2022\/12\/cdaeats.jpg\",\"width\":960,\"height\":540},{\"@type\":\"WebPage\",\"@id\":\"https:\/\/curva1.com.ar\/?p=40894#webpage\",\"url\":\"https:\/\/curva1.com.ar\/?p=40894\",\"name\":\"Los mendocinos en el Rally Dakar 2023 - Curva 1\",\"isPartOf\":{\"@id\":\"https:\/\/curva1.com.ar\/#website\"},\"primaryImageOfPage\":{\"@id\":\"https:\/\/curva1.com.ar\/?p=40894#primaryimage\"},\"datePublished\":\"2022-12-29T14:39:20+00:00\",\"dateModified\":\"2022-12-29T14:39:20+00:00\",\"author\":{\"@id\":\"https:\/\/curva1.com.ar\/#\/schema\/person\/f5fd12984d70df7314fbd9ab42f31033\"},\"inLanguage\":\"en-US\",\"potentialAction\":[{\"@type\":\"ReadAction\",\"target\":[\"https:\/\/curva1.com.ar\/?p=40894\"]}]},{\"@type\":[\"Person\"],\"@id\":\"https:\/\/curva1.com.ar\/#\/schema\/person\/f5fd12984d70df7314fbd9ab42f31033\",\"name\":\"Jos\\u00e9 Bravo\",\"image\":{\"@type\":\"ImageObject\",\"@id\":\"https:\/\/curva1.com.ar\/#personlogo\",\"inLanguage\":\"en-US\",\"url\":\"https:\/\/secure.gravatar.com\/avatar\/3ae0b1fdc6ddeb723a6e6c23609ed39de1d40a94b8112fd2c0c2032e2dabf28b?s=96&d=identicon&r=g\",\"caption\":\"Jos\\u00e9 Bravo\"}}]}<\/script>\n<!-- \/ Yoast SEO Premium plugin. -->","_links":{"self":[{"href":"https:\/\/curva1.com.ar\/index.php?rest_route=\/wp\/v2\/posts\/40894","targetHints":{"allow":["GET"]}}],"collection":[{"href":"https:\/\/curva1.com.ar\/index.php?rest_route=\/wp\/v2\/posts"}],"about":[{"href":"https:\/\/curva1.com.ar\/index.php?rest_route=\/wp\/v2\/types\/post"}],"author":[{"embeddable":true,"href":"https:\/\/curva1.com.ar\/index.php?rest_route=\/wp\/v2\/users\/1"}],"replies":[{"embeddable":true,"href":"https:\/\/curva1.com.ar\/index.php?rest_route=%2Fwp%2Fv2%2Fcomments&post=40894"}],"version-history":[{"count":2,"href":"https:\/\/curva1.com.ar\/index.php?rest_route=\/wp\/v2\/posts\/40894\/revisions"}],"predecessor-version":[{"id":40897,"href":"https:\/\/curva1.com.ar\/index.php?rest_route=\/wp\/v2\/posts\/40894\/revisions\/40897"}],"wp:featuredmedia":[{"embeddable":true,"href":"https:\/\/curva1.com.ar\/index.php?rest_route=\/wp\/v2\/media\/40896"}],"wp:attachment":[{"href":"https:\/\/curva1.com.ar\/index.php?rest_route=%2Fwp%2Fv2%2Fmedia&parent=40894"}],"wp:term":[{"taxonomy":"category","embeddable":true,"href":"https:\/\/curva1.com.ar\/index.php?rest_route=%2Fwp%2Fv2%2Fcategories&post=40894"},{"taxonomy":"post_tag","embeddable":true,"href":"https:\/\/curva1.com.ar\/index.php?rest_route=%2Fwp%2Fv2%2Ftags&post=40894"}],"curies":[{"name":"wp","href":"https:\/\/api.w.org\/{rel}","templated":true}]}}