{"id":4091,"date":"2013-02-18T23:33:26","date_gmt":"2013-02-19T02:33:26","guid":{"rendered":"http:\/\/www.curva1.com.ar\/?p=4091"},"modified":"2013-02-18T23:34:06","modified_gmt":"2013-02-19T02:34:06","slug":"el-puntano-carlos-javier-merlo-correra-en-la-formula-renault-europea","status":"publish","type":"post","link":"https:\/\/curva1.com.ar\/?p=4091","title":{"rendered":"El puntano Carlos Merlo correr\u00e1 en la F\u00f3rmula Renault Europea"},"content":{"rendered":"<p><img loading=\"lazy\" decoding=\"async\" class=\"aligncenter size-full wp-image-4092\" alt=\"Merlo_FR_cara\" src=\"http:\/\/www.curva1.com.ar\/wp-content\/uploads\/2013\/02\/Merlo_FR_cara.jpg\" width=\"500\" height=\"281\" srcset=\"https:\/\/curva1.com.ar\/wp-content\/uploads\/2013\/02\/Merlo_FR_cara.jpg 500w, https:\/\/curva1.com.ar\/wp-content\/uploads\/2013\/02\/Merlo_FR_cara-300x169.jpg 300w\" sizes=\"auto, (max-width: 500px) 100vw, 500px\" \/><\/p>\n<p>El Campe\u00f3n de F\u00f3rmula Renault 2.0, Carlos Javier Merlo, ya est\u00e1 en Europa, preparando su primera prueba con el Dallara-Renault de la Eurocup F\u00f3rmula Renault 2.0, con la que correr\u00e1 en 2013.<\/p>\n<p>Reci\u00e9n llegado a Roma, y de ahi a Holanda, sede del equipo Manor MP. Carlos Javier Merlo ha conseguido dar continuidad a su proyecto en monopostos este a\u00f1o despu\u00e9s de obtener el Campeonato Argentino de F\u00f3rmula Renault 2.0. Es lo que cualquier piloto j\u00f3ven argentino sue\u00f1a, seguir en la escuela de monopostos rumbo a las categor\u00edas mayores.<\/p>\n<p>El campeonato es el equivalente a aquel con el que empez\u00f3 su campa\u00f1a en Europa Juan Cruz Alvarez, logrando el t\u00edtulo en 2003. Es el cert\u00e1men Europeo de F\u00f3rmula Renault 2.0 que acompa\u00f1a a la Wolrd Series by Renault 3.5 y que cuenta con un gran apoyo de la f\u00e1brica francesa para todas sus divisiones.<\/p>\n<p>La primera actividad de Merlo ser\u00e1 los d\u00edas 24 y 25 de febrero en Arag\u00f3n, cuando tome contacto por primera vez con el auto. Son cuatro pruebas de pretemporada conjuntas, por lo que todos est\u00e1n en igualdad de condiciones, aunque el argentino no conoce las pistas y ese es un handicap que da a muchos de sus rivales.<\/p>\n<p>La primera carrera ser\u00e1 los d\u00edas 6 y 7 de abril en Monza, Italia. Antes de esa competencia, la categor\u00eda desarrollar\u00e1 las cuatro pruebas comunitarias.<\/p>\n<p>Largaron.<\/p>\n","protected":false},"excerpt":{"rendered":"<p>El Campe\u00f3n de F\u00f3rmula Renault 2.0, Carlos Javier Merlo, ya est\u00e1 en Europa, preparando su<\/p>\n","protected":false},"author":1,"featured_media":4092,"comment_status":"open","ping_status":"closed","sticky":false,"template":"","format":"standard","meta":{"footnotes":""},"categories":[1],"tags":[],"class_list":["post-4091","post","type-post","status-publish","format-standard","has-post-thumbnail","hentry","category-zonal-cuyano"],"featured_image_urls":{"full":["https:\/\/curva1.com.ar\/wp-content\/uploads\/2013\/02\/Merlo_FR_cara.jpg",500,281,false],"thumbnail":["https:\/\/curva1.com.ar\/wp-content\/uploads\/2013\/02\/Merlo_FR_cara-300x169.jpg",300,169,true],"medium":["https:\/\/curva1.com.ar\/wp-content\/uploads\/2013\/02\/Merlo_FR_cara.jpg",500,281,false],"medium_large":["https:\/\/curva1.com.ar\/wp-content\/uploads\/2013\/02\/Merlo_FR_cara.jpg",500,281,false],"large":["https:\/\/curva1.com.ar\/wp-content\/uploads\/2013\/02\/Merlo_FR_cara.jpg",500,281,false],"1536x1536":["https:\/\/curva1.com.ar\/wp-content\/uploads\/2013\/02\/Merlo_FR_cara.jpg",500,281,false],"2048x2048":["https:\/\/curva1.com.ar\/wp-content\/uploads\/2013\/02\/Merlo_FR_cara.jpg",500,281,false],"chromenews-featured":["https:\/\/curva1.com.ar\/wp-content\/uploads\/2013\/02\/Merlo_FR_cara.jpg",500,281,false],"chromenews-large":["https:\/\/curva1.com.ar\/wp-content\/uploads\/2013\/02\/Merlo_FR_cara.jpg",500,281,false],"chromenews-medium":["https:\/\/curva1.com.ar\/wp-content\/uploads\/2013\/02\/Merlo_FR_cara.jpg",500,281,false]},"author_info":{"display_name":"Jos\u00e9 Bravo","author_link":"https:\/\/curva1.com.ar\/?author=1"},"category_info":"<a href=\"https:\/\/curva1.com.ar\/?cat=1\" rel=\"category\">Zonal Cuyano<\/a>","tag_info":"Zonal Cuyano","comment_count":"0","_links":{"self":[{"href":"https:\/\/curva1.com.ar\/index.php?rest_route=\/wp\/v2\/posts\/4091","targetHints":{"allow":["GET"]}}],"collection":[{"href":"https:\/\/curva1.com.ar\/index.php?rest_route=\/wp\/v2\/posts"}],"about":[{"href":"https:\/\/curva1.com.ar\/index.php?rest_route=\/wp\/v2\/types\/post"}],"author":[{"embeddable":true,"href":"https:\/\/curva1.com.ar\/index.php?rest_route=\/wp\/v2\/users\/1"}],"replies":[{"embeddable":true,"href":"https:\/\/curva1.com.ar\/index.php?rest_route=%2Fwp%2Fv2%2Fcomments&post=4091"}],"version-history":[{"count":2,"href":"https:\/\/curva1.com.ar\/index.php?rest_route=\/wp\/v2\/posts\/4091\/revisions"}],"predecessor-version":[{"id":4094,"href":"https:\/\/curva1.com.ar\/index.php?rest_route=\/wp\/v2\/posts\/4091\/revisions\/4094"}],"wp:featuredmedia":[{"embeddable":true,"href":"https:\/\/curva1.com.ar\/index.php?rest_route=\/wp\/v2\/media\/4092"}],"wp:attachment":[{"href":"https:\/\/curva1.com.ar\/index.php?rest_route=%2Fwp%2Fv2%2Fmedia&parent=4091"}],"wp:term":[{"taxonomy":"category","embeddable":true,"href":"https:\/\/curva1.com.ar\/index.php?rest_route=%2Fwp%2Fv2%2Fcategories&post=4091"},{"taxonomy":"post_tag","embeddable":true,"href":"https:\/\/curva1.com.ar\/index.php?rest_route=%2Fwp%2Fv2%2Ftags&post=4091"}],"curies":[{"name":"wp","href":"https:\/\/api.w.org\/{rel}","templated":true}]}}