{"id":4109,"date":"2013-02-19T12:03:15","date_gmt":"2013-02-19T15:03:15","guid":{"rendered":"http:\/\/www.curva1.com.ar\/?p=4109"},"modified":"2013-03-19T01:20:41","modified_gmt":"2013-03-19T04:20:41","slug":"el-campeonato-argentino-de-navegacion-comenzara-en-mendoza","status":"publish","type":"post","link":"https:\/\/curva1.com.ar\/?p=4109","title":{"rendered":"Mendoza sede del Campeonato Argentino de Navegaci\u00f3n 2013"},"content":{"rendered":"<p><img loading=\"lazy\" decoding=\"async\" class=\"aligncenter size-full wp-image-4110\" alt=\"272660_463072377063117_812531562_o\" src=\"http:\/\/www.curva1.com.ar\/wp-content\/uploads\/2013\/02\/272660_463072377063117_812531562_o.jpg\" width=\"500\" height=\"281\" srcset=\"https:\/\/curva1.com.ar\/wp-content\/uploads\/2013\/02\/272660_463072377063117_812531562_o.jpg 500w, https:\/\/curva1.com.ar\/wp-content\/uploads\/2013\/02\/272660_463072377063117_812531562_o-300x169.jpg 300w\" sizes=\"auto, (max-width: 500px) 100vw, 500px\" \/><\/p>\n<p>El a\u00f1o pasado se disput\u00f3 en la provincia de San Juan, con la familia Sisterna al frente de la organizaci\u00f3n. Este a\u00f1o consiguieron el aval para que sea un campeonato argentino y la primera fecha es en la provincia de Mendoza.<\/p>\n<p>Se tratar\u00e1 de la &#8220;Aventura de Las Heras&#8221; y se desarrollar\u00e1 el 8, 9 y 10 de marzo y el sanmartiniano Roberto Bullares estar\u00e1 presente, tal como lo hizo en varias de las fechas del 2012 donde logr\u00f3 subir al podio.<\/p>\n<p><strong>&#8220;Se trata exclusivamente de navegaci\u00f3n, no es por tiempo y hay que ser muy prolijo para descubrir los puntos ocultos que la organizaci\u00f3n coloca en el recorrido. El ganador es quien m\u00e1s puntos sume y se m\u00e1s preciso en hacer la hoja de ruta, que es similar a la de un Dakar&#8221;<\/strong> expres\u00f3 Bullares a Curva 1.<\/p>\n<blockquote><p>AVENTURA DE LAS HERAS 2013<br \/>\nMENDOZA 8, 9 Y 10 DE MARZO<\/p>\n<p>CURSO DE NAVEGANTES: POLIDEPORTIVO VICENTE POLIMENI<br \/>\nINSCRIPCIONES Y ADMINISTRATIVAS: POLIDEPORTIVO VICENTE POLIMENI<br \/>\n1\u00ba ETAPA:<br \/>\nLARGADA: PLAZA DE LAS HERAS<br \/>\nLLEGADA: USPALLATA<br \/>\nVIVAC Y BRIEFING: CAMPING MUNICIPAL USPALLATA<br \/>\n2\u00ba ETAPA:<br \/>\nLARGADA: CAMPING MUNICIPAL USPALLATA<br \/>\nLLEGADA: PLAZA DE LAS HERAS<\/p><\/blockquote>\n<p>&nbsp;<\/p>\n<p><img loading=\"lazy\" decoding=\"async\" class=\"aligncenter size-full wp-image-4111\" alt=\"535915_4628893515014_816939906_n\" src=\"http:\/\/www.curva1.com.ar\/wp-content\/uploads\/2013\/02\/535915_4628893515014_816939906_n.jpg\" width=\"500\" height=\"363\" srcset=\"https:\/\/curva1.com.ar\/wp-content\/uploads\/2013\/02\/535915_4628893515014_816939906_n.jpg 500w, https:\/\/curva1.com.ar\/wp-content\/uploads\/2013\/02\/535915_4628893515014_816939906_n-464x337.jpg 464w\" sizes=\"auto, (max-width: 500px) 100vw, 500px\" \/><\/p>\n","protected":false},"excerpt":{"rendered":"<p>El a\u00f1o pasado se disput\u00f3 en la provincia de San Juan, con la familia Sisterna<\/p>\n","protected":false},"author":1,"featured_media":4112,"comment_status":"open","ping_status":"closed","sticky":false,"template":"","format":"standard","meta":{"footnotes":""},"categories":[6],"tags":[],"class_list":["post-4109","post","type-post","status-publish","format-standard","has-post-thumbnail","hentry","category-nacionales"],"featured_image_urls":{"full":["https:\/\/curva1.com.ar\/wp-content\/uploads\/2013\/02\/6633_4264615448290_328621657_n.jpg",600,338,false],"thumbnail":["https:\/\/curva1.com.ar\/wp-content\/uploads\/2013\/02\/6633_4264615448290_328621657_n-300x169.jpg",300,169,true],"medium":["https:\/\/curva1.com.ar\/wp-content\/uploads\/2013\/02\/6633_4264615448290_328621657_n-598x337.jpg",598,337,true],"medium_large":["https:\/\/curva1.com.ar\/wp-content\/uploads\/2013\/02\/6633_4264615448290_328621657_n.jpg",600,338,false],"large":["https:\/\/curva1.com.ar\/wp-content\/uploads\/2013\/02\/6633_4264615448290_328621657_n.jpg",600,338,false],"1536x1536":["https:\/\/curva1.com.ar\/wp-content\/uploads\/2013\/02\/6633_4264615448290_328621657_n.jpg",600,338,false],"2048x2048":["https:\/\/curva1.com.ar\/wp-content\/uploads\/2013\/02\/6633_4264615448290_328621657_n.jpg",600,338,false],"chromenews-featured":["https:\/\/curva1.com.ar\/wp-content\/uploads\/2013\/02\/6633_4264615448290_328621657_n.jpg",600,338,false],"chromenews-large":["https:\/\/curva1.com.ar\/wp-content\/uploads\/2013\/02\/6633_4264615448290_328621657_n.jpg",600,338,false],"chromenews-medium":["https:\/\/curva1.com.ar\/wp-content\/uploads\/2013\/02\/6633_4264615448290_328621657_n.jpg",590,332,false]},"author_info":{"display_name":"Jos\u00e9 Bravo","author_link":"https:\/\/curva1.com.ar\/?author=1"},"category_info":"<a href=\"https:\/\/curva1.com.ar\/?cat=6\" rel=\"category\">Nacionales<\/a>","tag_info":"Nacionales","comment_count":"0","_links":{"self":[{"href":"https:\/\/curva1.com.ar\/index.php?rest_route=\/wp\/v2\/posts\/4109","targetHints":{"allow":["GET"]}}],"collection":[{"href":"https:\/\/curva1.com.ar\/index.php?rest_route=\/wp\/v2\/posts"}],"about":[{"href":"https:\/\/curva1.com.ar\/index.php?rest_route=\/wp\/v2\/types\/post"}],"author":[{"embeddable":true,"href":"https:\/\/curva1.com.ar\/index.php?rest_route=\/wp\/v2\/users\/1"}],"replies":[{"embeddable":true,"href":"https:\/\/curva1.com.ar\/index.php?rest_route=%2Fwp%2Fv2%2Fcomments&post=4109"}],"version-history":[{"count":4,"href":"https:\/\/curva1.com.ar\/index.php?rest_route=\/wp\/v2\/posts\/4109\/revisions"}],"predecessor-version":[{"id":4943,"href":"https:\/\/curva1.com.ar\/index.php?rest_route=\/wp\/v2\/posts\/4109\/revisions\/4943"}],"wp:featuredmedia":[{"embeddable":true,"href":"https:\/\/curva1.com.ar\/index.php?rest_route=\/wp\/v2\/media\/4112"}],"wp:attachment":[{"href":"https:\/\/curva1.com.ar\/index.php?rest_route=%2Fwp%2Fv2%2Fmedia&parent=4109"}],"wp:term":[{"taxonomy":"category","embeddable":true,"href":"https:\/\/curva1.com.ar\/index.php?rest_route=%2Fwp%2Fv2%2Fcategories&post=4109"},{"taxonomy":"post_tag","embeddable":true,"href":"https:\/\/curva1.com.ar\/index.php?rest_route=%2Fwp%2Fv2%2Ftags&post=4109"}],"curies":[{"name":"wp","href":"https:\/\/api.w.org\/{rel}","templated":true}]}}