{"id":4127,"date":"2013-02-20T15:16:54","date_gmt":"2013-02-20T18:16:54","guid":{"rendered":"http:\/\/www.curva1.com.ar\/?p=4127"},"modified":"2013-02-20T15:16:54","modified_gmt":"2013-02-20T18:16:54","slug":"san-juan-se-prepara-por-segunda-vez-para-el-mundial-de-enduro","status":"publish","type":"post","link":"https:\/\/curva1.com.ar\/?p=4127","title":{"rendered":"San Juan se prepara por segunda vez para el Mundial de Enduro"},"content":{"rendered":"<p><img loading=\"lazy\" decoding=\"async\" class=\"aligncenter size-full wp-image-4128\" alt=\"5124a97f4af02_626x0\" src=\"http:\/\/www.curva1.com.ar\/wp-content\/uploads\/2013\/02\/5124a97f4af02_626x0.jpg\" width=\"500\" height=\"282\" srcset=\"https:\/\/curva1.com.ar\/wp-content\/uploads\/2013\/02\/5124a97f4af02_626x0.jpg 500w, https:\/\/curva1.com.ar\/wp-content\/uploads\/2013\/02\/5124a97f4af02_626x0-300x169.jpg 300w\" sizes=\"auto, (max-width: 500px) 100vw, 500px\" \/><\/p>\n<p>Por segundo a\u00f1o consecutivo Argentina ser\u00e1 sede de una competencia del Campeonato del Mundo FIM Maxxis de Enduro. Al igual que en la edici\u00f3n 2012, la tercera y cuarta fecha de la temporada 2013 del torneo m\u00e1s importante de la especialidad a nivel mundial se llevar\u00e1 a cabo en la provincia de San Juan, del 22 al 24 de marzo pr\u00f3ximo. Tendr\u00e1 epicentro en la ciudad capital y un recorrido que se completar\u00e1 al pie de la Cordillera de los Andes.<\/p>\n<p>Nuestro pa\u00eds gan\u00f3 el derecho de ser sede de este importante evento internacional gracias al excelente trabajo de organizaci\u00f3n que se realiz\u00f3 el a\u00f1o pasado y que fue objeto del reconocimiento y las felicitaciones de los principales referentes de la Federaci\u00f3n Internacional de Motociclismo (FIM) presentes en aquella oportunidad en San Juan.<\/p>\n<p>Para esta ocasi\u00f3n la organizaci\u00f3n local dispuso algunos cambios en el recorrido de la carrera en comparaci\u00f3n con el que se utiliz\u00f3 en 2012. De todos modos se seguir\u00e1 manteniendo un circuito de poco m\u00e1s de 50 kil\u00f3metros de extensi\u00f3n, con tres pruebas especiales que los pilotos deber\u00e1n superar en cuatro oportunidades cada una los d\u00edas s\u00e1bado 23 y domingo 24 de marzo.<\/p>\n<p>En este momento, 61 motos y su correspondiente equipamiento t\u00e9cnico, est\u00e1n viajando desde Europa en tres contenedores que fueron dispuestos especialmente por las organizaciones de los GP de Chile y Argentina, para que los diferentes equipos puedan transportar toda su carga sin problemas.<\/p>\n<p>Corsa.<\/p>\n","protected":false},"excerpt":{"rendered":"<p>Por segundo a\u00f1o consecutivo Argentina ser\u00e1 sede de una competencia del Campeonato del Mundo FIM<\/p>\n","protected":false},"author":1,"featured_media":4128,"comment_status":"open","ping_status":"closed","sticky":false,"template":"","format":"standard","meta":{"footnotes":""},"categories":[10],"tags":[],"class_list":["post-4127","post","type-post","status-publish","format-standard","has-post-thumbnail","hentry","category-motos"],"featured_image_urls":{"full":["https:\/\/curva1.com.ar\/wp-content\/uploads\/2013\/02\/5124a97f4af02_626x0.jpg",500,282,false],"thumbnail":["https:\/\/curva1.com.ar\/wp-content\/uploads\/2013\/02\/5124a97f4af02_626x0-300x169.jpg",300,169,true],"medium":["https:\/\/curva1.com.ar\/wp-content\/uploads\/2013\/02\/5124a97f4af02_626x0.jpg",500,282,false],"medium_large":["https:\/\/curva1.com.ar\/wp-content\/uploads\/2013\/02\/5124a97f4af02_626x0.jpg",500,282,false],"large":["https:\/\/curva1.com.ar\/wp-content\/uploads\/2013\/02\/5124a97f4af02_626x0.jpg",500,282,false],"1536x1536":["https:\/\/curva1.com.ar\/wp-content\/uploads\/2013\/02\/5124a97f4af02_626x0.jpg",500,282,false],"2048x2048":["https:\/\/curva1.com.ar\/wp-content\/uploads\/2013\/02\/5124a97f4af02_626x0.jpg",500,282,false],"chromenews-featured":["https:\/\/curva1.com.ar\/wp-content\/uploads\/2013\/02\/5124a97f4af02_626x0.jpg",500,282,false],"chromenews-large":["https:\/\/curva1.com.ar\/wp-content\/uploads\/2013\/02\/5124a97f4af02_626x0.jpg",500,282,false],"chromenews-medium":["https:\/\/curva1.com.ar\/wp-content\/uploads\/2013\/02\/5124a97f4af02_626x0.jpg",500,282,false]},"author_info":{"display_name":"Jos\u00e9 Bravo","author_link":"https:\/\/curva1.com.ar\/?author=1"},"category_info":"<a href=\"https:\/\/curva1.com.ar\/?cat=10\" rel=\"category\">Motos<\/a>","tag_info":"Motos","comment_count":"0","_links":{"self":[{"href":"https:\/\/curva1.com.ar\/index.php?rest_route=\/wp\/v2\/posts\/4127","targetHints":{"allow":["GET"]}}],"collection":[{"href":"https:\/\/curva1.com.ar\/index.php?rest_route=\/wp\/v2\/posts"}],"about":[{"href":"https:\/\/curva1.com.ar\/index.php?rest_route=\/wp\/v2\/types\/post"}],"author":[{"embeddable":true,"href":"https:\/\/curva1.com.ar\/index.php?rest_route=\/wp\/v2\/users\/1"}],"replies":[{"embeddable":true,"href":"https:\/\/curva1.com.ar\/index.php?rest_route=%2Fwp%2Fv2%2Fcomments&post=4127"}],"version-history":[{"count":2,"href":"https:\/\/curva1.com.ar\/index.php?rest_route=\/wp\/v2\/posts\/4127\/revisions"}],"predecessor-version":[{"id":4130,"href":"https:\/\/curva1.com.ar\/index.php?rest_route=\/wp\/v2\/posts\/4127\/revisions\/4130"}],"wp:featuredmedia":[{"embeddable":true,"href":"https:\/\/curva1.com.ar\/index.php?rest_route=\/wp\/v2\/media\/4128"}],"wp:attachment":[{"href":"https:\/\/curva1.com.ar\/index.php?rest_route=%2Fwp%2Fv2%2Fmedia&parent=4127"}],"wp:term":[{"taxonomy":"category","embeddable":true,"href":"https:\/\/curva1.com.ar\/index.php?rest_route=%2Fwp%2Fv2%2Fcategories&post=4127"},{"taxonomy":"post_tag","embeddable":true,"href":"https:\/\/curva1.com.ar\/index.php?rest_route=%2Fwp%2Fv2%2Ftags&post=4127"}],"curies":[{"name":"wp","href":"https:\/\/api.w.org\/{rel}","templated":true}]}}