{"id":41330,"date":"2023-01-31T17:35:42","date_gmt":"2023-01-31T20:35:42","guid":{"rendered":"http:\/\/curva1.com.ar\/?p=41330"},"modified":"2023-01-31T17:41:57","modified_gmt":"2023-01-31T20:41:57","slug":"nico-palau-comienza-la-escalera-de-la-actc-con-un-chevrolet","status":"publish","type":"post","link":"https:\/\/curva1.com.ar\/?p=41330","title":{"rendered":"Nico Palau comienza la escalera de la ACTC con un Chevrolet"},"content":{"rendered":"<p><img loading=\"lazy\" decoding=\"async\" class=\"aligncenter size-full wp-image-41332\" src=\"http:\/\/curva1.com.ar\/wp-content\/uploads\/2023\/01\/cadats.jpg\" alt=\"\" width=\"999\" height=\"562\" srcset=\"https:\/\/curva1.com.ar\/wp-content\/uploads\/2023\/01\/cadats.jpg 999w, https:\/\/curva1.com.ar\/wp-content\/uploads\/2023\/01\/cadats-960x540.jpg 960w, https:\/\/curva1.com.ar\/wp-content\/uploads\/2023\/01\/cadats-300x169.jpg 300w, https:\/\/curva1.com.ar\/wp-content\/uploads\/2023\/01\/cadats-768x432.jpg 768w, https:\/\/curva1.com.ar\/wp-content\/uploads\/2023\/01\/cadats-700x394.jpg 700w\" sizes=\"auto, (max-width: 999px) 100vw, 999px\" \/><\/p>\n<p>El pr\u00f3ximo fin de semana Nicol\u00e1s Palau debutar\u00e1 en las categor\u00edas de ACTC, comenzando a transitar la escalera hacia el Turismo Carretera. Su debut ser\u00e1 en Toay, La Pampa.<\/p>\n<p><strong>&#8220;Les presento el auto con el que voy a estar presente esta temporada a partir de este fin de semana dentro del TC Pista Mouras&#8221;<\/strong> dijo el piloto de San Mart\u00edn, que fue Subcampe\u00f3n 2022 del TC2000 Series.<\/p>\n<p><strong>&#8220;Muy feliz y agradecido con todas las personas que hicieron posible que pueda estar otro a\u00f1o arriba de un auto de carreras a nivel nacional y mi nuevo equipo Azar Motorsport. Vamos por otro gran a\u00f1o de aprendizaje y muchas alegr\u00edas&#8221;<\/strong> expres\u00f3 el mendocino Nico Palau, que usar\u00e1 el n\u00famero 96 en su Chevrolet.<\/p>\n<p><img loading=\"lazy\" decoding=\"async\" class=\"aligncenter size-full wp-image-41333\" src=\"http:\/\/curva1.com.ar\/wp-content\/uploads\/2023\/01\/327537975_3422257508092749_6742080357262691760_n.jpg\" alt=\"\" width=\"1280\" height=\"1280\" srcset=\"https:\/\/curva1.com.ar\/wp-content\/uploads\/2023\/01\/327537975_3422257508092749_6742080357262691760_n.jpg 1280w, https:\/\/curva1.com.ar\/wp-content\/uploads\/2023\/01\/327537975_3422257508092749_6742080357262691760_n-540x540.jpg 540w, https:\/\/curva1.com.ar\/wp-content\/uploads\/2023\/01\/327537975_3422257508092749_6742080357262691760_n-768x768.jpg 768w, https:\/\/curva1.com.ar\/wp-content\/uploads\/2023\/01\/327537975_3422257508092749_6742080357262691760_n-80x80.jpg 80w, https:\/\/curva1.com.ar\/wp-content\/uploads\/2023\/01\/327537975_3422257508092749_6742080357262691760_n-320x320.jpg 320w\" sizes=\"auto, (max-width: 1280px) 100vw, 1280px\" \/> <img loading=\"lazy\" decoding=\"async\" class=\"aligncenter size-full wp-image-41334\" src=\"http:\/\/curva1.com.ar\/wp-content\/uploads\/2023\/01\/327607764_1590234311419639_613371184997441512_n.jpg\" alt=\"\" width=\"1280\" height=\"1280\" srcset=\"https:\/\/curva1.com.ar\/wp-content\/uploads\/2023\/01\/327607764_1590234311419639_613371184997441512_n.jpg 1280w, https:\/\/curva1.com.ar\/wp-content\/uploads\/2023\/01\/327607764_1590234311419639_613371184997441512_n-540x540.jpg 540w, https:\/\/curva1.com.ar\/wp-content\/uploads\/2023\/01\/327607764_1590234311419639_613371184997441512_n-768x768.jpg 768w, https:\/\/curva1.com.ar\/wp-content\/uploads\/2023\/01\/327607764_1590234311419639_613371184997441512_n-80x80.jpg 80w, https:\/\/curva1.com.ar\/wp-content\/uploads\/2023\/01\/327607764_1590234311419639_613371184997441512_n-320x320.jpg 320w\" sizes=\"auto, (max-width: 1280px) 100vw, 1280px\" \/> <img loading=\"lazy\" decoding=\"async\" class=\"aligncenter size-full wp-image-41335\" src=\"http:\/\/curva1.com.ar\/wp-content\/uploads\/2023\/01\/327745921_1235506300733167_2779397747753066901_n.jpg\" alt=\"\" width=\"1280\" height=\"1280\" srcset=\"https:\/\/curva1.com.ar\/wp-content\/uploads\/2023\/01\/327745921_1235506300733167_2779397747753066901_n.jpg 1280w, https:\/\/curva1.com.ar\/wp-content\/uploads\/2023\/01\/327745921_1235506300733167_2779397747753066901_n-540x540.jpg 540w, https:\/\/curva1.com.ar\/wp-content\/uploads\/2023\/01\/327745921_1235506300733167_2779397747753066901_n-768x768.jpg 768w, https:\/\/curva1.com.ar\/wp-content\/uploads\/2023\/01\/327745921_1235506300733167_2779397747753066901_n-80x80.jpg 80w, https:\/\/curva1.com.ar\/wp-content\/uploads\/2023\/01\/327745921_1235506300733167_2779397747753066901_n-320x320.jpg 320w\" sizes=\"auto, (max-width: 1280px) 100vw, 1280px\" \/><\/p>\n","protected":false},"excerpt":{"rendered":"<p>El pr\u00f3ximo fin de semana Nicol\u00e1s Palau debutar\u00e1 en las categor\u00edas de ACTC, comenzando a<\/p>\n","protected":false},"author":1,"featured_media":41336,"comment_status":"closed","ping_status":"closed","sticky":false,"template":"","format":"standard","meta":{"footnotes":""},"categories":[6],"tags":[],"class_list":["post-41330","post","type-post","status-publish","format-standard","has-post-thumbnail","hentry","category-nacionales"],"featured_image_urls":{"full":["https:\/\/curva1.com.ar\/wp-content\/uploads\/2023\/01\/dea.jpg",1280,720,false],"thumbnail":["https:\/\/curva1.com.ar\/wp-content\/uploads\/2023\/01\/dea-300x169.jpg",300,169,true],"medium":["https:\/\/curva1.com.ar\/wp-content\/uploads\/2023\/01\/dea-960x540.jpg",960,540,true],"medium_large":["https:\/\/curva1.com.ar\/wp-content\/uploads\/2023\/01\/dea-768x432.jpg",640,360,true],"large":["https:\/\/curva1.com.ar\/wp-content\/uploads\/2023\/01\/dea-960x540.jpg",640,360,true],"1536x1536":["https:\/\/curva1.com.ar\/wp-content\/uploads\/2023\/01\/dea.jpg",1280,720,false],"2048x2048":["https:\/\/curva1.com.ar\/wp-content\/uploads\/2023\/01\/dea.jpg",1280,720,false],"chromenews-featured":["https:\/\/curva1.com.ar\/wp-content\/uploads\/2023\/01\/dea.jpg",1024,576,false],"chromenews-large":["https:\/\/curva1.com.ar\/wp-content\/uploads\/2023\/01\/dea.jpg",825,464,false],"chromenews-medium":["https:\/\/curva1.com.ar\/wp-content\/uploads\/2023\/01\/dea.jpg",590,332,false]},"author_info":{"display_name":"Jos\u00e9 Bravo","author_link":"https:\/\/curva1.com.ar\/?author=1"},"category_info":"<a href=\"https:\/\/curva1.com.ar\/?cat=6\" rel=\"category\">Nacionales<\/a>","tag_info":"Nacionales","comment_count":"0","yoast_head":"<!-- This site is optimized with the Yoast SEO Premium plugin v14.7 - https:\/\/yoast.com\/wordpress\/plugins\/seo\/ -->\n<title>Nico Palau comienza la escalera de la ACTC con un Chevrolet - Curva 1<\/title>\n<meta name=\"robots\" content=\"index, follow\" \/>\n<meta name=\"googlebot\" content=\"index, follow, max-snippet:-1, max-image-preview:large, max-video-preview:-1\" \/>\n<meta name=\"bingbot\" content=\"index, follow, max-snippet:-1, max-image-preview:large, max-video-preview:-1\" \/>\n<link rel=\"canonical\" href=\"https:\/\/curva1.com.ar\/?p=41330\" \/>\n<meta property=\"og:locale\" content=\"en_US\" \/>\n<meta property=\"og:type\" content=\"article\" \/>\n<meta property=\"og:title\" content=\"Nico Palau comienza la escalera de la ACTC con un Chevrolet - Curva 1\" \/>\n<meta property=\"og:description\" content=\"El pr\u00f3ximo fin de semana Nicol\u00e1s Palau debutar\u00e1 en las categor\u00edas de ACTC, comenzando a\" \/>\n<meta property=\"og:url\" content=\"https:\/\/curva1.com.ar\/?p=41330\" \/>\n<meta property=\"og:site_name\" content=\"Curva 1\" \/>\n<meta property=\"article:publisher\" content=\"https:\/\/www.facebook.com\/revistacurva1\/\" \/>\n<meta property=\"article:published_time\" content=\"2023-01-31T20:35:42+00:00\" \/>\n<meta property=\"article:modified_time\" content=\"2023-01-31T20:41:57+00:00\" \/>\n<meta property=\"og:image\" content=\"https:\/\/curva1.com.ar\/wp-content\/uploads\/2023\/01\/dea.jpg\" \/>\n\t<meta property=\"og:image:width\" content=\"1280\" \/>\n\t<meta property=\"og:image:height\" content=\"720\" \/>\n<meta property=\"fb:app_id\" content=\"1593067817533208\" \/>\n<meta name=\"twitter:card\" content=\"summary_large_image\" \/>\n<meta name=\"twitter:creator\" content=\"@curva1mendoza\" \/>\n<meta name=\"twitter:site\" content=\"@curva1mendoza\" \/>\n<script type=\"application\/ld+json\" class=\"yoast-schema-graph\">{\"@context\":\"https:\/\/schema.org\",\"@graph\":[{\"@type\":\"WebSite\",\"@id\":\"https:\/\/curva1.com.ar\/#website\",\"url\":\"https:\/\/curva1.com.ar\/\",\"name\":\"Curva 1\",\"description\":\"Automovilismo de Mendoza\",\"potentialAction\":[{\"@type\":\"SearchAction\",\"target\":\"https:\/\/curva1.com.ar\/?s={search_term_string}\",\"query-input\":\"required name=search_term_string\"}],\"inLanguage\":\"en-US\"},{\"@type\":\"ImageObject\",\"@id\":\"https:\/\/curva1.com.ar\/?p=41330#primaryimage\",\"inLanguage\":\"en-US\",\"url\":\"https:\/\/curva1.com.ar\/wp-content\/uploads\/2023\/01\/dea.jpg\",\"width\":1280,\"height\":720},{\"@type\":\"WebPage\",\"@id\":\"https:\/\/curva1.com.ar\/?p=41330#webpage\",\"url\":\"https:\/\/curva1.com.ar\/?p=41330\",\"name\":\"Nico Palau comienza la escalera de la ACTC con un Chevrolet - Curva 1\",\"isPartOf\":{\"@id\":\"https:\/\/curva1.com.ar\/#website\"},\"primaryImageOfPage\":{\"@id\":\"https:\/\/curva1.com.ar\/?p=41330#primaryimage\"},\"datePublished\":\"2023-01-31T20:35:42+00:00\",\"dateModified\":\"2023-01-31T20:41:57+00:00\",\"author\":{\"@id\":\"https:\/\/curva1.com.ar\/#\/schema\/person\/f5fd12984d70df7314fbd9ab42f31033\"},\"inLanguage\":\"en-US\",\"potentialAction\":[{\"@type\":\"ReadAction\",\"target\":[\"https:\/\/curva1.com.ar\/?p=41330\"]}]},{\"@type\":[\"Person\"],\"@id\":\"https:\/\/curva1.com.ar\/#\/schema\/person\/f5fd12984d70df7314fbd9ab42f31033\",\"name\":\"Jos\\u00e9 Bravo\",\"image\":{\"@type\":\"ImageObject\",\"@id\":\"https:\/\/curva1.com.ar\/#personlogo\",\"inLanguage\":\"en-US\",\"url\":\"https:\/\/secure.gravatar.com\/avatar\/3ae0b1fdc6ddeb723a6e6c23609ed39de1d40a94b8112fd2c0c2032e2dabf28b?s=96&d=identicon&r=g\",\"caption\":\"Jos\\u00e9 Bravo\"}}]}<\/script>\n<!-- \/ Yoast SEO Premium plugin. -->","_links":{"self":[{"href":"https:\/\/curva1.com.ar\/index.php?rest_route=\/wp\/v2\/posts\/41330","targetHints":{"allow":["GET"]}}],"collection":[{"href":"https:\/\/curva1.com.ar\/index.php?rest_route=\/wp\/v2\/posts"}],"about":[{"href":"https:\/\/curva1.com.ar\/index.php?rest_route=\/wp\/v2\/types\/post"}],"author":[{"embeddable":true,"href":"https:\/\/curva1.com.ar\/index.php?rest_route=\/wp\/v2\/users\/1"}],"replies":[{"embeddable":true,"href":"https:\/\/curva1.com.ar\/index.php?rest_route=%2Fwp%2Fv2%2Fcomments&post=41330"}],"version-history":[{"count":4,"href":"https:\/\/curva1.com.ar\/index.php?rest_route=\/wp\/v2\/posts\/41330\/revisions"}],"predecessor-version":[{"id":41340,"href":"https:\/\/curva1.com.ar\/index.php?rest_route=\/wp\/v2\/posts\/41330\/revisions\/41340"}],"wp:featuredmedia":[{"embeddable":true,"href":"https:\/\/curva1.com.ar\/index.php?rest_route=\/wp\/v2\/media\/41336"}],"wp:attachment":[{"href":"https:\/\/curva1.com.ar\/index.php?rest_route=%2Fwp%2Fv2%2Fmedia&parent=41330"}],"wp:term":[{"taxonomy":"category","embeddable":true,"href":"https:\/\/curva1.com.ar\/index.php?rest_route=%2Fwp%2Fv2%2Fcategories&post=41330"},{"taxonomy":"post_tag","embeddable":true,"href":"https:\/\/curva1.com.ar\/index.php?rest_route=%2Fwp%2Fv2%2Ftags&post=41330"}],"curies":[{"name":"wp","href":"https:\/\/api.w.org\/{rel}","templated":true}]}}