{"id":4139,"date":"2013-02-20T17:11:09","date_gmt":"2013-02-20T20:11:09","guid":{"rendered":"http:\/\/www.curva1.com.ar\/?p=4139"},"modified":"2013-02-20T17:47:07","modified_gmt":"2013-02-20T20:47:07","slug":"luego-del-caso-falaschi-desean-reactivar-el-autodromo-de-balcarce","status":"publish","type":"post","link":"https:\/\/curva1.com.ar\/?p=4139","title":{"rendered":"Luego del caso Falaschi, desean reactivar el aut\u00f3dromo de Balcarce"},"content":{"rendered":"<p><img loading=\"lazy\" decoding=\"async\" class=\"aligncenter size-full wp-image-4140\" alt=\"autodromo-fangio-11\" src=\"http:\/\/www.curva1.com.ar\/wp-content\/uploads\/2013\/02\/autodromo-fangio-11.jpg\" width=\"500\" height=\"281\" srcset=\"https:\/\/curva1.com.ar\/wp-content\/uploads\/2013\/02\/autodromo-fangio-11.jpg 500w, https:\/\/curva1.com.ar\/wp-content\/uploads\/2013\/02\/autodromo-fangio-11-300x169.jpg 300w\" sizes=\"auto, (max-width: 500px) 100vw, 500px\" \/><\/p>\n<p>Durante la semana en que se desarroll\u00f3 la Fiesta del Automovilismo, vecinos de la localidad serrana manifestaron el deseo de que la actividad vuelva al \u201cJuan Manuel Fangio\u201d. \u201cEstamos trabajando\u201d, se\u00f1al\u00f3 el intendente Jos\u00e9 Echeverr\u00eda.<\/p>\n<p>Balcarce quiere volver a tener automovilismo en el &#8220;Juan Manuel Fangio&#8221;, donde el ruido se escuch\u00f3 por \u00faltima vez el fat\u00eddico fin de semana del 13 de noviembre de 2011.<\/p>\n<p>A partir de esa triste jornada, el futuro del &#8220;Juan Manuel Fangio&#8221; es una incertidumbre, aunque desde la localidad serrana el deseo es recuperar la actividad automovil\u00edstica.<\/p>\n<p>Durante la semana en que se desarroll\u00f3 la Fiesta del Automovilismo, los vecinos manifestaron el pedido para que el aut\u00f3dromo local vuelva a recibir a las diferentes categor\u00edas.<\/p>\n<p><strong>&#8220;Estamos trabajando mucho con la Gobernaci\u00f3n, con el secretario de Deportes (Alejandro Rodr\u00edguez), con Cristina \u00c1lvarez Rodr\u00edguez (ministra de Gobierno) y con la ACTC (Asociaci\u00f3n de Corredores de Turismo Carretera)&#8221;<\/strong>, se\u00f1al\u00f3 el intendente Jos\u00e9 Echeverr\u00eda.<\/p>\n<p>El mandatario agreg\u00f3 que <strong>&#8220;ahora queda una etapa en cuanto a obras de seguridad, para darle m\u00e1s seguridad de la que tiene y estamos haciendo las gestiones para enfrentar esto&#8221;.<\/strong><\/p>\n<p>Campeones.<\/p>\n","protected":false},"excerpt":{"rendered":"<p>Durante la semana en que se desarroll\u00f3 la Fiesta del Automovilismo, vecinos de la localidad<\/p>\n","protected":false},"author":1,"featured_media":4140,"comment_status":"open","ping_status":"closed","sticky":false,"template":"","format":"standard","meta":{"footnotes":""},"categories":[6],"tags":[],"class_list":["post-4139","post","type-post","status-publish","format-standard","has-post-thumbnail","hentry","category-nacionales"],"featured_image_urls":{"full":["https:\/\/curva1.com.ar\/wp-content\/uploads\/2013\/02\/autodromo-fangio-11.jpg",500,281,false],"thumbnail":["https:\/\/curva1.com.ar\/wp-content\/uploads\/2013\/02\/autodromo-fangio-11-300x169.jpg",300,169,true],"medium":["https:\/\/curva1.com.ar\/wp-content\/uploads\/2013\/02\/autodromo-fangio-11.jpg",500,281,false],"medium_large":["https:\/\/curva1.com.ar\/wp-content\/uploads\/2013\/02\/autodromo-fangio-11.jpg",500,281,false],"large":["https:\/\/curva1.com.ar\/wp-content\/uploads\/2013\/02\/autodromo-fangio-11.jpg",500,281,false],"1536x1536":["https:\/\/curva1.com.ar\/wp-content\/uploads\/2013\/02\/autodromo-fangio-11.jpg",500,281,false],"2048x2048":["https:\/\/curva1.com.ar\/wp-content\/uploads\/2013\/02\/autodromo-fangio-11.jpg",500,281,false],"chromenews-featured":["https:\/\/curva1.com.ar\/wp-content\/uploads\/2013\/02\/autodromo-fangio-11.jpg",500,281,false],"chromenews-large":["https:\/\/curva1.com.ar\/wp-content\/uploads\/2013\/02\/autodromo-fangio-11.jpg",500,281,false],"chromenews-medium":["https:\/\/curva1.com.ar\/wp-content\/uploads\/2013\/02\/autodromo-fangio-11.jpg",500,281,false]},"author_info":{"display_name":"Jos\u00e9 Bravo","author_link":"https:\/\/curva1.com.ar\/?author=1"},"category_info":"<a href=\"https:\/\/curva1.com.ar\/?cat=6\" rel=\"category\">Nacionales<\/a>","tag_info":"Nacionales","comment_count":"0","_links":{"self":[{"href":"https:\/\/curva1.com.ar\/index.php?rest_route=\/wp\/v2\/posts\/4139","targetHints":{"allow":["GET"]}}],"collection":[{"href":"https:\/\/curva1.com.ar\/index.php?rest_route=\/wp\/v2\/posts"}],"about":[{"href":"https:\/\/curva1.com.ar\/index.php?rest_route=\/wp\/v2\/types\/post"}],"author":[{"embeddable":true,"href":"https:\/\/curva1.com.ar\/index.php?rest_route=\/wp\/v2\/users\/1"}],"replies":[{"embeddable":true,"href":"https:\/\/curva1.com.ar\/index.php?rest_route=%2Fwp%2Fv2%2Fcomments&post=4139"}],"version-history":[{"count":4,"href":"https:\/\/curva1.com.ar\/index.php?rest_route=\/wp\/v2\/posts\/4139\/revisions"}],"predecessor-version":[{"id":4154,"href":"https:\/\/curva1.com.ar\/index.php?rest_route=\/wp\/v2\/posts\/4139\/revisions\/4154"}],"wp:featuredmedia":[{"embeddable":true,"href":"https:\/\/curva1.com.ar\/index.php?rest_route=\/wp\/v2\/media\/4140"}],"wp:attachment":[{"href":"https:\/\/curva1.com.ar\/index.php?rest_route=%2Fwp%2Fv2%2Fmedia&parent=4139"}],"wp:term":[{"taxonomy":"category","embeddable":true,"href":"https:\/\/curva1.com.ar\/index.php?rest_route=%2Fwp%2Fv2%2Fcategories&post=4139"},{"taxonomy":"post_tag","embeddable":true,"href":"https:\/\/curva1.com.ar\/index.php?rest_route=%2Fwp%2Fv2%2Ftags&post=4139"}],"curies":[{"name":"wp","href":"https:\/\/api.w.org\/{rel}","templated":true}]}}