{"id":41390,"date":"2023-02-06T11:45:07","date_gmt":"2023-02-06T14:45:07","guid":{"rendered":"http:\/\/curva1.com.ar\/?p=41390"},"modified":"2023-02-06T11:45:07","modified_gmt":"2023-02-06T14:45:07","slug":"como-fue-el-debut-de-palau-en-el-tc-pista-mouras","status":"publish","type":"post","link":"https:\/\/curva1.com.ar\/?p=41390","title":{"rendered":"\u00bfC\u00f3mo fue el debut de Palau en el TC Pista Mouras?"},"content":{"rendered":"<p><img loading=\"lazy\" decoding=\"async\" class=\"aligncenter size-full wp-image-41391\" src=\"http:\/\/curva1.com.ar\/wp-content\/uploads\/2023\/02\/unnamed-1.jpg\" alt=\"\" width=\"1600\" height=\"1069\" srcset=\"https:\/\/curva1.com.ar\/wp-content\/uploads\/2023\/02\/unnamed-1.jpg 1600w, https:\/\/curva1.com.ar\/wp-content\/uploads\/2023\/02\/unnamed-1-808x540.jpg 808w, https:\/\/curva1.com.ar\/wp-content\/uploads\/2023\/02\/unnamed-1-768x513.jpg 768w, https:\/\/curva1.com.ar\/wp-content\/uploads\/2023\/02\/unnamed-1-1536x1026.jpg 1536w\" sizes=\"auto, (max-width: 1600px) 100vw, 1600px\" \/><\/p>\n<p><span style=\"color: #000000; font-family: Calibri, Helvetica, sans-serif;\">El mendocino\u00a0<\/span><strong>Nicol\u00e1s Palau\u00a0<\/strong><span style=\"color: #000000; font-family: Calibri, Helvetica, sans-serif;\">no tuvo el domingo so\u00f1ado en su debut dentro de las categor\u00edas de\u00a0la\u00a0<\/span><strong>ACTC<\/strong><span style=\"color: #000000; font-family: Calibri, Helvetica, sans-serif;\">, puntualmente en el\u00a0<\/span><strong>TC Pista Mouras<\/strong><span style=\"color: #000000; font-family: Calibri, Helvetica, sans-serif;\">, que este fin de semana cumpli\u00f3 la segunda fecha de su campeonato en el aut\u00f3dromo de\u00a0<\/span><strong>Toay<\/strong><span style=\"color: #000000; font-family: Calibri, Helvetica, sans-serif;\">, en La Pampa.<\/span><\/p>\n<p><span style=\"color: #000000; font-family: Calibri, Helvetica, sans-serif;\">El joven de\u00a0<\/span><strong>San Mart\u00edn<\/strong><span style=\"color: #000000; font-family: Calibri, Helvetica, sans-serif;\">, a bordo de un\u00a0<\/span><strong>Chevrolet\u00a0<\/strong><span style=\"color: #000000; font-family: Calibri, Helvetica, sans-serif;\">del\u00a0<\/span><strong>Azar Motorsport<\/strong><span style=\"color: #000000; font-family: Calibri, Helvetica, sans-serif;\">, hab\u00eda mostrado muy buenos trabajos parciales durante los entrenamientos del viernes y la clasificaci\u00f3n del s\u00e1bado, donde hab\u00eda registrado el cuarto mejor tiempo, teniendo en cuenta que estaba teniendo su primer contacto con un auto de estas caracter\u00edsticas.<\/span><\/p>\n<p><span style=\"color: #000000; font-family: Calibri, Helvetica, sans-serif;\">El domingo, en la segunda serie clasificatoria, parti\u00f3 desde el segundo lugar y lleg\u00f3 a la bandera a cuadros en la misma colocaci\u00f3n, permiti\u00e9ndole largar en la final desde la\u00a0<strong>cuarta colocaci\u00f3n<\/strong>.<\/span><\/p>\n<p><span style=\"color: #000000; font-family: Calibri, Helvetica, sans-serif;\">Y en la competencia final,\u00a0<strong>Palau\u00a0<\/strong>no tuvo una buena largada y perdi\u00f3 varios posiciones en la primera vuelta. Sin embargo, se recuper\u00f3 y comenz\u00f3 a ir para adelante cuando promediaba la prueba, hasta que tuvo un encontronazo con otro rival, incidente que provoc\u00f3 el ingreso del auto de seguridad. Por esta maniobra, el mendocino fue excluido de la competencia, a pesar de que hab\u00eda finalizado la carrera en el 10\u00b0 puesto.<\/span><\/p>\n<p><em><span style=\"color: #000000; font-family: Calibri, Helvetica, sans-serif;\">\u201cNo fue el mejor domingo, sobre todo en la final. Me pegaron en la bajada del tobog\u00e1n de\u00a0atr\u00e1s, y pr\u00e1cticamente me sacaron de carrera. Cuando ven\u00eda remontando, quise esquivar a un rival,\u00a0 lo roz\u00e9 y realiz\u00f3 un trompo.\u00a0Tengo mucha bronca porque a mi me excluyeron de la carrera por ese toque, pero al piloto que me peg\u00f3, solo lo apercibieron<\/span><span style=\"color: #000000; font-family: Calibri, Helvetica, sans-serif;\">\u201d<\/span><\/em><span style=\"color: #000000; font-family: Calibri, Helvetica, sans-serif;\">, afirm\u00f3\u00a0<\/span><em><strong>Nico<\/strong><\/em><span style=\"color: #000000; font-family: Calibri, Helvetica, sans-serif;\">. &#8220;<em>M\u00e1s all\u00e1 de estas incidencias, fue un muy buen fin de semana porque sin tener experiencia sobre estos autos, apenas me sub\u00ed ya giraba en los tiempos de punta&#8221;, a\u00f1adi\u00f3.\u00a0<\/em><\/span><\/p>\n<p><span style=\"color: #000000; font-family: Calibri, Helvetica, sans-serif;\">El pr\u00f3ximo compromiso para\u00a0<strong>Palau\u00a0<\/strong>en el\u00a0<strong>TC Pista Mouras<\/strong>\u00a0ser\u00e1 el 26 de febrero, en circuito a confirmar.<\/span><\/p>\n<p><img loading=\"lazy\" decoding=\"async\" class=\"aligncenter size-full wp-image-41392\" src=\"http:\/\/curva1.com.ar\/wp-content\/uploads\/2023\/02\/unnamed-2.jpg\" alt=\"\" width=\"1600\" height=\"1050\" srcset=\"https:\/\/curva1.com.ar\/wp-content\/uploads\/2023\/02\/unnamed-2.jpg 1600w, https:\/\/curva1.com.ar\/wp-content\/uploads\/2023\/02\/unnamed-2-823x540.jpg 823w, https:\/\/curva1.com.ar\/wp-content\/uploads\/2023\/02\/unnamed-2-768x504.jpg 768w, https:\/\/curva1.com.ar\/wp-content\/uploads\/2023\/02\/unnamed-2-1536x1008.jpg 1536w\" sizes=\"auto, (max-width: 1600px) 100vw, 1600px\" \/> <img loading=\"lazy\" decoding=\"async\" class=\"aligncenter size-full wp-image-41393\" src=\"http:\/\/curva1.com.ar\/wp-content\/uploads\/2023\/02\/unnamed.jpg\" alt=\"\" width=\"1600\" height=\"1051\" srcset=\"https:\/\/curva1.com.ar\/wp-content\/uploads\/2023\/02\/unnamed.jpg 1600w, https:\/\/curva1.com.ar\/wp-content\/uploads\/2023\/02\/unnamed-822x540.jpg 822w, https:\/\/curva1.com.ar\/wp-content\/uploads\/2023\/02\/unnamed-768x504.jpg 768w, https:\/\/curva1.com.ar\/wp-content\/uploads\/2023\/02\/unnamed-1536x1009.jpg 1536w\" sizes=\"auto, (max-width: 1600px) 100vw, 1600px\" \/><\/p>\n","protected":false},"excerpt":{"rendered":"<p>El mendocino\u00a0Nicol\u00e1s Palau\u00a0no tuvo el domingo so\u00f1ado en su debut dentro de las categor\u00edas de\u00a0la\u00a0ACTC,<\/p>\n","protected":false},"author":1,"featured_media":41391,"comment_status":"closed","ping_status":"closed","sticky":false,"template":"","format":"standard","meta":{"footnotes":""},"categories":[6],"tags":[],"class_list":["post-41390","post","type-post","status-publish","format-standard","has-post-thumbnail","hentry","category-nacionales"],"featured_image_urls":{"full":["https:\/\/curva1.com.ar\/wp-content\/uploads\/2023\/02\/unnamed-1.jpg",1600,1069,false],"thumbnail":["https:\/\/curva1.com.ar\/wp-content\/uploads\/2023\/02\/unnamed-1-300x169.jpg",300,169,true],"medium":["https:\/\/curva1.com.ar\/wp-content\/uploads\/2023\/02\/unnamed-1-808x540.jpg",808,540,true],"medium_large":["https:\/\/curva1.com.ar\/wp-content\/uploads\/2023\/02\/unnamed-1-768x513.jpg",640,428,true],"large":["https:\/\/curva1.com.ar\/wp-content\/uploads\/2023\/02\/unnamed-1-808x540.jpg",640,428,true],"1536x1536":["https:\/\/curva1.com.ar\/wp-content\/uploads\/2023\/02\/unnamed-1-1536x1026.jpg",1536,1026,true],"2048x2048":["https:\/\/curva1.com.ar\/wp-content\/uploads\/2023\/02\/unnamed-1.jpg",1600,1069,false],"chromenews-featured":["https:\/\/curva1.com.ar\/wp-content\/uploads\/2023\/02\/unnamed-1.jpg",1024,684,false],"chromenews-large":["https:\/\/curva1.com.ar\/wp-content\/uploads\/2023\/02\/unnamed-1.jpg",825,551,false],"chromenews-medium":["https:\/\/curva1.com.ar\/wp-content\/uploads\/2023\/02\/unnamed-1.jpg",590,394,false]},"author_info":{"display_name":"Jos\u00e9 Bravo","author_link":"https:\/\/curva1.com.ar\/?author=1"},"category_info":"<a href=\"https:\/\/curva1.com.ar\/?cat=6\" rel=\"category\">Nacionales<\/a>","tag_info":"Nacionales","comment_count":"0","yoast_head":"<!-- This site is optimized with the Yoast SEO Premium plugin v14.7 - https:\/\/yoast.com\/wordpress\/plugins\/seo\/ -->\n<title>\u00bfC\u00f3mo fue el debut de Palau en el TC Pista Mouras? - Curva 1<\/title>\n<meta name=\"robots\" content=\"index, follow\" \/>\n<meta name=\"googlebot\" content=\"index, follow, max-snippet:-1, max-image-preview:large, max-video-preview:-1\" \/>\n<meta name=\"bingbot\" content=\"index, follow, max-snippet:-1, max-image-preview:large, max-video-preview:-1\" \/>\n<link rel=\"canonical\" href=\"https:\/\/curva1.com.ar\/?p=41390\" \/>\n<meta property=\"og:locale\" content=\"en_US\" \/>\n<meta property=\"og:type\" content=\"article\" \/>\n<meta property=\"og:title\" content=\"\u00bfC\u00f3mo fue el debut de Palau en el TC Pista Mouras? - Curva 1\" \/>\n<meta property=\"og:description\" content=\"El mendocino\u00a0Nicol\u00e1s Palau\u00a0no tuvo el domingo so\u00f1ado en su debut dentro de las categor\u00edas de\u00a0la\u00a0ACTC,\" \/>\n<meta property=\"og:url\" content=\"https:\/\/curva1.com.ar\/?p=41390\" \/>\n<meta property=\"og:site_name\" content=\"Curva 1\" \/>\n<meta property=\"article:publisher\" content=\"https:\/\/www.facebook.com\/revistacurva1\/\" \/>\n<meta property=\"article:published_time\" content=\"2023-02-06T14:45:07+00:00\" \/>\n<meta property=\"og:image\" content=\"https:\/\/curva1.com.ar\/wp-content\/uploads\/2023\/02\/unnamed-1.jpg\" \/>\n\t<meta property=\"og:image:width\" content=\"1600\" \/>\n\t<meta property=\"og:image:height\" content=\"1069\" \/>\n<meta property=\"fb:app_id\" content=\"1593067817533208\" \/>\n<meta name=\"twitter:card\" content=\"summary_large_image\" \/>\n<meta name=\"twitter:creator\" content=\"@curva1mendoza\" \/>\n<meta name=\"twitter:site\" content=\"@curva1mendoza\" \/>\n<script type=\"application\/ld+json\" class=\"yoast-schema-graph\">{\"@context\":\"https:\/\/schema.org\",\"@graph\":[{\"@type\":\"WebSite\",\"@id\":\"https:\/\/curva1.com.ar\/#website\",\"url\":\"https:\/\/curva1.com.ar\/\",\"name\":\"Curva 1\",\"description\":\"Automovilismo de Mendoza\",\"potentialAction\":[{\"@type\":\"SearchAction\",\"target\":\"https:\/\/curva1.com.ar\/?s={search_term_string}\",\"query-input\":\"required name=search_term_string\"}],\"inLanguage\":\"en-US\"},{\"@type\":\"ImageObject\",\"@id\":\"https:\/\/curva1.com.ar\/?p=41390#primaryimage\",\"inLanguage\":\"en-US\",\"url\":\"https:\/\/curva1.com.ar\/wp-content\/uploads\/2023\/02\/unnamed-1.jpg\",\"width\":1600,\"height\":1069},{\"@type\":\"WebPage\",\"@id\":\"https:\/\/curva1.com.ar\/?p=41390#webpage\",\"url\":\"https:\/\/curva1.com.ar\/?p=41390\",\"name\":\"\\u00bfC\\u00f3mo fue el debut de Palau en el TC Pista Mouras? - Curva 1\",\"isPartOf\":{\"@id\":\"https:\/\/curva1.com.ar\/#website\"},\"primaryImageOfPage\":{\"@id\":\"https:\/\/curva1.com.ar\/?p=41390#primaryimage\"},\"datePublished\":\"2023-02-06T14:45:07+00:00\",\"dateModified\":\"2023-02-06T14:45:07+00:00\",\"author\":{\"@id\":\"https:\/\/curva1.com.ar\/#\/schema\/person\/f5fd12984d70df7314fbd9ab42f31033\"},\"inLanguage\":\"en-US\",\"potentialAction\":[{\"@type\":\"ReadAction\",\"target\":[\"https:\/\/curva1.com.ar\/?p=41390\"]}]},{\"@type\":[\"Person\"],\"@id\":\"https:\/\/curva1.com.ar\/#\/schema\/person\/f5fd12984d70df7314fbd9ab42f31033\",\"name\":\"Jos\\u00e9 Bravo\",\"image\":{\"@type\":\"ImageObject\",\"@id\":\"https:\/\/curva1.com.ar\/#personlogo\",\"inLanguage\":\"en-US\",\"url\":\"https:\/\/secure.gravatar.com\/avatar\/3ae0b1fdc6ddeb723a6e6c23609ed39de1d40a94b8112fd2c0c2032e2dabf28b?s=96&d=identicon&r=g\",\"caption\":\"Jos\\u00e9 Bravo\"}}]}<\/script>\n<!-- \/ Yoast SEO Premium plugin. -->","_links":{"self":[{"href":"https:\/\/curva1.com.ar\/index.php?rest_route=\/wp\/v2\/posts\/41390","targetHints":{"allow":["GET"]}}],"collection":[{"href":"https:\/\/curva1.com.ar\/index.php?rest_route=\/wp\/v2\/posts"}],"about":[{"href":"https:\/\/curva1.com.ar\/index.php?rest_route=\/wp\/v2\/types\/post"}],"author":[{"embeddable":true,"href":"https:\/\/curva1.com.ar\/index.php?rest_route=\/wp\/v2\/users\/1"}],"replies":[{"embeddable":true,"href":"https:\/\/curva1.com.ar\/index.php?rest_route=%2Fwp%2Fv2%2Fcomments&post=41390"}],"version-history":[{"count":1,"href":"https:\/\/curva1.com.ar\/index.php?rest_route=\/wp\/v2\/posts\/41390\/revisions"}],"predecessor-version":[{"id":41394,"href":"https:\/\/curva1.com.ar\/index.php?rest_route=\/wp\/v2\/posts\/41390\/revisions\/41394"}],"wp:featuredmedia":[{"embeddable":true,"href":"https:\/\/curva1.com.ar\/index.php?rest_route=\/wp\/v2\/media\/41391"}],"wp:attachment":[{"href":"https:\/\/curva1.com.ar\/index.php?rest_route=%2Fwp%2Fv2%2Fmedia&parent=41390"}],"wp:term":[{"taxonomy":"category","embeddable":true,"href":"https:\/\/curva1.com.ar\/index.php?rest_route=%2Fwp%2Fv2%2Fcategories&post=41390"},{"taxonomy":"post_tag","embeddable":true,"href":"https:\/\/curva1.com.ar\/index.php?rest_route=%2Fwp%2Fv2%2Ftags&post=41390"}],"curies":[{"name":"wp","href":"https:\/\/api.w.org\/{rel}","templated":true}]}}