{"id":4192,"date":"2013-02-21T17:59:19","date_gmt":"2013-02-21T20:59:19","guid":{"rendered":"http:\/\/www.curva1.com.ar\/?p=4192"},"modified":"2013-02-21T18:05:16","modified_gmt":"2013-02-21T21:05:16","slug":"lautaro-estrada-debuta-en-la-formula-renault-plus-en-marcos-juarez","status":"publish","type":"post","link":"https:\/\/curva1.com.ar\/?p=4192","title":{"rendered":"Lautaro Estrada debuta el domingo en la F\u00f3rmula Renault Plus"},"content":{"rendered":"<p><img loading=\"lazy\" decoding=\"async\" class=\"aligncenter size-full wp-image-4193\" alt=\"282926_10200195541232107_124207972_n\" src=\"http:\/\/www.curva1.com.ar\/wp-content\/uploads\/2013\/02\/282926_10200195541232107_124207972_n.jpg\" width=\"500\" height=\"281\" srcset=\"https:\/\/curva1.com.ar\/wp-content\/uploads\/2013\/02\/282926_10200195541232107_124207972_n.jpg 500w, https:\/\/curva1.com.ar\/wp-content\/uploads\/2013\/02\/282926_10200195541232107_124207972_n-300x169.jpg 300w\" sizes=\"auto, (max-width: 500px) 100vw, 500px\" \/><\/p>\n<p>El fin se semana pr\u00f3ximo, la\u00a0<b><i>F\u00f3rmula Renault Plus<\/i><\/b>\u00a0dar\u00e1 inicio a un nuevo Campeonato. Ser\u00e1 la ciudad de Marcos Ju\u00e1rez el lugar indicado para la fecha apertura, convirti\u00e9ndose as\u00ed al aut\u00f3dromo \u201cJuan Oria\u201d en un cl\u00e1sico de cada inicio de Temporada.<\/p>\n<p>Para esta singular y especial competencia, ya se han inscripto 28 pilotos, entre los cuales habr\u00e1 4 debutantes (Tom\u00e1s Deharbe, Lautaro Estrada, Pedro Boero y Gonzalo Magnante) y 2 retornos (Marcelo Ciarrocchi y Daniel Mari) a la \u201cCantera del Automovilismo\u201d.<\/p>\n<p>El piloto de Godoy Cruz har\u00e1 su debut oficial en los monopostos de la mano del equipo Croizet Racing y tendr\u00e1 como compa\u00f1ero al cordob\u00e9s Marcelo Ciarrochi.<\/p>\n<p>La actividad del fin de semana pr\u00f3ximo, tendr\u00e1 inicio el d\u00eda s\u00e1bado con tres ensayos (11.00 a 11.50hs, 13.00 a 13.50hs y 15.00 a 15.50hs) y la primer clasificaci\u00f3n (17.00 a 17.30hs), complet\u00e1ndose ambas tareas en la ma\u00f1ana dominical (entrenamiento de 9.00 a 9.40hs y clasificaci\u00f3n de 11.00 a 11.30hs) previo a la primera Final anual.<\/p>\n<blockquote><p><span style=\"color: #000080;\">La competencia se pondr\u00e1 en marcha a las 14.00hs con televisaci\u00f3n en vivo por Am\u00e9rica Sports y su website: <\/span><a href=\"http:\/\/www.amsports.com.ar\/\" target=\"_blank\">www.amsports.com.ar<\/a> <span style=\"color: #000080;\">en formato on line.<\/span><\/p><\/blockquote>\n","protected":false},"excerpt":{"rendered":"<p>El fin se semana pr\u00f3ximo, la\u00a0F\u00f3rmula Renault Plus\u00a0dar\u00e1 inicio a un nuevo Campeonato. Ser\u00e1 la<\/p>\n","protected":false},"author":1,"featured_media":4193,"comment_status":"open","ping_status":"closed","sticky":false,"template":"","format":"standard","meta":{"footnotes":""},"categories":[6],"tags":[],"class_list":["post-4192","post","type-post","status-publish","format-standard","has-post-thumbnail","hentry","category-nacionales"],"featured_image_urls":{"full":["https:\/\/curva1.com.ar\/wp-content\/uploads\/2013\/02\/282926_10200195541232107_124207972_n.jpg",500,281,false],"thumbnail":["https:\/\/curva1.com.ar\/wp-content\/uploads\/2013\/02\/282926_10200195541232107_124207972_n-300x169.jpg",300,169,true],"medium":["https:\/\/curva1.com.ar\/wp-content\/uploads\/2013\/02\/282926_10200195541232107_124207972_n.jpg",500,281,false],"medium_large":["https:\/\/curva1.com.ar\/wp-content\/uploads\/2013\/02\/282926_10200195541232107_124207972_n.jpg",500,281,false],"large":["https:\/\/curva1.com.ar\/wp-content\/uploads\/2013\/02\/282926_10200195541232107_124207972_n.jpg",500,281,false],"1536x1536":["https:\/\/curva1.com.ar\/wp-content\/uploads\/2013\/02\/282926_10200195541232107_124207972_n.jpg",500,281,false],"2048x2048":["https:\/\/curva1.com.ar\/wp-content\/uploads\/2013\/02\/282926_10200195541232107_124207972_n.jpg",500,281,false],"chromenews-featured":["https:\/\/curva1.com.ar\/wp-content\/uploads\/2013\/02\/282926_10200195541232107_124207972_n.jpg",500,281,false],"chromenews-large":["https:\/\/curva1.com.ar\/wp-content\/uploads\/2013\/02\/282926_10200195541232107_124207972_n.jpg",500,281,false],"chromenews-medium":["https:\/\/curva1.com.ar\/wp-content\/uploads\/2013\/02\/282926_10200195541232107_124207972_n.jpg",500,281,false]},"author_info":{"display_name":"Jos\u00e9 Bravo","author_link":"https:\/\/curva1.com.ar\/?author=1"},"category_info":"<a href=\"https:\/\/curva1.com.ar\/?cat=6\" rel=\"category\">Nacionales<\/a>","tag_info":"Nacionales","comment_count":"0","_links":{"self":[{"href":"https:\/\/curva1.com.ar\/index.php?rest_route=\/wp\/v2\/posts\/4192","targetHints":{"allow":["GET"]}}],"collection":[{"href":"https:\/\/curva1.com.ar\/index.php?rest_route=\/wp\/v2\/posts"}],"about":[{"href":"https:\/\/curva1.com.ar\/index.php?rest_route=\/wp\/v2\/types\/post"}],"author":[{"embeddable":true,"href":"https:\/\/curva1.com.ar\/index.php?rest_route=\/wp\/v2\/users\/1"}],"replies":[{"embeddable":true,"href":"https:\/\/curva1.com.ar\/index.php?rest_route=%2Fwp%2Fv2%2Fcomments&post=4192"}],"version-history":[{"count":5,"href":"https:\/\/curva1.com.ar\/index.php?rest_route=\/wp\/v2\/posts\/4192\/revisions"}],"predecessor-version":[{"id":4195,"href":"https:\/\/curva1.com.ar\/index.php?rest_route=\/wp\/v2\/posts\/4192\/revisions\/4195"}],"wp:featuredmedia":[{"embeddable":true,"href":"https:\/\/curva1.com.ar\/index.php?rest_route=\/wp\/v2\/media\/4193"}],"wp:attachment":[{"href":"https:\/\/curva1.com.ar\/index.php?rest_route=%2Fwp%2Fv2%2Fmedia&parent=4192"}],"wp:term":[{"taxonomy":"category","embeddable":true,"href":"https:\/\/curva1.com.ar\/index.php?rest_route=%2Fwp%2Fv2%2Fcategories&post=4192"},{"taxonomy":"post_tag","embeddable":true,"href":"https:\/\/curva1.com.ar\/index.php?rest_route=%2Fwp%2Fv2%2Ftags&post=4192"}],"curies":[{"name":"wp","href":"https:\/\/api.w.org\/{rel}","templated":true}]}}