{"id":42061,"date":"2023-04-13T10:07:32","date_gmt":"2023-04-13T13:07:32","guid":{"rendered":"http:\/\/curva1.com.ar\/?p=42061"},"modified":"2023-04-13T10:07:32","modified_gmt":"2023-04-13T13:07:32","slug":"prokart-mendoza-disputo-su-1-fecha-en-general-alvear","status":"publish","type":"post","link":"https:\/\/curva1.com.ar\/?p=42061","title":{"rendered":"Prokart Mendoza disput\u00f3 su 1\u00b0 fecha en General Alvear"},"content":{"rendered":"<figure id=\"attachment_42062\" aria-describedby=\"caption-attachment-42062\" style=\"width: 1280px\" class=\"wp-caption aligncenter\"><img loading=\"lazy\" decoding=\"async\" class=\"size-full wp-image-42062\" src=\"http:\/\/curva1.com.ar\/wp-content\/uploads\/2023\/04\/ADDEE.jpeg\" alt=\"\" width=\"1280\" height=\"720\" srcset=\"https:\/\/curva1.com.ar\/wp-content\/uploads\/2023\/04\/ADDEE.jpeg 1280w, https:\/\/curva1.com.ar\/wp-content\/uploads\/2023\/04\/ADDEE-960x540.jpeg 960w, https:\/\/curva1.com.ar\/wp-content\/uploads\/2023\/04\/ADDEE-300x169.jpeg 300w, https:\/\/curva1.com.ar\/wp-content\/uploads\/2023\/04\/ADDEE-768x432.jpeg 768w, https:\/\/curva1.com.ar\/wp-content\/uploads\/2023\/04\/ADDEE-1024x576.jpeg 1024w, https:\/\/curva1.com.ar\/wp-content\/uploads\/2023\/04\/ADDEE-700x394.jpeg 700w\" sizes=\"auto, (max-width: 1280px) 100vw, 1280px\" \/><figcaption id=\"caption-attachment-42062\" class=\"wp-caption-text\">Fotos gentileza Laura Olgu\u00edn<\/figcaption><\/figure>\n<p>El pasado domingo comenz\u00f3 el campeonato 2023 de Prokart Mendoza, que se realiza en el sur provincial en pistas de tierra.<\/p>\n<p>Esta primera cita tuvo como escenario el Kart\u00f3dromo V\u00edctor Garc\u00eda de General Alvear, donde llegaron pilotos de distintos puntos de la provincia donde resultaron ganadores:<\/p>\n<ul>\n<li>Brahim Lelio \u2013 Escuelita<\/li>\n<li>Lautaro Sabio \u2013 110cc Menores<\/li>\n<li>Valentina L\u00f3pez \u2013 110cc Mayores<\/li>\n<li>Cristian Bibiloni \u2013 Libre<\/li>\n<li>Rogelio Nahim \u2013 Varilleros<\/li>\n<li>Mart\u00edn Gonz\u00e1lez \u2013 Cadeneros<\/li>\n<\/ul>\n<p>La pr\u00f3xima fecha ser\u00e1 nuevamente en Alvear y est\u00e1 programada para el domingo 14 de mayo.<\/p>\n<h3>CATEGOR\u00cdA ESCUELITA<\/h3>\n<p><strong>Serie \u00fanica 4 vueltas:<\/strong><br \/>\n1\u00b0-(14) Brahiam Lelio, San Mart\u00edn<br \/>\n2\u00b0-(25) Juan Cruz Rodr\u00edguez, San Rafael<br \/>\n3\u00b0-(17) Oriana Funes, San Rafael<br \/>\n4\u00b0-(111) Ignacio Rocher (1vta), San Rafael<\/p>\n<p><strong>Final a 6 vueltas:<\/strong><br \/>\n1\u00b0-(14) Brahim Lelio, San Mart\u00edn<br \/>\n2\u00b0-(25) Juan Cruz Rodr\u00edguez, San Rafael<br \/>\n3\u00b0-(17) Oriana Funes, San Rafael<br \/>\n4\u00b0-(111) Ignacio Rocher, San Rafael<\/p>\n<h3>CATEGOR\u00cdA 110 CC MENORES<\/h3>\n<p><strong>Serie a 6 vueltas:<\/strong><br \/>\n1\u00b0-(1) Lautaro Sabio, San Rafael<br \/>\n2\u00b0-(15) Briano Romeo, San Mart\u00edn<br \/>\n3\u00b0-(46) Valentino Cassatta, Tupungato<br \/>\n4\u00b0-(109) Luciano Blanco, Guaymall\u00e9n<br \/>\n5\u00b0-(18) Guillermo Concha (no larg\u00f3), San Rafael<\/p>\n<p><strong>Final a 10 vueltas:<\/strong><br \/>\n1\u00b0-(1) Lautaro Sabio, San Rafael<br \/>\n2\u00b0-(109) Luciano Blanco, Guaymall\u00e9n<br \/>\n3\u00b0-(15) Briano Romeo, San Mart\u00edn<br \/>\n4\u00b0-(18) Guillermo Concha (9 vtas), San Rafael<br \/>\n5\u00b0-(46) Valentin Cassatta (9 vtas), Tupungato<\/p>\n<h3>CATEGOR\u00cdA 110 CC MAYORES<\/h3>\n<p><strong>Serie a 6 vueltas:<\/strong><br \/>\n1\u00b0-(33) Maximiliano G\u00f3mez, San Rafael<br \/>\n2\u00b0-(32) Renzo Occhiuzzi, Gral Alvear<br \/>\n3\u00b0-(15) \u00c1lvaro Carrera, Gral Alvear<br \/>\n4\u00b0-(10) Mat\u00edas Sol, Gral Alvear<br \/>\n5\u00b0-(402) Ezequiel Moreno, San Rafael<br \/>\n6\u00b0-(132) Pablo \u00c1valos, San Rafael<br \/>\n7\u00b0-(3) Valentina L\u00f3pez, San Rafael<br \/>\n8\u00b0-(31) Pablo Eraso, San Rafael<br \/>\n9\u00b0-(98) Bruno Marchetti, San Rafael<br \/>\n10\u00b0-(51) Cristina Barrera (5vtas), San Rafael<br \/>\n11\u00b0-(122) El\u00edas Ojeda (no larg\u00f3), San Rafael<\/p>\n<p><strong>Final a 10 vueltas:<\/strong><br \/>\n1\u00b0-(3) Valentina L\u00f3pez, San Rafael<br \/>\n2\u00b0-(32) Renzo Occhiuzzi, Gral Alvear<br \/>\n3\u00b0-(132) Pablo \u00c1valos, San Rafael<br \/>\n4\u00b0-(122) El\u00edas Ojeda, San Rafael<br \/>\n5\u00b0-(402) Ezequiel Moreno, San Rafael<br \/>\n6\u00b0-(51) Cristina Barrera, San Rafael<br \/>\n7\u00b0-(10) Matias Sol, Gral Alvear<br \/>\n8\u00b0-(33) Maximiliano G\u00f3mez (8vtas) San Rafael<br \/>\n9\u00b0-(98) Bruno Marchetti (3vtas), San Rafael<br \/>\n10\u00b0-(31) Pablo Eraso (sin vtas), San Rafael<br \/>\n11\u00b0-(15) \u00c1lvaro Carrera (sin vtas), Gral Alvear<\/p>\n<h3>CATEGOR\u00cdA LIBRE<\/h3>\n<p><strong>\u2022 Serie a 6 vueltas:<\/strong><br \/>\n1\u00b0-(63) Leandro Cimino, Guaymall\u00e9n<br \/>\n2\u00b0-(75) Cristian Bibiloni, Maip\u00fa<br \/>\n3\u00b0-(123) Enzo Orueta, Gral Alvear<br \/>\n4\u00b0-(200) Gustavo Lelio, San Mart\u00edn<br \/>\n5\u00b0-(121) Marcelo Lelio (no larg\u00f3), San Mart\u00edn<\/p>\n<p><strong>\u2022 Final a 8 vueltas:<\/strong><br \/>\n1\u00b0-(75) Cristian Bibiloni, Maip\u00fa<br \/>\n2\u00b0-(123) Enzo Orueta, Gral Alvear<br \/>\n3\u00b0-(200) Gustavo Lellio, San Mart\u00edn<br \/>\n4\u00b0-(63) Leandro Cimino (sin vtas), Guaymall\u00e9n<br \/>\n5\u00b0-(121) Marcelo Lelio (no larg\u00f3), San Mart\u00edn<\/p>\n<h3>CATEGOR\u00cdA VARILLEROS<\/h3>\n<p><strong>\u2022 Primera Serie a 6 vueltas:<\/strong><br \/>\n1\u00b0-(99)Guido G\u00f3mez, Tupungato<br \/>\n2\u00b0-(40) \u00c1ngel Segura, San Rafael<br \/>\n3\u00b0-(5) Nicol\u00e1s Gauvron, Gral Alvear<br \/>\n4\u00b0-(20) Cristi\u00e1n Moncada<br \/>\n5\u00b0-(123) Franco Quiroga<br \/>\n6\u00b0-(119) Daniel Cotal, Gral Alvear<br \/>\n7\u00b0-(6) Mart\u00edn Gonz\u00e1lez, Gral Alvear<br \/>\n8\u00b0-(49) Juli\u00e1n Barrios (4vtas), San Rafael<br \/>\n9\u00b0-(75) Carlos Marker (3vtas), San Rafael<br \/>\n10\u00b0-(71)Emanuel Maestra (no larg\u00f3), Gral Alvear<\/p>\n<p><strong>\u2022 Segunda serie a 6 vueltas:<\/strong><br \/>\n1\u00b0-(89) Rogelio Nahim, San Carlos<br \/>\n2\u00b0-(115) Nicol\u00e1s Difabio, San Rafael<br \/>\n3\u00b0-(8) Franchesco Piaser, San Rafael<br \/>\n4\u00b0-(77) Bautista Reyes, San Rafael<br \/>\n5\u00b0-(63) Leandro Cimino, Guaymall\u00e9n<br \/>\n6\u00b0-(33) Boris Dubrovsky, Gral Alvear<br \/>\n7\u00b0-(50) Heber San Sebasti\u00e1n, San Mart\u00edn<br \/>\n8\u00b0-(94) Pablo Narvay, San Rafael<br \/>\n9\u00b0-(90) Franco Bonino (5vtas), San Rafael<br \/>\n10\u00b0-(103) Adri\u00e1n G\u00f3mez (sin vtas), San Rafael<\/p>\n<p><strong>\u2022 Final a 10 vueltas:<\/strong><br \/>\n1\u00b0-(89) Rogelio Nahim, San Carlos<br \/>\n2\u00b0-(40) \u00c1ngel Segura, San Rafael<br \/>\n3\u00b0-(115) Nicol\u00e1s Difabio, San Rafael<br \/>\n4\u00b0-(77) Bautista Reyes, San Rafael<br \/>\n5\u00b0-(119) Daniel Cotal, Gral Alvear<br \/>\n6\u00b0-(90) Franco Bonino (9vtas), San Rafael<br \/>\n7\u00b0-(33) Boris Dubrovsky (9vtas), Gral Alvear<br \/>\n8\u00b0-(75) Carlos Marker (9vtas), San Rafael<br \/>\n9\u00b0-(99) Guido G\u00f3mez (8vtas), Tupungato<br \/>\n10\u00b0-(5) Nicol\u00e1s Gauvron (5vtas) Gral Alvear<br \/>\n11\u00b0-(50) Heber San Sebasti\u00e1n (8vtas), San Mart\u00edn<br \/>\n12\u00b0-(94) Pablo Narvay (5vtas), San Rafael<br \/>\n13\u00b0-(123) Franco Quiroga (5vtas), Gral Alvear<br \/>\n14\u00b0-(71) Emanuel Maestra (4vtas), Gral Alvear<br \/>\n15\u00b0-(49) Juli\u00e1n Barrios (3vtas), San Rafael<br \/>\n16\u00b0-(20) Cristi\u00e1n Moncada (2vtas), Gral Alvear<br \/>\n17\u00b0-(8) Francesco Piaser (1vta), San Rafael<br \/>\n18\u00b0-(6) Mart\u00edn Gonz\u00e1lez (1vta), Gral Alvear<br \/>\n19\u00b0-(63) Leandro Cimino (no larg\u00f3), Guaymall\u00e9n<br \/>\n20\u00b0-(103) Adri\u00e1n G\u00f3mez (no larg\u00f3), San Rafael<\/p>\n<h3>CATEGOR\u00cdA CADENEROS<\/h3>\n<p><strong>\u2022 Primera serie a 6 vueltas:<\/strong><br \/>\n1\u00b0-(115) Nicol\u00e1s Difabio, San Rafael<br \/>\n2\u00b0-(43) Lautaro Pastor, Maip\u00fa<br \/>\n3\u00b0-(44) Dami\u00e1n Laff\u00f3n, San Mart\u00edn<br \/>\n4\u00b0-(24) Joaqu\u00edn Torrent, Capital<br \/>\n5\u00b0-(45) Agust\u00edn Torrent, Guaymall\u00e9n<br \/>\n6\u00b0-(9) Gast\u00f3n Belloto, Luj\u00e1n de Cuyo<br \/>\n7\u00b0-(198) Federico Cattai, San Rafael<br \/>\n8\u00b0-(11) Laureano Fern\u00e1ndez (5vtas) Gral Alvear<br \/>\n9\u00b0-(155) Pablo Laff\u00f3n (4vtas), San Mart\u00edn<br \/>\n10\u00b0-(55) Ivo Rodr\u00edguez (2vtas) San Carlos<br \/>\n11\u00b0-(50) Edgardo Giordano (1 vta), San Rafael<br \/>\n12\u00b0-(99) Jos\u00edas Cozarin (1vta), Gral Alvear<\/p>\n<p><strong>\u2022 Segunda serie a 6 vueltas:<\/strong><br \/>\n1\u00b0-(7) \u00c1ngel Segura, San Rafael<br \/>\n2\u00b0-(71) Leonel Amuch, Gral Alvear (+ un puesto de recargo)<br \/>\n3\u00b0-(137) Jes\u00fas Mart\u00ednez, San Rafael<br \/>\n4\u00b0-(15) Emanuel Bianchi, Rivadavia<br \/>\n5\u00b0-(87) Pedro Gonz\u00e1lez, San Rafael (+ un puesto de recargo)<br \/>\n6\u00b0-(23) Renzo Lana, San Rafael<br \/>\n7\u00b0-(29) Bruno Torrecilla, Gral Alvear<br \/>\n8\u00b0-(28) Facundo Nazareno, San Rafael<br \/>\n9\u00b0-(75) Federico Fern\u00e1ndez (6vtas), Gral Alvear<br \/>\n10\u00b0-(114) Dami\u00e1n Paredes (5vtas) Gral Alvear<br \/>\n11\u00b0-(65) Valent\u00edn Parellada (4vtas), San Rafael<br \/>\n12\u00b0-(403) Franco Gonz\u00e1lez (sin vtas), San Rafael<\/p>\n<p>Nota: kart 71 un puesto de recargo por sobre paso con bandera amarilla.<br \/>\nNota: Kart 87 un puesto de recargo por falsa largada<\/p>\n<p><strong>\u2022Tercera serie a 6 vueltas:<\/strong><br \/>\n1\u00b0-(1) Mart\u00edn Gonz\u00e1lez, San Rafael<br \/>\n2\u00b0-(35) Emanuel Maestra, Gral Alvear<br \/>\n3\u00b0-(18) +un puesto de recargo<br \/>\n4\u00b0-(68) Enzo Orueta, Gral Alvear<br \/>\n5\u00b0-(2) Francesco Piaser, San Rafael<br \/>\n6\u00b0-(34) Marcos Roig, Gral Alvear<br \/>\n7\u00b0-(47) Lautaro Mart\u00ednez, San Rafael<br \/>\n8\u00b0-(82) Luciano Olmedo, Guaymall\u00e9n (Apercibimiento)<br \/>\n9\u00b0-(33) Mart\u00edn Olivera, Gral Alvear<br \/>\n10\u00b0-(22) Tiago Carrera, Gral Alvear<br \/>\n11\u00b0-(117) Fernando De Marto<\/p>\n<p>Nota: de cada serie ingresan directamente a la final los seis primeros pilotos.<br \/>\nEl resto al repechaje.<\/p>\n<p><strong>\u2022 Repechaje a 6 vueltas:<\/strong><br \/>\n1\u00b0-(28) Facundo Nazareno, San Rafael<br \/>\n2\u00b0-(155) Pablo Laff\u00f3n, San Mart\u00edn<br \/>\n3\u00b0-(11) Laureano Fern\u00e1ndez, Gral Alvear<br \/>\n4\u00b0-(403) Franco Gonz\u00e1lez, San Rafael<\/p>\n<p>Nota: del repechaje ingresan a la final los cuatro primeros.<\/p>\n<p><strong>\u2022 Final a 10 vueltas:<\/strong><br \/>\n1\u00b0-(1) Mart\u00edn Gonz\u00e1lez, San Rafael<br \/>\n2\u00b0-(115) Nicol\u00e1s Difabio, San Rafael<br \/>\n3\u00b0-(68) Enzo Orueta, Gral Alvear<br \/>\n4\u00b0-(15) Emanuel Bianchi, Rivadavia<br \/>\n5\u00b0-(403) Franco Gonz\u00e1lez, San Rafael<br \/>\n6\u00b0-(18) Jos\u00e9 Malizia, San Rafael<br \/>\n7\u00b0-(87) Pedro Gonz\u00e1lez, San Rafael<br \/>\n8\u00b0-(2) Francesco Piaser, San Rafael<br \/>\n9\u00b0-(71) Leonel Amuch, Gral Alvear<br \/>\n10\u00b0-(9) Gast\u00f3n Belloto, Luj\u00e1n de Cuyo<br \/>\n11\u00b0-(23) Reno Lana, San Rafael<br \/>\n12\u00b0-(7) \u00c1ngel Segura, San Rafael<br \/>\n13\u00b0-(34) Marcos Roig, Gral Alvear<br \/>\n14\u00b0-(45) Agust\u00edn Torrent (9vtas), Guaymall\u00e9n<br \/>\n15\u00b0-(28) Facundo Nazareno (8vtas), San Rafael<br \/>\n16\u00b0-(137) Jes\u00fas Mart\u00ednez (8vtas), San Rafael<br \/>\n17\u00b0-(43) Lautaro Pastor (7vtas)Maip\u00fa<br \/>\n18\u00b0-(35) Emanuel Maestra (3vtas), Gral Alvear<br \/>\n19\u00b0-(44) Dami\u00e1n Laff\u00f3n (3vtas), San Mart\u00edn<br \/>\n20\u00b0-(29) Bruno Torrecilla (2vtas), Gral Alvear<br \/>\n21\u00b0-(11) Laureano Fern\u00e1ndez (sin vtas), Gral Alvear<br \/>\n22\u00b0-(24) Joaqu\u00edn Torrent (sin vtas), Capital<\/p>\n<p>NOTA: Karting N\u00b0 2 apercibimiento, Karting N\u00b0 137 Apercibimiento<\/p>\n<p><img loading=\"lazy\" decoding=\"async\" class=\"aligncenter size-full wp-image-109429\" src=\"http:\/\/curva1kart.com.ar\/noticias\/wp-content\/uploads\/2023\/04\/WhatsApp-Image-2023-04-11-at-21.19.30.jpeg\" sizes=\"auto, (max-width: 1280px) 100vw, 1280px\" srcset=\"http:\/\/curva1kart.com.ar\/noticias\/wp-content\/uploads\/2023\/04\/WhatsApp-Image-2023-04-11-at-21.19.30.jpeg 1280w, http:\/\/curva1kart.com.ar\/noticias\/wp-content\/uploads\/2023\/04\/WhatsApp-Image-2023-04-11-at-21.19.30-600x338.jpeg 600w, http:\/\/curva1kart.com.ar\/noticias\/wp-content\/uploads\/2023\/04\/WhatsApp-Image-2023-04-11-at-21.19.30-1024x576.jpeg 1024w, http:\/\/curva1kart.com.ar\/noticias\/wp-content\/uploads\/2023\/04\/WhatsApp-Image-2023-04-11-at-21.19.30-300x169.jpeg 300w, http:\/\/curva1kart.com.ar\/noticias\/wp-content\/uploads\/2023\/04\/WhatsApp-Image-2023-04-11-at-21.19.30-768x432.jpeg 768w, http:\/\/curva1kart.com.ar\/noticias\/wp-content\/uploads\/2023\/04\/WhatsApp-Image-2023-04-11-at-21.19.30-620x349.jpeg 620w\" alt=\"\" width=\"1280\" height=\"720\" \/><img loading=\"lazy\" decoding=\"async\" class=\"aligncenter size-full wp-image-109431\" src=\"http:\/\/curva1kart.com.ar\/noticias\/wp-content\/uploads\/2023\/04\/WhatsApp-Image-2023-04-11-at-21.19.29-1.jpeg\" sizes=\"auto, (max-width: 1280px) 100vw, 1280px\" srcset=\"http:\/\/curva1kart.com.ar\/noticias\/wp-content\/uploads\/2023\/04\/WhatsApp-Image-2023-04-11-at-21.19.29-1.jpeg 1280w, http:\/\/curva1kart.com.ar\/noticias\/wp-content\/uploads\/2023\/04\/WhatsApp-Image-2023-04-11-at-21.19.29-1-600x338.jpeg 600w, http:\/\/curva1kart.com.ar\/noticias\/wp-content\/uploads\/2023\/04\/WhatsApp-Image-2023-04-11-at-21.19.29-1-1024x576.jpeg 1024w, http:\/\/curva1kart.com.ar\/noticias\/wp-content\/uploads\/2023\/04\/WhatsApp-Image-2023-04-11-at-21.19.29-1-300x169.jpeg 300w, http:\/\/curva1kart.com.ar\/noticias\/wp-content\/uploads\/2023\/04\/WhatsApp-Image-2023-04-11-at-21.19.29-1-768x432.jpeg 768w, http:\/\/curva1kart.com.ar\/noticias\/wp-content\/uploads\/2023\/04\/WhatsApp-Image-2023-04-11-at-21.19.29-1-620x349.jpeg 620w\" alt=\"\" width=\"1280\" height=\"720\" \/><img loading=\"lazy\" decoding=\"async\" class=\"aligncenter size-full wp-image-109432\" src=\"http:\/\/curva1kart.com.ar\/noticias\/wp-content\/uploads\/2023\/04\/WhatsApp-Image-2023-04-11-at-21.19.29.jpeg\" sizes=\"auto, (max-width: 1280px) 100vw, 1280px\" srcset=\"http:\/\/curva1kart.com.ar\/noticias\/wp-content\/uploads\/2023\/04\/WhatsApp-Image-2023-04-11-at-21.19.29.jpeg 1280w, http:\/\/curva1kart.com.ar\/noticias\/wp-content\/uploads\/2023\/04\/WhatsApp-Image-2023-04-11-at-21.19.29-600x338.jpeg 600w, http:\/\/curva1kart.com.ar\/noticias\/wp-content\/uploads\/2023\/04\/WhatsApp-Image-2023-04-11-at-21.19.29-1024x576.jpeg 1024w, http:\/\/curva1kart.com.ar\/noticias\/wp-content\/uploads\/2023\/04\/WhatsApp-Image-2023-04-11-at-21.19.29-300x169.jpeg 300w, http:\/\/curva1kart.com.ar\/noticias\/wp-content\/uploads\/2023\/04\/WhatsApp-Image-2023-04-11-at-21.19.29-768x432.jpeg 768w, http:\/\/curva1kart.com.ar\/noticias\/wp-content\/uploads\/2023\/04\/WhatsApp-Image-2023-04-11-at-21.19.29-620x349.jpeg 620w\" alt=\"\" width=\"1280\" height=\"720\" \/><img loading=\"lazy\" decoding=\"async\" class=\"aligncenter size-full wp-image-109433\" src=\"http:\/\/curva1kart.com.ar\/noticias\/wp-content\/uploads\/2023\/04\/WhatsApp-Image-2023-04-11-at-21.19.28.jpeg\" sizes=\"auto, (max-width: 1280px) 100vw, 1280px\" srcset=\"http:\/\/curva1kart.com.ar\/noticias\/wp-content\/uploads\/2023\/04\/WhatsApp-Image-2023-04-11-at-21.19.28.jpeg 1280w, http:\/\/curva1kart.com.ar\/noticias\/wp-content\/uploads\/2023\/04\/WhatsApp-Image-2023-04-11-at-21.19.28-600x338.jpeg 600w, http:\/\/curva1kart.com.ar\/noticias\/wp-content\/uploads\/2023\/04\/WhatsApp-Image-2023-04-11-at-21.19.28-1024x576.jpeg 1024w, http:\/\/curva1kart.com.ar\/noticias\/wp-content\/uploads\/2023\/04\/WhatsApp-Image-2023-04-11-at-21.19.28-300x169.jpeg 300w, http:\/\/curva1kart.com.ar\/noticias\/wp-content\/uploads\/2023\/04\/WhatsApp-Image-2023-04-11-at-21.19.28-768x432.jpeg 768w, http:\/\/curva1kart.com.ar\/noticias\/wp-content\/uploads\/2023\/04\/WhatsApp-Image-2023-04-11-at-21.19.28-620x349.jpeg 620w\" alt=\"\" width=\"1280\" height=\"720\" \/><img loading=\"lazy\" decoding=\"async\" class=\"aligncenter size-full wp-image-109434\" src=\"http:\/\/curva1kart.com.ar\/noticias\/wp-content\/uploads\/2023\/04\/WhatsApp-Image-2023-04-11-at-21.19.27.jpeg\" sizes=\"auto, (max-width: 1280px) 100vw, 1280px\" srcset=\"http:\/\/curva1kart.com.ar\/noticias\/wp-content\/uploads\/2023\/04\/WhatsApp-Image-2023-04-11-at-21.19.27.jpeg 1280w, http:\/\/curva1kart.com.ar\/noticias\/wp-content\/uploads\/2023\/04\/WhatsApp-Image-2023-04-11-at-21.19.27-600x338.jpeg 600w, http:\/\/curva1kart.com.ar\/noticias\/wp-content\/uploads\/2023\/04\/WhatsApp-Image-2023-04-11-at-21.19.27-1024x576.jpeg 1024w, http:\/\/curva1kart.com.ar\/noticias\/wp-content\/uploads\/2023\/04\/WhatsApp-Image-2023-04-11-at-21.19.27-300x169.jpeg 300w, http:\/\/curva1kart.com.ar\/noticias\/wp-content\/uploads\/2023\/04\/WhatsApp-Image-2023-04-11-at-21.19.27-768x432.jpeg 768w, http:\/\/curva1kart.com.ar\/noticias\/wp-content\/uploads\/2023\/04\/WhatsApp-Image-2023-04-11-at-21.19.27-620x349.jpeg 620w\" alt=\"\" width=\"1280\" height=\"720\" \/><img loading=\"lazy\" decoding=\"async\" class=\"aligncenter size-full wp-image-109435\" src=\"http:\/\/curva1kart.com.ar\/noticias\/wp-content\/uploads\/2023\/04\/WhatsApp-Image-2023-04-11-at-21.19.26.jpeg\" sizes=\"auto, (max-width: 1280px) 100vw, 1280px\" srcset=\"http:\/\/curva1kart.com.ar\/noticias\/wp-content\/uploads\/2023\/04\/WhatsApp-Image-2023-04-11-at-21.19.26.jpeg 1280w, http:\/\/curva1kart.com.ar\/noticias\/wp-content\/uploads\/2023\/04\/WhatsApp-Image-2023-04-11-at-21.19.26-600x338.jpeg 600w, http:\/\/curva1kart.com.ar\/noticias\/wp-content\/uploads\/2023\/04\/WhatsApp-Image-2023-04-11-at-21.19.26-1024x576.jpeg 1024w, http:\/\/curva1kart.com.ar\/noticias\/wp-content\/uploads\/2023\/04\/WhatsApp-Image-2023-04-11-at-21.19.26-300x169.jpeg 300w, http:\/\/curva1kart.com.ar\/noticias\/wp-content\/uploads\/2023\/04\/WhatsApp-Image-2023-04-11-at-21.19.26-768x432.jpeg 768w, http:\/\/curva1kart.com.ar\/noticias\/wp-content\/uploads\/2023\/04\/WhatsApp-Image-2023-04-11-at-21.19.26-620x349.jpeg 620w\" alt=\"\" width=\"1280\" height=\"720\" \/><img loading=\"lazy\" decoding=\"async\" class=\"aligncenter size-full wp-image-109436\" src=\"http:\/\/curva1kart.com.ar\/noticias\/wp-content\/uploads\/2023\/04\/WhatsApp-Image-2023-04-11-at-21.19.25.jpeg\" sizes=\"auto, (max-width: 1280px) 100vw, 1280px\" srcset=\"http:\/\/curva1kart.com.ar\/noticias\/wp-content\/uploads\/2023\/04\/WhatsApp-Image-2023-04-11-at-21.19.25.jpeg 1280w, http:\/\/curva1kart.com.ar\/noticias\/wp-content\/uploads\/2023\/04\/WhatsApp-Image-2023-04-11-at-21.19.25-600x338.jpeg 600w, http:\/\/curva1kart.com.ar\/noticias\/wp-content\/uploads\/2023\/04\/WhatsApp-Image-2023-04-11-at-21.19.25-1024x576.jpeg 1024w, http:\/\/curva1kart.com.ar\/noticias\/wp-content\/uploads\/2023\/04\/WhatsApp-Image-2023-04-11-at-21.19.25-300x169.jpeg 300w, http:\/\/curva1kart.com.ar\/noticias\/wp-content\/uploads\/2023\/04\/WhatsApp-Image-2023-04-11-at-21.19.25-768x432.jpeg 768w, http:\/\/curva1kart.com.ar\/noticias\/wp-content\/uploads\/2023\/04\/WhatsApp-Image-2023-04-11-at-21.19.25-620x349.jpeg 620w\" alt=\"\" width=\"1280\" height=\"720\" \/><img loading=\"lazy\" decoding=\"async\" class=\"aligncenter size-full wp-image-109437\" src=\"http:\/\/curva1kart.com.ar\/noticias\/wp-content\/uploads\/2023\/04\/WhatsApp-Image-2023-04-11-at-21.19.24.jpeg\" sizes=\"auto, (max-width: 1280px) 100vw, 1280px\" srcset=\"http:\/\/curva1kart.com.ar\/noticias\/wp-content\/uploads\/2023\/04\/WhatsApp-Image-2023-04-11-at-21.19.24.jpeg 1280w, http:\/\/curva1kart.com.ar\/noticias\/wp-content\/uploads\/2023\/04\/WhatsApp-Image-2023-04-11-at-21.19.24-600x338.jpeg 600w, http:\/\/curva1kart.com.ar\/noticias\/wp-content\/uploads\/2023\/04\/WhatsApp-Image-2023-04-11-at-21.19.24-1024x576.jpeg 1024w, http:\/\/curva1kart.com.ar\/noticias\/wp-content\/uploads\/2023\/04\/WhatsApp-Image-2023-04-11-at-21.19.24-300x169.jpeg 300w, http:\/\/curva1kart.com.ar\/noticias\/wp-content\/uploads\/2023\/04\/WhatsApp-Image-2023-04-11-at-21.19.24-768x432.jpeg 768w, http:\/\/curva1kart.com.ar\/noticias\/wp-content\/uploads\/2023\/04\/WhatsApp-Image-2023-04-11-at-21.19.24-620x349.jpeg 620w\" alt=\"\" width=\"1280\" height=\"720\" \/><img loading=\"lazy\" decoding=\"async\" class=\"aligncenter size-full wp-image-109438\" src=\"http:\/\/curva1kart.com.ar\/noticias\/wp-content\/uploads\/2023\/04\/WhatsApp-Image-2023-04-11-at-21.19.23-1.jpeg\" sizes=\"auto, (max-width: 1280px) 100vw, 1280px\" srcset=\"http:\/\/curva1kart.com.ar\/noticias\/wp-content\/uploads\/2023\/04\/WhatsApp-Image-2023-04-11-at-21.19.23-1.jpeg 1280w, http:\/\/curva1kart.com.ar\/noticias\/wp-content\/uploads\/2023\/04\/WhatsApp-Image-2023-04-11-at-21.19.23-1-600x338.jpeg 600w, http:\/\/curva1kart.com.ar\/noticias\/wp-content\/uploads\/2023\/04\/WhatsApp-Image-2023-04-11-at-21.19.23-1-1024x576.jpeg 1024w, http:\/\/curva1kart.com.ar\/noticias\/wp-content\/uploads\/2023\/04\/WhatsApp-Image-2023-04-11-at-21.19.23-1-300x169.jpeg 300w, http:\/\/curva1kart.com.ar\/noticias\/wp-content\/uploads\/2023\/04\/WhatsApp-Image-2023-04-11-at-21.19.23-1-768x432.jpeg 768w, http:\/\/curva1kart.com.ar\/noticias\/wp-content\/uploads\/2023\/04\/WhatsApp-Image-2023-04-11-at-21.19.23-1-620x349.jpeg 620w\" alt=\"\" width=\"1280\" height=\"720\" \/><img loading=\"lazy\" decoding=\"async\" class=\"aligncenter size-full wp-image-109439\" src=\"http:\/\/curva1kart.com.ar\/noticias\/wp-content\/uploads\/2023\/04\/WhatsApp-Image-2023-04-11-at-21.19.23-2.jpeg\" sizes=\"auto, (max-width: 1280px) 100vw, 1280px\" srcset=\"http:\/\/curva1kart.com.ar\/noticias\/wp-content\/uploads\/2023\/04\/WhatsApp-Image-2023-04-11-at-21.19.23-2.jpeg 1280w, http:\/\/curva1kart.com.ar\/noticias\/wp-content\/uploads\/2023\/04\/WhatsApp-Image-2023-04-11-at-21.19.23-2-600x338.jpeg 600w, http:\/\/curva1kart.com.ar\/noticias\/wp-content\/uploads\/2023\/04\/WhatsApp-Image-2023-04-11-at-21.19.23-2-1024x576.jpeg 1024w, http:\/\/curva1kart.com.ar\/noticias\/wp-content\/uploads\/2023\/04\/WhatsApp-Image-2023-04-11-at-21.19.23-2-300x169.jpeg 300w, http:\/\/curva1kart.com.ar\/noticias\/wp-content\/uploads\/2023\/04\/WhatsApp-Image-2023-04-11-at-21.19.23-2-768x432.jpeg 768w, http:\/\/curva1kart.com.ar\/noticias\/wp-content\/uploads\/2023\/04\/WhatsApp-Image-2023-04-11-at-21.19.23-2-620x349.jpeg 620w\" alt=\"\" width=\"1280\" height=\"720\" \/><img loading=\"lazy\" decoding=\"async\" class=\"aligncenter size-full wp-image-109440\" src=\"http:\/\/curva1kart.com.ar\/noticias\/wp-content\/uploads\/2023\/04\/WhatsApp-Image-2023-04-11-at-21.19.22-1.jpeg\" sizes=\"auto, (max-width: 1280px) 100vw, 1280px\" srcset=\"http:\/\/curva1kart.com.ar\/noticias\/wp-content\/uploads\/2023\/04\/WhatsApp-Image-2023-04-11-at-21.19.22-1.jpeg 1280w, http:\/\/curva1kart.com.ar\/noticias\/wp-content\/uploads\/2023\/04\/WhatsApp-Image-2023-04-11-at-21.19.22-1-600x338.jpeg 600w, http:\/\/curva1kart.com.ar\/noticias\/wp-content\/uploads\/2023\/04\/WhatsApp-Image-2023-04-11-at-21.19.22-1-1024x576.jpeg 1024w, http:\/\/curva1kart.com.ar\/noticias\/wp-content\/uploads\/2023\/04\/WhatsApp-Image-2023-04-11-at-21.19.22-1-300x169.jpeg 300w, http:\/\/curva1kart.com.ar\/noticias\/wp-content\/uploads\/2023\/04\/WhatsApp-Image-2023-04-11-at-21.19.22-1-768x432.jpeg 768w, http:\/\/curva1kart.com.ar\/noticias\/wp-content\/uploads\/2023\/04\/WhatsApp-Image-2023-04-11-at-21.19.22-1-620x349.jpeg 620w\" alt=\"\" width=\"1280\" height=\"720\" \/><img loading=\"lazy\" decoding=\"async\" class=\"aligncenter size-full wp-image-109441\" src=\"http:\/\/curva1kart.com.ar\/noticias\/wp-content\/uploads\/2023\/04\/WhatsApp-Image-2023-04-11-at-21.19.22.jpeg\" sizes=\"auto, (max-width: 1280px) 100vw, 1280px\" srcset=\"http:\/\/curva1kart.com.ar\/noticias\/wp-content\/uploads\/2023\/04\/WhatsApp-Image-2023-04-11-at-21.19.22.jpeg 1280w, http:\/\/curva1kart.com.ar\/noticias\/wp-content\/uploads\/2023\/04\/WhatsApp-Image-2023-04-11-at-21.19.22-600x338.jpeg 600w, http:\/\/curva1kart.com.ar\/noticias\/wp-content\/uploads\/2023\/04\/WhatsApp-Image-2023-04-11-at-21.19.22-1024x576.jpeg 1024w, http:\/\/curva1kart.com.ar\/noticias\/wp-content\/uploads\/2023\/04\/WhatsApp-Image-2023-04-11-at-21.19.22-300x169.jpeg 300w, http:\/\/curva1kart.com.ar\/noticias\/wp-content\/uploads\/2023\/04\/WhatsApp-Image-2023-04-11-at-21.19.22-768x432.jpeg 768w, http:\/\/curva1kart.com.ar\/noticias\/wp-content\/uploads\/2023\/04\/WhatsApp-Image-2023-04-11-at-21.19.22-620x349.jpeg 620w\" alt=\"\" width=\"1280\" height=\"720\" \/><img loading=\"lazy\" decoding=\"async\" class=\"aligncenter size-full wp-image-109442\" src=\"http:\/\/curva1kart.com.ar\/noticias\/wp-content\/uploads\/2023\/04\/WhatsApp-Image-2023-04-11-at-21.19.21.jpeg\" sizes=\"auto, (max-width: 1280px) 100vw, 1280px\" srcset=\"http:\/\/curva1kart.com.ar\/noticias\/wp-content\/uploads\/2023\/04\/WhatsApp-Image-2023-04-11-at-21.19.21.jpeg 1280w, http:\/\/curva1kart.com.ar\/noticias\/wp-content\/uploads\/2023\/04\/WhatsApp-Image-2023-04-11-at-21.19.21-600x338.jpeg 600w, http:\/\/curva1kart.com.ar\/noticias\/wp-content\/uploads\/2023\/04\/WhatsApp-Image-2023-04-11-at-21.19.21-1024x576.jpeg 1024w, http:\/\/curva1kart.com.ar\/noticias\/wp-content\/uploads\/2023\/04\/WhatsApp-Image-2023-04-11-at-21.19.21-300x169.jpeg 300w, http:\/\/curva1kart.com.ar\/noticias\/wp-content\/uploads\/2023\/04\/WhatsApp-Image-2023-04-11-at-21.19.21-768x432.jpeg 768w, http:\/\/curva1kart.com.ar\/noticias\/wp-content\/uploads\/2023\/04\/WhatsApp-Image-2023-04-11-at-21.19.21-620x349.jpeg 620w\" alt=\"\" width=\"1280\" height=\"720\" \/><img loading=\"lazy\" decoding=\"async\" class=\"aligncenter size-full wp-image-109443\" src=\"http:\/\/curva1kart.com.ar\/noticias\/wp-content\/uploads\/2023\/04\/WhatsApp-Image-2023-04-11-at-21.19.20.jpeg\" sizes=\"auto, (max-width: 1280px) 100vw, 1280px\" srcset=\"http:\/\/curva1kart.com.ar\/noticias\/wp-content\/uploads\/2023\/04\/WhatsApp-Image-2023-04-11-at-21.19.20.jpeg 1280w, http:\/\/curva1kart.com.ar\/noticias\/wp-content\/uploads\/2023\/04\/WhatsApp-Image-2023-04-11-at-21.19.20-600x338.jpeg 600w, http:\/\/curva1kart.com.ar\/noticias\/wp-content\/uploads\/2023\/04\/WhatsApp-Image-2023-04-11-at-21.19.20-1024x576.jpeg 1024w, http:\/\/curva1kart.com.ar\/noticias\/wp-content\/uploads\/2023\/04\/WhatsApp-Image-2023-04-11-at-21.19.20-300x169.jpeg 300w, http:\/\/curva1kart.com.ar\/noticias\/wp-content\/uploads\/2023\/04\/WhatsApp-Image-2023-04-11-at-21.19.20-768x432.jpeg 768w, http:\/\/curva1kart.com.ar\/noticias\/wp-content\/uploads\/2023\/04\/WhatsApp-Image-2023-04-11-at-21.19.20-620x349.jpeg 620w\" alt=\"\" width=\"1280\" height=\"720\" \/><img loading=\"lazy\" decoding=\"async\" class=\"aligncenter size-full wp-image-109444\" src=\"http:\/\/curva1kart.com.ar\/noticias\/wp-content\/uploads\/2023\/04\/WhatsApp-Image-2023-04-11-at-21.19.19.jpeg\" sizes=\"auto, (max-width: 1280px) 100vw, 1280px\" srcset=\"http:\/\/curva1kart.com.ar\/noticias\/wp-content\/uploads\/2023\/04\/WhatsApp-Image-2023-04-11-at-21.19.19.jpeg 1280w, http:\/\/curva1kart.com.ar\/noticias\/wp-content\/uploads\/2023\/04\/WhatsApp-Image-2023-04-11-at-21.19.19-600x338.jpeg 600w, http:\/\/curva1kart.com.ar\/noticias\/wp-content\/uploads\/2023\/04\/WhatsApp-Image-2023-04-11-at-21.19.19-1024x576.jpeg 1024w, http:\/\/curva1kart.com.ar\/noticias\/wp-content\/uploads\/2023\/04\/WhatsApp-Image-2023-04-11-at-21.19.19-300x169.jpeg 300w, http:\/\/curva1kart.com.ar\/noticias\/wp-content\/uploads\/2023\/04\/WhatsApp-Image-2023-04-11-at-21.19.19-768x432.jpeg 768w, http:\/\/curva1kart.com.ar\/noticias\/wp-content\/uploads\/2023\/04\/WhatsApp-Image-2023-04-11-at-21.19.19-620x349.jpeg 620w\" alt=\"\" width=\"1280\" height=\"720\" \/><img loading=\"lazy\" decoding=\"async\" class=\"aligncenter size-full wp-image-109445\" src=\"http:\/\/curva1kart.com.ar\/noticias\/wp-content\/uploads\/2023\/04\/WhatsApp-Image-2023-04-11-at-21.19.18-1.jpeg\" sizes=\"auto, (max-width: 1280px) 100vw, 1280px\" srcset=\"http:\/\/curva1kart.com.ar\/noticias\/wp-content\/uploads\/2023\/04\/WhatsApp-Image-2023-04-11-at-21.19.18-1.jpeg 1280w, http:\/\/curva1kart.com.ar\/noticias\/wp-content\/uploads\/2023\/04\/WhatsApp-Image-2023-04-11-at-21.19.18-1-600x338.jpeg 600w, http:\/\/curva1kart.com.ar\/noticias\/wp-content\/uploads\/2023\/04\/WhatsApp-Image-2023-04-11-at-21.19.18-1-1024x576.jpeg 1024w, http:\/\/curva1kart.com.ar\/noticias\/wp-content\/uploads\/2023\/04\/WhatsApp-Image-2023-04-11-at-21.19.18-1-300x169.jpeg 300w, http:\/\/curva1kart.com.ar\/noticias\/wp-content\/uploads\/2023\/04\/WhatsApp-Image-2023-04-11-at-21.19.18-1-768x432.jpeg 768w, http:\/\/curva1kart.com.ar\/noticias\/wp-content\/uploads\/2023\/04\/WhatsApp-Image-2023-04-11-at-21.19.18-1-620x349.jpeg 620w\" alt=\"\" width=\"1280\" height=\"720\" \/><img loading=\"lazy\" decoding=\"async\" class=\"aligncenter size-full wp-image-109446\" src=\"http:\/\/curva1kart.com.ar\/noticias\/wp-content\/uploads\/2023\/04\/WhatsApp-Image-2023-04-11-at-21.19.18.jpeg\" sizes=\"auto, (max-width: 1280px) 100vw, 1280px\" srcset=\"http:\/\/curva1kart.com.ar\/noticias\/wp-content\/uploads\/2023\/04\/WhatsApp-Image-2023-04-11-at-21.19.18.jpeg 1280w, http:\/\/curva1kart.com.ar\/noticias\/wp-content\/uploads\/2023\/04\/WhatsApp-Image-2023-04-11-at-21.19.18-600x338.jpeg 600w, http:\/\/curva1kart.com.ar\/noticias\/wp-content\/uploads\/2023\/04\/WhatsApp-Image-2023-04-11-at-21.19.18-1024x576.jpeg 1024w, http:\/\/curva1kart.com.ar\/noticias\/wp-content\/uploads\/2023\/04\/WhatsApp-Image-2023-04-11-at-21.19.18-300x169.jpeg 300w, http:\/\/curva1kart.com.ar\/noticias\/wp-content\/uploads\/2023\/04\/WhatsApp-Image-2023-04-11-at-21.19.18-768x432.jpeg 768w, http:\/\/curva1kart.com.ar\/noticias\/wp-content\/uploads\/2023\/04\/WhatsApp-Image-2023-04-11-at-21.19.18-620x349.jpeg 620w\" alt=\"\" width=\"1280\" height=\"720\" \/><img loading=\"lazy\" decoding=\"async\" class=\"aligncenter size-full wp-image-109447\" src=\"http:\/\/curva1kart.com.ar\/noticias\/wp-content\/uploads\/2023\/04\/WhatsApp-Image-2023-04-11-at-21.19.17-1.jpeg\" sizes=\"auto, (max-width: 1280px) 100vw, 1280px\" srcset=\"http:\/\/curva1kart.com.ar\/noticias\/wp-content\/uploads\/2023\/04\/WhatsApp-Image-2023-04-11-at-21.19.17-1.jpeg 1280w, http:\/\/curva1kart.com.ar\/noticias\/wp-content\/uploads\/2023\/04\/WhatsApp-Image-2023-04-11-at-21.19.17-1-600x338.jpeg 600w, http:\/\/curva1kart.com.ar\/noticias\/wp-content\/uploads\/2023\/04\/WhatsApp-Image-2023-04-11-at-21.19.17-1-1024x576.jpeg 1024w, http:\/\/curva1kart.com.ar\/noticias\/wp-content\/uploads\/2023\/04\/WhatsApp-Image-2023-04-11-at-21.19.17-1-300x169.jpeg 300w, http:\/\/curva1kart.com.ar\/noticias\/wp-content\/uploads\/2023\/04\/WhatsApp-Image-2023-04-11-at-21.19.17-1-768x432.jpeg 768w, http:\/\/curva1kart.com.ar\/noticias\/wp-content\/uploads\/2023\/04\/WhatsApp-Image-2023-04-11-at-21.19.17-1-620x349.jpeg 620w\" alt=\"\" width=\"1280\" height=\"720\" \/><img loading=\"lazy\" decoding=\"async\" class=\"aligncenter size-full wp-image-109448\" src=\"http:\/\/curva1kart.com.ar\/noticias\/wp-content\/uploads\/2023\/04\/WhatsApp-Image-2023-04-11-at-21.19.17.jpeg\" sizes=\"auto, (max-width: 1280px) 100vw, 1280px\" srcset=\"http:\/\/curva1kart.com.ar\/noticias\/wp-content\/uploads\/2023\/04\/WhatsApp-Image-2023-04-11-at-21.19.17.jpeg 1280w, http:\/\/curva1kart.com.ar\/noticias\/wp-content\/uploads\/2023\/04\/WhatsApp-Image-2023-04-11-at-21.19.17-600x338.jpeg 600w, http:\/\/curva1kart.com.ar\/noticias\/wp-content\/uploads\/2023\/04\/WhatsApp-Image-2023-04-11-at-21.19.17-1024x576.jpeg 1024w, http:\/\/curva1kart.com.ar\/noticias\/wp-content\/uploads\/2023\/04\/WhatsApp-Image-2023-04-11-at-21.19.17-300x169.jpeg 300w, http:\/\/curva1kart.com.ar\/noticias\/wp-content\/uploads\/2023\/04\/WhatsApp-Image-2023-04-11-at-21.19.17-768x432.jpeg 768w, http:\/\/curva1kart.com.ar\/noticias\/wp-content\/uploads\/2023\/04\/WhatsApp-Image-2023-04-11-at-21.19.17-620x349.jpeg 620w\" alt=\"\" width=\"1280\" height=\"720\" \/><img loading=\"lazy\" decoding=\"async\" class=\"aligncenter size-full wp-image-109449\" src=\"http:\/\/curva1kart.com.ar\/noticias\/wp-content\/uploads\/2023\/04\/WhatsApp-Image-2023-04-11-at-21.19.16.jpeg\" sizes=\"auto, (max-width: 1280px) 100vw, 1280px\" srcset=\"http:\/\/curva1kart.com.ar\/noticias\/wp-content\/uploads\/2023\/04\/WhatsApp-Image-2023-04-11-at-21.19.16.jpeg 1280w, http:\/\/curva1kart.com.ar\/noticias\/wp-content\/uploads\/2023\/04\/WhatsApp-Image-2023-04-11-at-21.19.16-600x338.jpeg 600w, http:\/\/curva1kart.com.ar\/noticias\/wp-content\/uploads\/2023\/04\/WhatsApp-Image-2023-04-11-at-21.19.16-1024x576.jpeg 1024w, http:\/\/curva1kart.com.ar\/noticias\/wp-content\/uploads\/2023\/04\/WhatsApp-Image-2023-04-11-at-21.19.16-300x169.jpeg 300w, http:\/\/curva1kart.com.ar\/noticias\/wp-content\/uploads\/2023\/04\/WhatsApp-Image-2023-04-11-at-21.19.16-768x432.jpeg 768w, http:\/\/curva1kart.com.ar\/noticias\/wp-content\/uploads\/2023\/04\/WhatsApp-Image-2023-04-11-at-21.19.16-620x349.jpeg 620w\" alt=\"\" width=\"1280\" height=\"720\" \/><img loading=\"lazy\" decoding=\"async\" class=\"aligncenter size-full wp-image-109428\" src=\"http:\/\/curva1kart.com.ar\/noticias\/wp-content\/uploads\/2023\/04\/WhatsApp-Image-2023-04-11-at-21.19.31.jpeg\" sizes=\"auto, (max-width: 1280px) 100vw, 1280px\" srcset=\"http:\/\/curva1kart.com.ar\/noticias\/wp-content\/uploads\/2023\/04\/WhatsApp-Image-2023-04-11-at-21.19.31.jpeg 1280w, http:\/\/curva1kart.com.ar\/noticias\/wp-content\/uploads\/2023\/04\/WhatsApp-Image-2023-04-11-at-21.19.31-600x338.jpeg 600w, http:\/\/curva1kart.com.ar\/noticias\/wp-content\/uploads\/2023\/04\/WhatsApp-Image-2023-04-11-at-21.19.31-1024x576.jpeg 1024w, http:\/\/curva1kart.com.ar\/noticias\/wp-content\/uploads\/2023\/04\/WhatsApp-Image-2023-04-11-at-21.19.31-300x169.jpeg 300w, http:\/\/curva1kart.com.ar\/noticias\/wp-content\/uploads\/2023\/04\/WhatsApp-Image-2023-04-11-at-21.19.31-768x432.jpeg 768w, http:\/\/curva1kart.com.ar\/noticias\/wp-content\/uploads\/2023\/04\/WhatsApp-Image-2023-04-11-at-21.19.31-620x349.jpeg 620w\" alt=\"\" width=\"1280\" height=\"720\" \/><\/p>\n","protected":false},"excerpt":{"rendered":"<p>El pasado domingo comenz\u00f3 el campeonato 2023 de Prokart Mendoza, que se realiza en el<\/p>\n","protected":false},"author":1,"featured_media":42062,"comment_status":"closed","ping_status":"closed","sticky":false,"template":"","format":"standard","meta":{"footnotes":""},"categories":[40],"tags":[],"class_list":["post-42061","post","type-post","status-publish","format-standard","has-post-thumbnail","hentry","category-karting-tierra"],"featured_image_urls":{"full":["https:\/\/curva1.com.ar\/wp-content\/uploads\/2023\/04\/ADDEE.jpeg",1280,720,false],"thumbnail":["https:\/\/curva1.com.ar\/wp-content\/uploads\/2023\/04\/ADDEE-300x169.jpeg",300,169,true],"medium":["https:\/\/curva1.com.ar\/wp-content\/uploads\/2023\/04\/ADDEE-960x540.jpeg",960,540,true],"medium_large":["https:\/\/curva1.com.ar\/wp-content\/uploads\/2023\/04\/ADDEE-768x432.jpeg",640,360,true],"large":["https:\/\/curva1.com.ar\/wp-content\/uploads\/2023\/04\/ADDEE-960x540.jpeg",640,360,true],"1536x1536":["https:\/\/curva1.com.ar\/wp-content\/uploads\/2023\/04\/ADDEE.jpeg",1280,720,false],"2048x2048":["https:\/\/curva1.com.ar\/wp-content\/uploads\/2023\/04\/ADDEE.jpeg",1280,720,false],"chromenews-featured":["https:\/\/curva1.com.ar\/wp-content\/uploads\/2023\/04\/ADDEE-1024x576.jpeg",1024,576,true],"chromenews-large":["https:\/\/curva1.com.ar\/wp-content\/uploads\/2023\/04\/ADDEE-825x575.jpeg",825,575,true],"chromenews-medium":["https:\/\/curva1.com.ar\/wp-content\/uploads\/2023\/04\/ADDEE-590x410.jpeg",590,410,true]},"author_info":{"display_name":"Jos\u00e9 Bravo","author_link":"https:\/\/curva1.com.ar\/?author=1"},"category_info":"<a href=\"https:\/\/curva1.com.ar\/?cat=40\" rel=\"category\">Karting Tierra<\/a>","tag_info":"Karting Tierra","comment_count":"0","yoast_head":"<!-- This site is optimized with the Yoast SEO Premium plugin v14.7 - https:\/\/yoast.com\/wordpress\/plugins\/seo\/ -->\n<title>Prokart Mendoza disput\u00f3 su 1\u00b0 fecha en General Alvear - Curva 1<\/title>\n<meta name=\"robots\" content=\"index, follow\" \/>\n<meta name=\"googlebot\" content=\"index, follow, max-snippet:-1, max-image-preview:large, max-video-preview:-1\" \/>\n<meta name=\"bingbot\" content=\"index, follow, max-snippet:-1, max-image-preview:large, max-video-preview:-1\" \/>\n<link rel=\"canonical\" href=\"https:\/\/curva1.com.ar\/?p=42061\" \/>\n<meta property=\"og:locale\" content=\"en_US\" \/>\n<meta property=\"og:type\" content=\"article\" \/>\n<meta property=\"og:title\" content=\"Prokart Mendoza disput\u00f3 su 1\u00b0 fecha en General Alvear - Curva 1\" \/>\n<meta property=\"og:description\" content=\"El pasado domingo comenz\u00f3 el campeonato 2023 de Prokart Mendoza, que se realiza en el\" \/>\n<meta property=\"og:url\" content=\"https:\/\/curva1.com.ar\/?p=42061\" \/>\n<meta property=\"og:site_name\" content=\"Curva 1\" \/>\n<meta property=\"article:publisher\" content=\"https:\/\/www.facebook.com\/revistacurva1\/\" \/>\n<meta property=\"article:published_time\" content=\"2023-04-13T13:07:32+00:00\" \/>\n<meta property=\"og:image\" content=\"https:\/\/curva1.com.ar\/wp-content\/uploads\/2023\/04\/ADDEE.jpeg\" \/>\n\t<meta property=\"og:image:width\" content=\"1280\" \/>\n\t<meta property=\"og:image:height\" content=\"720\" \/>\n<meta property=\"fb:app_id\" content=\"1593067817533208\" \/>\n<meta name=\"twitter:card\" content=\"summary_large_image\" \/>\n<meta name=\"twitter:creator\" content=\"@curva1mendoza\" \/>\n<meta name=\"twitter:site\" content=\"@curva1mendoza\" \/>\n<script type=\"application\/ld+json\" class=\"yoast-schema-graph\">{\"@context\":\"https:\/\/schema.org\",\"@graph\":[{\"@type\":\"WebSite\",\"@id\":\"https:\/\/curva1.com.ar\/#website\",\"url\":\"https:\/\/curva1.com.ar\/\",\"name\":\"Curva 1\",\"description\":\"Automovilismo de Mendoza\",\"potentialAction\":[{\"@type\":\"SearchAction\",\"target\":\"https:\/\/curva1.com.ar\/?s={search_term_string}\",\"query-input\":\"required name=search_term_string\"}],\"inLanguage\":\"en-US\"},{\"@type\":\"ImageObject\",\"@id\":\"https:\/\/curva1.com.ar\/?p=42061#primaryimage\",\"inLanguage\":\"en-US\",\"url\":\"https:\/\/curva1.com.ar\/wp-content\/uploads\/2023\/04\/ADDEE.jpeg\",\"width\":1280,\"height\":720,\"caption\":\"Fotos gentileza Laura Olgu\\u00edn\"},{\"@type\":\"WebPage\",\"@id\":\"https:\/\/curva1.com.ar\/?p=42061#webpage\",\"url\":\"https:\/\/curva1.com.ar\/?p=42061\",\"name\":\"Prokart Mendoza disput\\u00f3 su 1\\u00b0 fecha en General Alvear - Curva 1\",\"isPartOf\":{\"@id\":\"https:\/\/curva1.com.ar\/#website\"},\"primaryImageOfPage\":{\"@id\":\"https:\/\/curva1.com.ar\/?p=42061#primaryimage\"},\"datePublished\":\"2023-04-13T13:07:32+00:00\",\"dateModified\":\"2023-04-13T13:07:32+00:00\",\"author\":{\"@id\":\"https:\/\/curva1.com.ar\/#\/schema\/person\/f5fd12984d70df7314fbd9ab42f31033\"},\"inLanguage\":\"en-US\",\"potentialAction\":[{\"@type\":\"ReadAction\",\"target\":[\"https:\/\/curva1.com.ar\/?p=42061\"]}]},{\"@type\":[\"Person\"],\"@id\":\"https:\/\/curva1.com.ar\/#\/schema\/person\/f5fd12984d70df7314fbd9ab42f31033\",\"name\":\"Jos\\u00e9 Bravo\",\"image\":{\"@type\":\"ImageObject\",\"@id\":\"https:\/\/curva1.com.ar\/#personlogo\",\"inLanguage\":\"en-US\",\"url\":\"https:\/\/secure.gravatar.com\/avatar\/3ae0b1fdc6ddeb723a6e6c23609ed39de1d40a94b8112fd2c0c2032e2dabf28b?s=96&d=identicon&r=g\",\"caption\":\"Jos\\u00e9 Bravo\"}}]}<\/script>\n<!-- \/ Yoast SEO Premium plugin. -->","_links":{"self":[{"href":"https:\/\/curva1.com.ar\/index.php?rest_route=\/wp\/v2\/posts\/42061","targetHints":{"allow":["GET"]}}],"collection":[{"href":"https:\/\/curva1.com.ar\/index.php?rest_route=\/wp\/v2\/posts"}],"about":[{"href":"https:\/\/curva1.com.ar\/index.php?rest_route=\/wp\/v2\/types\/post"}],"author":[{"embeddable":true,"href":"https:\/\/curva1.com.ar\/index.php?rest_route=\/wp\/v2\/users\/1"}],"replies":[{"embeddable":true,"href":"https:\/\/curva1.com.ar\/index.php?rest_route=%2Fwp%2Fv2%2Fcomments&post=42061"}],"version-history":[{"count":1,"href":"https:\/\/curva1.com.ar\/index.php?rest_route=\/wp\/v2\/posts\/42061\/revisions"}],"predecessor-version":[{"id":42063,"href":"https:\/\/curva1.com.ar\/index.php?rest_route=\/wp\/v2\/posts\/42061\/revisions\/42063"}],"wp:featuredmedia":[{"embeddable":true,"href":"https:\/\/curva1.com.ar\/index.php?rest_route=\/wp\/v2\/media\/42062"}],"wp:attachment":[{"href":"https:\/\/curva1.com.ar\/index.php?rest_route=%2Fwp%2Fv2%2Fmedia&parent=42061"}],"wp:term":[{"taxonomy":"category","embeddable":true,"href":"https:\/\/curva1.com.ar\/index.php?rest_route=%2Fwp%2Fv2%2Fcategories&post=42061"},{"taxonomy":"post_tag","embeddable":true,"href":"https:\/\/curva1.com.ar\/index.php?rest_route=%2Fwp%2Fv2%2Ftags&post=42061"}],"curies":[{"name":"wp","href":"https:\/\/api.w.org\/{rel}","templated":true}]}}