{"id":4224,"date":"2013-02-22T17:20:18","date_gmt":"2013-02-22T20:20:18","guid":{"rendered":"http:\/\/www.curva1.com.ar\/?p=4224"},"modified":"2013-02-22T18:11:24","modified_gmt":"2013-02-22T21:11:24","slug":"fabricio-persia-marco-la-pole-provisoria-en-el-inicio-del-top-race-junior","status":"publish","type":"post","link":"https:\/\/curva1.com.ar\/?p=4224","title":{"rendered":"Fabricio Persia con la pole provisoria en el Top Race J\u00fanior"},"content":{"rendered":"<p><img loading=\"lazy\" decoding=\"async\" class=\"size-full wp-image-4225 alignleft\" alt=\"5127c618b1c9d_259x0\" src=\"http:\/\/www.curva1.com.ar\/wp-content\/uploads\/2013\/02\/5127c618b1c9d_259x0.jpg\" width=\"259\" height=\"146\" \/><\/p>\n<p>Fabricio Persia se qued\u00f3 con la pole provisoria en la primera clasificaci\u00f3n de Top Race Junior en Rosario, seguido por sus compa\u00f1eros de equipo, Wilson Borgnino y Pablo Pires.<\/p>\n<p>Se llev\u00f3 a cabo la primera clasificaci\u00f3n de Top Race Junior en Rosario, y las unidades del equipo de M\u00e1rcos v\u00e1zquez dominaron la escena.<\/p>\n<div><\/div>\n<div>Fabricio Persia fue el m\u00e1s r\u00e1pido y se qued\u00f3 con la pole provisoria en el aut\u00f3dromo &#8220;Juan Manuel Fangio&#8221;. El sanjuanino registr\u00f3 un tiempo de 1.07,256 en la primera clasificaci\u00f3n del a\u00f1o donde los autos recorrieron el trazado durante 15 minutos.<\/div>\n<div><\/div>\n<div>Detr\u00e1s se ubic\u00f3 su compa\u00f1ero de equipo Wilson Borgnino a 0,081, sosteniendo lo hecho en el primer entrenamiento. La tercera colocaci\u00f3n qued\u00f3 en manos de Pablo Pires a 0,254. De esta manera las primeras tres posiciones quedaron en manos de los pilotos del SDE Competici\u00f3n, equipo que busca defender el t\u00edtulo obtenido en 2012.<\/div>\n<div><\/div>\n<div>El resto de las posiciones quedaron con Brian Hamze, Lucas Valle, Maximiliano Valle, Alan Castellano, Mart\u00edn Coulleri y Sebasti\u00e1n Gurrieri.<\/div>\n<div><\/div>\n<div>La actividad para la divisional menor de Top race continuar\u00e1 a las 16:20hs con el segundo entrenamiento.Los tiempos completos <strong><a href=\"http:\/\/www.trv6.com.ar\/fecha_resultados.php?id=627&amp;cat=17&amp;act=3\">ac\u00e1<\/a><\/strong>.<\/p>\n<\/div>\n","protected":false},"excerpt":{"rendered":"<p>Fabricio Persia se qued\u00f3 con la pole provisoria en la primera clasificaci\u00f3n de Top Race<\/p>\n","protected":false},"author":1,"featured_media":4225,"comment_status":"open","ping_status":"closed","sticky":false,"template":"","format":"standard","meta":{"footnotes":""},"categories":[6],"tags":[],"class_list":["post-4224","post","type-post","status-publish","format-standard","has-post-thumbnail","hentry","category-nacionales"],"featured_image_urls":{"full":["https:\/\/curva1.com.ar\/wp-content\/uploads\/2013\/02\/5127c618b1c9d_259x0.jpg",259,146,false],"thumbnail":["https:\/\/curva1.com.ar\/wp-content\/uploads\/2013\/02\/5127c618b1c9d_259x0.jpg",259,146,false],"medium":["https:\/\/curva1.com.ar\/wp-content\/uploads\/2013\/02\/5127c618b1c9d_259x0.jpg",259,146,false],"medium_large":["https:\/\/curva1.com.ar\/wp-content\/uploads\/2013\/02\/5127c618b1c9d_259x0.jpg",259,146,false],"large":["https:\/\/curva1.com.ar\/wp-content\/uploads\/2013\/02\/5127c618b1c9d_259x0.jpg",259,146,false],"1536x1536":["https:\/\/curva1.com.ar\/wp-content\/uploads\/2013\/02\/5127c618b1c9d_259x0.jpg",259,146,false],"2048x2048":["https:\/\/curva1.com.ar\/wp-content\/uploads\/2013\/02\/5127c618b1c9d_259x0.jpg",259,146,false],"chromenews-featured":["https:\/\/curva1.com.ar\/wp-content\/uploads\/2013\/02\/5127c618b1c9d_259x0.jpg",259,146,false],"chromenews-large":["https:\/\/curva1.com.ar\/wp-content\/uploads\/2013\/02\/5127c618b1c9d_259x0.jpg",259,146,false],"chromenews-medium":["https:\/\/curva1.com.ar\/wp-content\/uploads\/2013\/02\/5127c618b1c9d_259x0.jpg",259,146,false]},"author_info":{"display_name":"Jos\u00e9 Bravo","author_link":"https:\/\/curva1.com.ar\/?author=1"},"category_info":"<a href=\"https:\/\/curva1.com.ar\/?cat=6\" rel=\"category\">Nacionales<\/a>","tag_info":"Nacionales","comment_count":"0","_links":{"self":[{"href":"https:\/\/curva1.com.ar\/index.php?rest_route=\/wp\/v2\/posts\/4224","targetHints":{"allow":["GET"]}}],"collection":[{"href":"https:\/\/curva1.com.ar\/index.php?rest_route=\/wp\/v2\/posts"}],"about":[{"href":"https:\/\/curva1.com.ar\/index.php?rest_route=\/wp\/v2\/types\/post"}],"author":[{"embeddable":true,"href":"https:\/\/curva1.com.ar\/index.php?rest_route=\/wp\/v2\/users\/1"}],"replies":[{"embeddable":true,"href":"https:\/\/curva1.com.ar\/index.php?rest_route=%2Fwp%2Fv2%2Fcomments&post=4224"}],"version-history":[{"count":5,"href":"https:\/\/curva1.com.ar\/index.php?rest_route=\/wp\/v2\/posts\/4224\/revisions"}],"predecessor-version":[{"id":4235,"href":"https:\/\/curva1.com.ar\/index.php?rest_route=\/wp\/v2\/posts\/4224\/revisions\/4235"}],"wp:featuredmedia":[{"embeddable":true,"href":"https:\/\/curva1.com.ar\/index.php?rest_route=\/wp\/v2\/media\/4225"}],"wp:attachment":[{"href":"https:\/\/curva1.com.ar\/index.php?rest_route=%2Fwp%2Fv2%2Fmedia&parent=4224"}],"wp:term":[{"taxonomy":"category","embeddable":true,"href":"https:\/\/curva1.com.ar\/index.php?rest_route=%2Fwp%2Fv2%2Fcategories&post=4224"},{"taxonomy":"post_tag","embeddable":true,"href":"https:\/\/curva1.com.ar\/index.php?rest_route=%2Fwp%2Fv2%2Ftags&post=4224"}],"curies":[{"name":"wp","href":"https:\/\/api.w.org\/{rel}","templated":true}]}}