{"id":4228,"date":"2013-02-22T17:29:16","date_gmt":"2013-02-22T20:29:16","guid":{"rendered":"http:\/\/www.curva1.com.ar\/?p=4228"},"modified":"2013-02-23T02:22:31","modified_gmt":"2013-02-23T05:22:31","slug":"julian-santero-probo-un-tc2000-en-el-autodromo-cabalen","status":"publish","type":"post","link":"https:\/\/curva1.com.ar\/?p=4228","title":{"rendered":"Juli\u00e1n Santero prob\u00f3 un TC2000 pero no defini\u00f3 su futuro"},"content":{"rendered":"<p><img loading=\"lazy\" decoding=\"async\" class=\"aligncenter size-full wp-image-4230\" alt=\"860861_10200213060521371_476473568_o\" src=\"http:\/\/www.curva1.com.ar\/wp-content\/uploads\/2013\/02\/860861_10200213060521371_476473568_o.jpg\" width=\"500\" height=\"281\" srcset=\"https:\/\/curva1.com.ar\/wp-content\/uploads\/2013\/02\/860861_10200213060521371_476473568_o.jpg 500w, https:\/\/curva1.com.ar\/wp-content\/uploads\/2013\/02\/860861_10200213060521371_476473568_o-300x169.jpg 300w\" sizes=\"auto, (max-width: 500px) 100vw, 500px\" \/><\/p>\n<p>Este el M\u00e9gane que hoy en la tarde prob\u00f3 el mendocino Juli\u00e1n Santero en el aut\u00f3dromo Cabal\u00e9n de la provincia de C\u00f3rdoba.<\/p>\n<p>Juli\u00e1n Santero quiere ser parte de la categor\u00eda TC2000 junto al Vitteli Competici\u00f3n, adem\u00e1s de su ya confirmada participaci\u00f3n de una temporada m\u00e1s en la F\u00f3rmula Renault 2.0.<\/p>\n<p>Luego de la prueba, Santero expres\u00f3 &#8220;Hoy probe el Megane II del Vitelli Competicion, muchas gracias por invitarme !! Aun no les puedo confirmar en que auto voy a correr&#8221;.<\/p>\n<p><img loading=\"lazy\" decoding=\"async\" class=\"aligncenter size-full wp-image-4229\" alt=\"188237_10200213066001508_354742482_n\" src=\"http:\/\/www.curva1.com.ar\/wp-content\/uploads\/2013\/02\/188237_10200213066001508_354742482_n.jpg\" width=\"500\" height=\"281\" srcset=\"https:\/\/curva1.com.ar\/wp-content\/uploads\/2013\/02\/188237_10200213066001508_354742482_n.jpg 500w, https:\/\/curva1.com.ar\/wp-content\/uploads\/2013\/02\/188237_10200213066001508_354742482_n-300x169.jpg 300w\" sizes=\"auto, (max-width: 500px) 100vw, 500px\" \/><\/p>\n","protected":false},"excerpt":{"rendered":"<p>Este el M\u00e9gane que hoy en la tarde prob\u00f3 el mendocino Juli\u00e1n Santero en el<\/p>\n","protected":false},"author":1,"featured_media":4230,"comment_status":"open","ping_status":"closed","sticky":false,"template":"","format":"standard","meta":{"footnotes":""},"categories":[6],"tags":[],"class_list":["post-4228","post","type-post","status-publish","format-standard","has-post-thumbnail","hentry","category-nacionales"],"featured_image_urls":{"full":["https:\/\/curva1.com.ar\/wp-content\/uploads\/2013\/02\/860861_10200213060521371_476473568_o.jpg",500,281,false],"thumbnail":["https:\/\/curva1.com.ar\/wp-content\/uploads\/2013\/02\/860861_10200213060521371_476473568_o-300x169.jpg",300,169,true],"medium":["https:\/\/curva1.com.ar\/wp-content\/uploads\/2013\/02\/860861_10200213060521371_476473568_o.jpg",500,281,false],"medium_large":["https:\/\/curva1.com.ar\/wp-content\/uploads\/2013\/02\/860861_10200213060521371_476473568_o.jpg",500,281,false],"large":["https:\/\/curva1.com.ar\/wp-content\/uploads\/2013\/02\/860861_10200213060521371_476473568_o.jpg",500,281,false],"1536x1536":["https:\/\/curva1.com.ar\/wp-content\/uploads\/2013\/02\/860861_10200213060521371_476473568_o.jpg",500,281,false],"2048x2048":["https:\/\/curva1.com.ar\/wp-content\/uploads\/2013\/02\/860861_10200213060521371_476473568_o.jpg",500,281,false],"chromenews-featured":["https:\/\/curva1.com.ar\/wp-content\/uploads\/2013\/02\/860861_10200213060521371_476473568_o.jpg",500,281,false],"chromenews-large":["https:\/\/curva1.com.ar\/wp-content\/uploads\/2013\/02\/860861_10200213060521371_476473568_o.jpg",500,281,false],"chromenews-medium":["https:\/\/curva1.com.ar\/wp-content\/uploads\/2013\/02\/860861_10200213060521371_476473568_o.jpg",500,281,false]},"author_info":{"display_name":"Jos\u00e9 Bravo","author_link":"https:\/\/curva1.com.ar\/?author=1"},"category_info":"<a href=\"https:\/\/curva1.com.ar\/?cat=6\" rel=\"category\">Nacionales<\/a>","tag_info":"Nacionales","comment_count":"0","_links":{"self":[{"href":"https:\/\/curva1.com.ar\/index.php?rest_route=\/wp\/v2\/posts\/4228","targetHints":{"allow":["GET"]}}],"collection":[{"href":"https:\/\/curva1.com.ar\/index.php?rest_route=\/wp\/v2\/posts"}],"about":[{"href":"https:\/\/curva1.com.ar\/index.php?rest_route=\/wp\/v2\/types\/post"}],"author":[{"embeddable":true,"href":"https:\/\/curva1.com.ar\/index.php?rest_route=\/wp\/v2\/users\/1"}],"replies":[{"embeddable":true,"href":"https:\/\/curva1.com.ar\/index.php?rest_route=%2Fwp%2Fv2%2Fcomments&post=4228"}],"version-history":[{"count":3,"href":"https:\/\/curva1.com.ar\/index.php?rest_route=\/wp\/v2\/posts\/4228\/revisions"}],"predecessor-version":[{"id":4237,"href":"https:\/\/curva1.com.ar\/index.php?rest_route=\/wp\/v2\/posts\/4228\/revisions\/4237"}],"wp:featuredmedia":[{"embeddable":true,"href":"https:\/\/curva1.com.ar\/index.php?rest_route=\/wp\/v2\/media\/4230"}],"wp:attachment":[{"href":"https:\/\/curva1.com.ar\/index.php?rest_route=%2Fwp%2Fv2%2Fmedia&parent=4228"}],"wp:term":[{"taxonomy":"category","embeddable":true,"href":"https:\/\/curva1.com.ar\/index.php?rest_route=%2Fwp%2Fv2%2Fcategories&post=4228"},{"taxonomy":"post_tag","embeddable":true,"href":"https:\/\/curva1.com.ar\/index.php?rest_route=%2Fwp%2Fv2%2Ftags&post=4228"}],"curies":[{"name":"wp","href":"https:\/\/api.w.org\/{rel}","templated":true}]}}