{"id":42291,"date":"2023-05-11T14:39:22","date_gmt":"2023-05-11T17:39:22","guid":{"rendered":"http:\/\/curva1.com.ar\/?p=42291"},"modified":"2023-05-11T14:41:47","modified_gmt":"2023-05-11T17:41:47","slug":"video-transmision-fecha-2-del-karting-mendocino","status":"publish","type":"post","link":"https:\/\/curva1.com.ar\/?p=42291","title":{"rendered":"Transmisi\u00f3n de la fecha 2 del Karting Mendocino"},"content":{"rendered":"<p><img loading=\"lazy\" decoding=\"async\" class=\"aligncenter size-full wp-image-42292\" src=\"http:\/\/curva1.com.ar\/wp-content\/uploads\/2023\/05\/ssssww.jpg\" alt=\"\" width=\"1000\" height=\"563\" srcset=\"https:\/\/curva1.com.ar\/wp-content\/uploads\/2023\/05\/ssssww.jpg 1000w, https:\/\/curva1.com.ar\/wp-content\/uploads\/2023\/05\/ssssww-960x540.jpg 960w, https:\/\/curva1.com.ar\/wp-content\/uploads\/2023\/05\/ssssww-300x169.jpg 300w, https:\/\/curva1.com.ar\/wp-content\/uploads\/2023\/05\/ssssww-768x432.jpg 768w, https:\/\/curva1.com.ar\/wp-content\/uploads\/2023\/05\/ssssww-700x394.jpg 700w\" sizes=\"auto, (max-width: 1000px) 100vw, 1000px\" \/><\/p>\n<p>Revive todo lo que ocurri\u00f3 en la 2\u00ba fecha del Karting Mendocino de asfalto, que se llev\u00f3 a cabo en el circuito 5 horario del Kart\u00f3dromo de San Mart\u00edn donde ganaron:<\/p>\n<ul>\n<li>Brian Lelio &#8211; Infantil<\/li>\n<li>Luciano Blanco &#8211; Promocional 110<\/li>\n<li>Juani Pereira &#8211; Promocional IAME 60<\/li>\n<li>Lautaro Campione &#8211; 125cc Junior<\/li>\n<li>Uma Secchi &#8211; 125cc Senior<\/li>\n<li>Mateo Derimais &#8211; Guerrero 150<\/li>\n<li>Maxi Telo &#8211; Super 4 Tiempos<\/li>\n<\/ul>\n<hr \/>\n<p style=\"text-align: center;\"><iframe loading=\"lazy\" title=\"YouTube video player\" src=\"https:\/\/www.youtube.com\/embed\/qzIa_BzQsxY\" width=\"560\" height=\"315\" frameborder=\"0\" allowfullscreen=\"allowfullscreen\"><\/iframe><\/p>\n<hr \/>\n<p style=\"text-align: center;\">\n","protected":false},"excerpt":{"rendered":"<p>Revive todo lo que ocurri\u00f3 en la 2\u00ba fecha del Karting Mendocino de asfalto, que<\/p>\n","protected":false},"author":1,"featured_media":42292,"comment_status":"closed","ping_status":"closed","sticky":false,"template":"","format":"video","meta":{"footnotes":""},"categories":[4,46],"tags":[],"class_list":["post-42291","post","type-post","status-publish","format-video","has-post-thumbnail","hentry","category-karting","category-videos","post_format-post-format-video"],"featured_image_urls":{"full":["https:\/\/curva1.com.ar\/wp-content\/uploads\/2023\/05\/ssssww.jpg",1000,563,false],"thumbnail":["https:\/\/curva1.com.ar\/wp-content\/uploads\/2023\/05\/ssssww-300x169.jpg",300,169,true],"medium":["https:\/\/curva1.com.ar\/wp-content\/uploads\/2023\/05\/ssssww-960x540.jpg",960,540,true],"medium_large":["https:\/\/curva1.com.ar\/wp-content\/uploads\/2023\/05\/ssssww-768x432.jpg",640,360,true],"large":["https:\/\/curva1.com.ar\/wp-content\/uploads\/2023\/05\/ssssww-960x540.jpg",640,360,true],"1536x1536":["https:\/\/curva1.com.ar\/wp-content\/uploads\/2023\/05\/ssssww.jpg",1000,563,false],"2048x2048":["https:\/\/curva1.com.ar\/wp-content\/uploads\/2023\/05\/ssssww.jpg",1000,563,false],"chromenews-featured":["https:\/\/curva1.com.ar\/wp-content\/uploads\/2023\/05\/ssssww.jpg",1000,563,false],"chromenews-large":["https:\/\/curva1.com.ar\/wp-content\/uploads\/2023\/05\/ssssww-825x563.jpg",825,563,true],"chromenews-medium":["https:\/\/curva1.com.ar\/wp-content\/uploads\/2023\/05\/ssssww-590x410.jpg",590,410,true]},"author_info":{"display_name":"Jos\u00e9 Bravo","author_link":"https:\/\/curva1.com.ar\/?author=1"},"category_info":"<a href=\"https:\/\/curva1.com.ar\/?cat=4\" rel=\"category\">Karting Asfalto<\/a> <a href=\"https:\/\/curva1.com.ar\/?cat=46\" rel=\"category\">VIDEOS<\/a>","tag_info":"VIDEOS","comment_count":"0","yoast_head":"<!-- This site is optimized with the Yoast SEO Premium plugin v14.7 - https:\/\/yoast.com\/wordpress\/plugins\/seo\/ -->\n<title>Transmisi\u00f3n de la fecha 2 del Karting Mendocino - Curva 1<\/title>\n<meta name=\"robots\" content=\"index, follow\" \/>\n<meta name=\"googlebot\" content=\"index, follow, max-snippet:-1, max-image-preview:large, max-video-preview:-1\" \/>\n<meta name=\"bingbot\" content=\"index, follow, max-snippet:-1, max-image-preview:large, max-video-preview:-1\" \/>\n<link rel=\"canonical\" href=\"https:\/\/curva1.com.ar\/?p=42291\" \/>\n<meta property=\"og:locale\" content=\"en_US\" \/>\n<meta property=\"og:type\" content=\"article\" \/>\n<meta property=\"og:title\" content=\"Transmisi\u00f3n de la fecha 2 del Karting Mendocino - Curva 1\" \/>\n<meta property=\"og:description\" content=\"Revive todo lo que ocurri\u00f3 en la 2\u00ba fecha del Karting Mendocino de asfalto, que\" \/>\n<meta property=\"og:url\" content=\"https:\/\/curva1.com.ar\/?p=42291\" \/>\n<meta property=\"og:site_name\" content=\"Curva 1\" \/>\n<meta property=\"article:publisher\" content=\"https:\/\/www.facebook.com\/revistacurva1\/\" \/>\n<meta property=\"article:published_time\" content=\"2023-05-11T17:39:22+00:00\" \/>\n<meta property=\"article:modified_time\" content=\"2023-05-11T17:41:47+00:00\" \/>\n<meta property=\"og:image\" content=\"https:\/\/curva1.com.ar\/wp-content\/uploads\/2023\/05\/ssssww.jpg\" \/>\n\t<meta property=\"og:image:width\" content=\"1000\" \/>\n\t<meta property=\"og:image:height\" content=\"563\" \/>\n<meta property=\"fb:app_id\" content=\"1593067817533208\" \/>\n<meta name=\"twitter:card\" content=\"summary_large_image\" \/>\n<meta name=\"twitter:creator\" content=\"@curva1mendoza\" \/>\n<meta name=\"twitter:site\" content=\"@curva1mendoza\" \/>\n<script type=\"application\/ld+json\" class=\"yoast-schema-graph\">{\"@context\":\"https:\/\/schema.org\",\"@graph\":[{\"@type\":\"WebSite\",\"@id\":\"https:\/\/curva1.com.ar\/#website\",\"url\":\"https:\/\/curva1.com.ar\/\",\"name\":\"Curva 1\",\"description\":\"Automovilismo de Mendoza\",\"potentialAction\":[{\"@type\":\"SearchAction\",\"target\":\"https:\/\/curva1.com.ar\/?s={search_term_string}\",\"query-input\":\"required name=search_term_string\"}],\"inLanguage\":\"en-US\"},{\"@type\":\"ImageObject\",\"@id\":\"https:\/\/curva1.com.ar\/?p=42291#primaryimage\",\"inLanguage\":\"en-US\",\"url\":\"https:\/\/curva1.com.ar\/wp-content\/uploads\/2023\/05\/ssssww.jpg\",\"width\":1000,\"height\":563},{\"@type\":\"WebPage\",\"@id\":\"https:\/\/curva1.com.ar\/?p=42291#webpage\",\"url\":\"https:\/\/curva1.com.ar\/?p=42291\",\"name\":\"Transmisi\\u00f3n de la fecha 2 del Karting Mendocino - Curva 1\",\"isPartOf\":{\"@id\":\"https:\/\/curva1.com.ar\/#website\"},\"primaryImageOfPage\":{\"@id\":\"https:\/\/curva1.com.ar\/?p=42291#primaryimage\"},\"datePublished\":\"2023-05-11T17:39:22+00:00\",\"dateModified\":\"2023-05-11T17:41:47+00:00\",\"author\":{\"@id\":\"https:\/\/curva1.com.ar\/#\/schema\/person\/f5fd12984d70df7314fbd9ab42f31033\"},\"inLanguage\":\"en-US\",\"potentialAction\":[{\"@type\":\"ReadAction\",\"target\":[\"https:\/\/curva1.com.ar\/?p=42291\"]}]},{\"@type\":[\"Person\"],\"@id\":\"https:\/\/curva1.com.ar\/#\/schema\/person\/f5fd12984d70df7314fbd9ab42f31033\",\"name\":\"Jos\\u00e9 Bravo\",\"image\":{\"@type\":\"ImageObject\",\"@id\":\"https:\/\/curva1.com.ar\/#personlogo\",\"inLanguage\":\"en-US\",\"url\":\"https:\/\/secure.gravatar.com\/avatar\/3ae0b1fdc6ddeb723a6e6c23609ed39de1d40a94b8112fd2c0c2032e2dabf28b?s=96&d=identicon&r=g\",\"caption\":\"Jos\\u00e9 Bravo\"}}]}<\/script>\n<!-- \/ Yoast SEO Premium plugin. -->","_links":{"self":[{"href":"https:\/\/curva1.com.ar\/index.php?rest_route=\/wp\/v2\/posts\/42291","targetHints":{"allow":["GET"]}}],"collection":[{"href":"https:\/\/curva1.com.ar\/index.php?rest_route=\/wp\/v2\/posts"}],"about":[{"href":"https:\/\/curva1.com.ar\/index.php?rest_route=\/wp\/v2\/types\/post"}],"author":[{"embeddable":true,"href":"https:\/\/curva1.com.ar\/index.php?rest_route=\/wp\/v2\/users\/1"}],"replies":[{"embeddable":true,"href":"https:\/\/curva1.com.ar\/index.php?rest_route=%2Fwp%2Fv2%2Fcomments&post=42291"}],"version-history":[{"count":2,"href":"https:\/\/curva1.com.ar\/index.php?rest_route=\/wp\/v2\/posts\/42291\/revisions"}],"predecessor-version":[{"id":42294,"href":"https:\/\/curva1.com.ar\/index.php?rest_route=\/wp\/v2\/posts\/42291\/revisions\/42294"}],"wp:featuredmedia":[{"embeddable":true,"href":"https:\/\/curva1.com.ar\/index.php?rest_route=\/wp\/v2\/media\/42292"}],"wp:attachment":[{"href":"https:\/\/curva1.com.ar\/index.php?rest_route=%2Fwp%2Fv2%2Fmedia&parent=42291"}],"wp:term":[{"taxonomy":"category","embeddable":true,"href":"https:\/\/curva1.com.ar\/index.php?rest_route=%2Fwp%2Fv2%2Fcategories&post=42291"},{"taxonomy":"post_tag","embeddable":true,"href":"https:\/\/curva1.com.ar\/index.php?rest_route=%2Fwp%2Fv2%2Ftags&post=42291"}],"curies":[{"name":"wp","href":"https:\/\/api.w.org\/{rel}","templated":true}]}}